{"id":10013,"date":"2025-07-25T20:09:43","date_gmt":"2025-07-25T18:09:43","guid":{"rendered":"https:\/\/cafeprensa.com.ar\/?p=10013"},"modified":"2025-07-25T20:09:52","modified_gmt":"2025-07-25T18:09:52","slug":"milagros-la-nena-con-una-sola-pierna-que-patina-fue-a-la-tv-y-recaudo-75-millones","status":"publish","type":"post","link":"https:\/\/cafeprensa.com.ar\/index.php\/2025\/07\/25\/milagros-la-nena-con-una-sola-pierna-que-patina-fue-a-la-tv-y-recaudo-75-millones\/","title":{"rendered":"Milagros, la nena con una sola pierna que patina, fue a la TV y recaud\u00f3 $75 millones"},"content":{"rendered":"<div class=\"content-article-title\">\n<div class=\"wrapper-layout center-content center_story max-width\">\n<div class=\"col-content\">\n<p class=\"article__title font__display\"><strong>Qu\u00e9 har\u00e1 con la plata. <\/strong><strong>La joven de 12 a\u00f1os se present\u00f3 en el programa de Guido Kaczka y gener\u00f3 furor.<\/strong><\/p>\n<\/div>\n<\/div>\n<\/div>\n<div class=\"common-layout wrapper-layout center-content center_story max-width story article\">\n<div class=\"col-content\">\n<div class=\"default-article-color article__body article__article\">\n<p class=\"paragraph font__body-regular\"><b>Milagros, la nena de 12 a\u00f1os\u00a0<\/b><b>que tiene una sola pierna<\/b>\u00a0y deslumbra con el patinaje art\u00edstico, se present\u00f3 en en<i>\u00a0<\/i><i>Buenas noches Familia<\/i><i>\u00a0(eltrece)\u00a0<\/i>y demostr\u00f3 su gran talento. Durante su aparici\u00f3n en el programa la joven de Chivilcoy cont\u00f3 que viajaba<b>\u00a0tres veces por semana a Mercedes, por lo que recorr\u00eda 120 kil\u00f3metros para patinar.<img loading=\"lazy\" decoding=\"async\" class=\"alignnone wp-image-10014 size-full\" src=\"https:\/\/cafeprensa.com.ar\/wp-content\/uploads\/2025\/07\/milagros-trejo-los-ii-juegos-sudamericanos-ruedas.webp\" alt=\"\" width=\"790\" height=\"527\" srcset=\"https:\/\/cafeprensa.com.ar\/wp-content\/uploads\/2025\/07\/milagros-trejo-los-ii-juegos-sudamericanos-ruedas.webp 790w, https:\/\/cafeprensa.com.ar\/wp-content\/uploads\/2025\/07\/milagros-trejo-los-ii-juegos-sudamericanos-ruedas-300x200.webp 300w, https:\/\/cafeprensa.com.ar\/wp-content\/uploads\/2025\/07\/milagros-trejo-los-ii-juegos-sudamericanos-ruedas-768x512.webp 768w\" sizes=\"auto, (max-width: 790px) 100vw, 790px\" \/><\/b><\/p>\n<p class=\"paragraph font__body-regular\"><b>\u201cSe va el lunes, mi\u00e9rcoles y viernes a las 6 de la tarde y vuelve a las 10 de la noche<\/b>. Y, al otro d\u00eda, se levanta a las 6 para ir a la escuela\u201d, coment\u00f3 Mar\u00eda, la mam\u00e1 de la nena.<\/p>\n<p class=\"paragraph font__body-regular\">Al aire de TN, Milagros y Mar\u00eda se mostraron muy sorprendidas luego de recaudar <strong>$75 millones<\/strong> tras su paso por la televisi\u00f3n. \u201cTodav\u00eda no caemos en la dimensi\u00f3n que tuvo todo esto.\u00a0<b>No esper\u00e1bamos tantas cosas. Nos super\u00f3<\/b>\u201d, asegur\u00f3 la madre.<\/p>\n<figure class=\"\" data-testid=\"figure-testid\">\n<div class=\"aspect_ratio__container\"><picture class=\"responsive-image\"><source srcset=\"https:\/\/tn.com.ar\/resizer\/v2\/milagros-en-la-competencia-de-patin-artistico-adaptado-que-se-realizo-en-brasil-foto-gentileza-L3OLMYI6GNFBTE5FQQ2LTTWR2I.jpg?auth=76633d94a81b38b97db0071b363882d5a73195c51c38f3bf39874807f4184576&amp;width=767\" type=\"image\/jpg\" media=\"(max-width: 728px)\" \/><source srcset=\"https:\/\/tn.com.ar\/resizer\/v2\/milagros-en-la-competencia-de-patin-artistico-adaptado-que-se-realizo-en-brasil-foto-gentileza-L3OLMYI6GNFBTE5FQQ2LTTWR2I.jpg?auth=76633d94a81b38b97db0071b363882d5a73195c51c38f3bf39874807f4184576&amp;width=1023\" type=\"image\/jpg\" media=\"(max-width: 1023px)\" \/><source srcset=\"https:\/\/tn.com.ar\/resizer\/v2\/milagros-en-la-competencia-de-patin-artistico-adaptado-que-se-realizo-en-brasil-foto-gentileza-L3OLMYI6GNFBTE5FQQ2LTTWR2I.jpg?auth=76633d94a81b38b97db0071b363882d5a73195c51c38f3bf39874807f4184576&amp;width=1440\" type=\"image\/jpg\" \/><img loading=\"lazy\" decoding=\"async\" class=\"image content-image image_placeholder\" src=\"https:\/\/tn.com.ar\/resizer\/v2\/milagros-en-la-competencia-de-patin-artistico-adaptado-que-se-realizo-en-brasil-foto-gentileza-L3OLMYI6GNFBTE5FQQ2LTTWR2I.jpg?auth=76633d94a81b38b97db0071b363882d5a73195c51c38f3bf39874807f4184576&amp;width=767\" alt=\"Milagros en la competencia de pat\u00edn art\u00edstico adaptado que se realiz\u00f3 en Brasil (Foto: Gentileza)\" width=\"767\" height=\"430\" data-testid=\"loading-testid\" \/><\/picture><\/div><figcaption class=\"caption_image\" data-testid=\"figcaption-testid\">\n<div class=\"image_caption \">Milagros en la competencia de pat\u00edn art\u00edstico adaptado que se realiz\u00f3 en Brasil (Foto: Gentileza)<\/div>\n<\/figcaption><\/figure>\n<p class=\"paragraph font__body-regular\">Por su parte, Mili explic\u00f3 en qu\u00e9 usar\u00e1 el dinero recaudado: \u201cTengo que comprar un pat\u00edn nuevo, adem\u00e1s para mis viajes internacionales y para la pista que patino en Mercedes, en el club\u201d.<\/p>\n<p class=\"paragraph font__body-regular\"><strong>\u201cMi profe, Laura, llor\u00f3 y mis compa\u00f1eras recontentas estaban. Mis primos lloraron\u201d,<\/strong> agreg\u00f3 la nena muy alegre por todo lo que hab\u00eda pasado.<\/p>\n<p class=\"paragraph font__body-regular\"><strong>\u201cLe quiero agradecer a todo el programa, a toda la gente que ayud\u00f3. A todo el mundo, porque fue de todos lados. Y a todos los canales que est\u00e1n viralizando la historia de Milagros\u201d<\/strong>, coment\u00f3 Mar\u00eda.<\/p>\n<p class=\"paragraph font__body-regular\">Por su parte, H\u00e9ctor, el pap\u00e1 de Milagros, agreg\u00f3: <strong>\u201cLa idea es que nosotros no pens\u00e1bamos en la magnitud de la recaudaci\u00f3n. No se nos pasaba nunca por la cabeza. Esto fue algo, un clic, una explosi\u00f3n\u201d.<\/strong><\/p>\n<p class=\"paragraph font__body-regular\"><strong>\u201cY bueno, y ahora tenemos que pensar un mont\u00f3n de cosas. Ella necesitaba el pat\u00edn, porque ya le estaba creciendo el pie y el pat\u00edn es como un coche carrera, donde tiene sus ruedas, rulemanes, la plancha, la bota. Estaba eso y ahora se suma la ampliaci\u00f3n de la pista de Mercedes\u201d<\/strong>, anticip\u00f3 el pap\u00e1 de Milagros.<\/p>\n<p class=\"paragraph font__body-regular\">Para cerrar, Milagros, sum\u00f3: <strong>\u201cQuer\u00eda dejar un mensajito. Que nunca se rindan y que todo se puede\u201d.<\/strong><\/p>\n<\/div>\n<p>&nbsp;<\/p>\n<\/div>\n<\/div>\n","protected":false},"excerpt":{"rendered":"<p>Qu\u00e9 har\u00e1 con la plata. La joven de 12 a\u00f1os se present\u00f3 en el programa de Guido Kaczka y gener\u00f3 furor. Milagros, la nena de 12 a\u00f1os\u00a0que tiene una sola pierna\u00a0y deslumbra con el patinaje art\u00edstico, se present\u00f3 en en\u00a0Buenas noches Familia\u00a0(eltrece)\u00a0y demostr\u00f3 su gran talento. Durante su aparici\u00f3n en el programa la joven de &hellip;<\/p>\n","protected":false},"author":2,"featured_media":10015,"comment_status":"open","ping_status":"open","sticky":false,"template":"","format":"standard","meta":{"footnotes":""},"categories":[29,33],"tags":[2273],"class_list":["post-10013","post","type-post","status-publish","format-standard","has-post-thumbnail","hentry","category-deportes","category-nacionales","tag-nena-con-una-sola-pierna-que-patina"],"_links":{"self":[{"href":"https:\/\/cafeprensa.com.ar\/index.php\/wp-json\/wp\/v2\/posts\/10013","targetHints":{"allow":["GET"]}}],"collection":[{"href":"https:\/\/cafeprensa.com.ar\/index.php\/wp-json\/wp\/v2\/posts"}],"about":[{"href":"https:\/\/cafeprensa.com.ar\/index.php\/wp-json\/wp\/v2\/types\/post"}],"author":[{"embeddable":true,"href":"https:\/\/cafeprensa.com.ar\/index.php\/wp-json\/wp\/v2\/users\/2"}],"replies":[{"embeddable":true,"href":"https:\/\/cafeprensa.com.ar\/index.php\/wp-json\/wp\/v2\/comments?post=10013"}],"version-history":[{"count":2,"href":"https:\/\/cafeprensa.com.ar\/index.php\/wp-json\/wp\/v2\/posts\/10013\/revisions"}],"predecessor-version":[{"id":10017,"href":"https:\/\/cafeprensa.com.ar\/index.php\/wp-json\/wp\/v2\/posts\/10013\/revisions\/10017"}],"wp:featuredmedia":[{"embeddable":true,"href":"https:\/\/cafeprensa.com.ar\/index.php\/wp-json\/wp\/v2\/media\/10015"}],"wp:attachment":[{"href":"https:\/\/cafeprensa.com.ar\/index.php\/wp-json\/wp\/v2\/media?parent=10013"}],"wp:term":[{"taxonomy":"category","embeddable":true,"href":"https:\/\/cafeprensa.com.ar\/index.php\/wp-json\/wp\/v2\/categories?post=10013"},{"taxonomy":"post_tag","embeddable":true,"href":"https:\/\/cafeprensa.com.ar\/index.php\/wp-json\/wp\/v2\/tags?post=10013"}],"curies":[{"name":"wp","href":"https:\/\/api.w.org\/{rel}","templated":true}]}}