{"id":10018,"date":"2025-07-26T02:30:27","date_gmt":"2025-07-26T00:30:27","guid":{"rendered":"https:\/\/cafeprensa.com.ar\/?p=10018"},"modified":"2025-07-26T02:30:27","modified_gmt":"2025-07-26T00:30:27","slug":"la-historia-que-unio-a-salvador-y-al-hombre-que-lo-atropello","status":"publish","type":"post","link":"https:\/\/cafeprensa.com.ar\/index.php\/2025\/07\/26\/la-historia-que-unio-a-salvador-y-al-hombre-que-lo-atropello\/","title":{"rendered":"La historia que uni\u00f3 a Salvador y al hombre que lo atropell\u00f3"},"content":{"rendered":"<div class=\"col-xl-10 col-lg-10 col-md-10\">\n<div class=\"articleHead \">\n<div class=\"clear\"><span style=\"font-size: 12pt; font-weight: bold;\">El cadete que embisti\u00f3 con su moto al perrito, en Yerba Buena, pidi\u00f3 disculpas ante la Justicia y ahora dar\u00e1 charlas en escuelas.<\/span><\/div>\n<\/div>\n<\/div>\n<div class=\"col-xl-9 col-lg-10 col-md-12\">\n<div id=\"articleContent\" class=\"row justify-content-center\">\n<div class=\"col-xl-10\">\n<div class=\"articleBody\" data-mrf-recirculation=\"nota-link-embebed\">\n<p data-end=\"874\" data-start=\"358\">La<a href=\"https:\/\/www.lagaceta.com.ar\/nota\/1093405\/lg-play\/herido-temblando-sin-ayuda-durante-11-horas-historia-salvador-perrito-no-se-rindio-ahora-busca-familia.html\" target=\"_blank\" rel=\"noopener noreferrer\" data-mrf-link=\"https:\/\/www.lagaceta.com.ar\/nota\/1093405\/lg-play\/herido-temblando-sin-ayuda-durante-11-horas-historia-salvador-perrito-no-se-rindio-ahora-busca-familia.html\"><strong>\u00a0historia de Salvador<\/strong><\/a>, el perrito callejero de aproximadamente un a\u00f1o que fue atropellado en Yerba Buena por un cadete en moto, dio un giro inesperado. El animal agoniz\u00f3 durante 11 horas hasta que fue rescatado. Hoy, tras una inesperada vuelta de la vida, se recupera rodeado de afecto. El hecho ocurri\u00f3 el viernes pasado cuando fue encontrado en estado cr\u00edtico, con hipotermia, fractura en una pata y traumatismo craneal.<\/p>\n<p><iframe loading=\"lazy\" title=\"YouTube video player\" src=\"https:\/\/www.youtube.com\/embed\/beZhCuq4nPI?si=SkkkzCFtqjqM6PlP\" width=\"560\" height=\"315\" frameborder=\"0\" allowfullscreen=\"allowfullscreen\"><\/iframe><\/p>\n<\/div>\n<\/div>\n<div class=\"col-xl-10\">\n<div class=\"articleBody\" data-mrf-recirculation=\"nota-link-embebed\">\n<p data-end=\"874\" data-start=\"358\">Seg\u00fan relataron sus rescatistas,\u00a0<strong>Gabriela<\/strong>,\u00a0<strong>Pablo\u00a0<\/strong>y\u00a0<strong>Ver\u00f3nica<\/strong>, las c\u00e1maras de seguridad demostraron que \u00e9l no se cruz\u00f3 imprudentemente, sino que corr\u00eda por la platabanda junto a otro perro cuando fue embestido. El caso se viraliz\u00f3 y<strong>\u00a0obtuvo m\u00e1s de 100.000 visualizaciones y cientos de comentarios.\u00a0<\/strong><\/p>\n<\/div>\n<\/div>\n<div class=\"col-xl-10\">\n<div class=\"articleBody\" data-mrf-recirculation=\"articleBody\">\n<p><strong>Herido, temblando y sin ayuda durante 11 horas: la historia de Salvador, el perrito que no se rindi\u00f3 y ahora busca una familia<\/strong><\/p>\n<\/div>\n<\/div>\n<div class=\"col-xl-10\">\n<div class=\"articleBody\" data-mrf-recirculation=\"nota-link-embebed\">\n<p data-end=\"874\" data-start=\"358\">Entre quienes vieron el video, apareci\u00f3 una figura inesperada:\u00a0<strong>Carlos<\/strong>, el cadete que conduc\u00eda la moto que atropell\u00f3 a Salvador. Lejos de esconderse, decidi\u00f3 presentarse voluntariamente en la veterinaria y buscar una forma de reparar el da\u00f1o. \u201cYo iba r\u00e1pido, no lo niego. Fren\u00e9, pero la calle estaba mojada.<strong> No supe qu\u00e9 hacer en ese momento. Pero cuando vi lo que hab\u00edan publicado, me conmov\u00ed profundamente. Ten\u00eda que hacerme responsable. Es una vida\u201d, asegur\u00f3 a este diario.<\/strong><\/p>\n<\/div>\n<\/div>\n<div class=\"col-xl-10\">\n<div class=\"articleBody\" data-mrf-recirculation=\"nota-link-embebed\">\n<p data-end=\"2489\" data-start=\"2155\">Carlos propuso como forma de reparaci\u00f3n dar charlas en escuelas de Yerba Buena para generar conciencia sobre c\u00f3mo actuar ante accidentes con animales y sobre la necesidad de frenar, asistir y no mirar para otro lado. La propuesta fue tomada con respeto por los denunciantes y ser\u00e1 elevada a la Justicia para su homologaci\u00f3n.<\/p>\n<\/div>\n<\/div>\n<div class=\"col-xl-12\">\n<div class=\"image\"><img decoding=\"async\" class=\"i-amphtml-fill-content i-amphtml-replaced-content\" src=\"https:\/\/img.lagaceta.com.ar\/fotos\/notas\/2025\/07\/24\/del-dolor-al-perdon-historia-unio-perrito-herido-quien-lo-atropello-1094398-134209.jpg\" alt=\"Del dolor al perd\u00f3n: la historia que uni\u00f3 a Salvador y al hombre que lo atropell\u00f3\" \/><\/div>\n<\/div>\n<div class=\"col-xl-10\">\n<div class=\"articleBody\" data-mrf-recirculation=\"nota-link-embebed\">\n<p data-end=\"2528\" data-start=\"2491\"><strong>La justicia restaurativa en acci\u00f3n<\/strong><\/p>\n<p data-end=\"2861\" data-start=\"2530\">La Secretar\u00eda de Seguridad de Yerba Buena, a trav\u00e9s de su \u00e1rea de Atenci\u00f3n a la V\u00edctima, facilit\u00f3 el espacio de mediaci\u00f3n donde se lleg\u00f3 a un acuerdo restaurativo: Carlos ser\u00e1 capacitado por una ONG para luego dar charlas en escuelas secundarias p\u00fablicas y privadas, con foco en j\u00f3venes que est\u00e9n por sacar su licencia de conducir.<\/p>\n<\/div>\n<\/div>\n<div class=\"col-xl-10\">\n<div class=\"articleBody\" data-mrf-recirculation=\"nota-link-embebed\">\n<p data-end=\"3085\" data-start=\"2863\">\u201cPodr\u00edamos haber hecho un juicio largo y desgastante, pero Carlos se present\u00f3 llorando, tocado por lo que hab\u00eda hecho. Eso es un acto de valent\u00eda. Y ojal\u00e1 Salvador sea ese punto de inflexi\u00f3n para muchos\u201d, cont\u00f3 Gabriela.<\/p>\n<\/div>\n<\/div>\n<div class=\"col-xl-10\">\n<div class=\"articleBody\" data-mrf-recirculation=\"nota-link-embebed\">\n<p data-end=\"3446\" data-start=\"3087\">Desde la Secretar\u00eda se\u00f1alaron que, lamentablemente, casos de maltrato animal y atropellos sin asistencia son frecuentes. Pero tambi\u00e9n destacaron la importancia de lograr soluciones que reparen el da\u00f1o sin judicializar innecesariamente: \u201cBuscamos que la justicia acompa\u00f1e este tipo de acuerdos que evitan procesos largos y dan respuestas humanas y educativas\u201d.<\/p>\n<\/div>\n<\/div>\n<div class=\"col-xl-10\">\n<div class=\"articleBody\" data-mrf-recirculation=\"nota-link-embebed\">\n<h2 data-end=\"3479\" data-start=\"3448\">Salvador a\u00fan espera un hogar<\/h2>\n<p data-end=\"3753\" data-start=\"3481\">Mientras tanto, Salvador contin\u00faa en recuperaci\u00f3n en el Centro Veterinario del NOA (avenida Am\u00e9rica 158). Necesita una familia -no perfecta, sino amorosa- que lo adopte y le d\u00e9 el cuidado que merece. \u201cEs dulce, cari\u00f1oso, solo quiere que lo acaricien\u201d, contaron sus cuidadores.<\/p>\n<\/div>\n<\/div>\n<div class=\"col-xl-10\">\n<div class=\"articleBody\" data-mrf-recirculation=\"nota-link-embebed\">\n<p>Si quer\u00e9s adoptarlo o colaborar, pod\u00e9s comunicarte al\u00a0<strong data-end=\"3294\" data-start=\"3279\">381533 4462<\/strong>\u00a0(Veterinaria Centro NOA).<\/p>\n<\/div>\n<\/div>\n<\/div>\n<\/div>\n","protected":false},"excerpt":{"rendered":"<p>El cadete que embisti\u00f3 con su moto al perrito, en Yerba Buena, pidi\u00f3 disculpas ante la Justicia y ahora dar\u00e1 charlas en escuelas. La\u00a0historia de Salvador, el perrito callejero de aproximadamente un a\u00f1o que fue atropellado en Yerba Buena por un cadete en moto, dio un giro inesperado. El animal agoniz\u00f3 durante 11 horas hasta &hellip;<\/p>\n","protected":false},"author":2,"featured_media":10019,"comment_status":"open","ping_status":"open","sticky":false,"template":"","format":"standard","meta":{"footnotes":""},"categories":[54,34],"tags":[2274,2275],"class_list":["post-10018","post","type-post","status-publish","format-standard","has-post-thumbnail","hentry","category-interes-ganeral","category-locales","tag-la-historia-que-unio-a-salvador-y-al-hombre-que-lo-atropello","tag-salvador"],"_links":{"self":[{"href":"https:\/\/cafeprensa.com.ar\/index.php\/wp-json\/wp\/v2\/posts\/10018","targetHints":{"allow":["GET"]}}],"collection":[{"href":"https:\/\/cafeprensa.com.ar\/index.php\/wp-json\/wp\/v2\/posts"}],"about":[{"href":"https:\/\/cafeprensa.com.ar\/index.php\/wp-json\/wp\/v2\/types\/post"}],"author":[{"embeddable":true,"href":"https:\/\/cafeprensa.com.ar\/index.php\/wp-json\/wp\/v2\/users\/2"}],"replies":[{"embeddable":true,"href":"https:\/\/cafeprensa.com.ar\/index.php\/wp-json\/wp\/v2\/comments?post=10018"}],"version-history":[{"count":1,"href":"https:\/\/cafeprensa.com.ar\/index.php\/wp-json\/wp\/v2\/posts\/10018\/revisions"}],"predecessor-version":[{"id":10020,"href":"https:\/\/cafeprensa.com.ar\/index.php\/wp-json\/wp\/v2\/posts\/10018\/revisions\/10020"}],"wp:featuredmedia":[{"embeddable":true,"href":"https:\/\/cafeprensa.com.ar\/index.php\/wp-json\/wp\/v2\/media\/10019"}],"wp:attachment":[{"href":"https:\/\/cafeprensa.com.ar\/index.php\/wp-json\/wp\/v2\/media?parent=10018"}],"wp:term":[{"taxonomy":"category","embeddable":true,"href":"https:\/\/cafeprensa.com.ar\/index.php\/wp-json\/wp\/v2\/categories?post=10018"},{"taxonomy":"post_tag","embeddable":true,"href":"https:\/\/cafeprensa.com.ar\/index.php\/wp-json\/wp\/v2\/tags?post=10018"}],"curies":[{"name":"wp","href":"https:\/\/api.w.org\/{rel}","templated":true}]}}