{"id":10024,"date":"2025-07-26T20:05:13","date_gmt":"2025-07-26T18:05:13","guid":{"rendered":"https:\/\/cafeprensa.com.ar\/?p=10024"},"modified":"2025-07-26T20:05:13","modified_gmt":"2025-07-26T18:05:13","slug":"lonac-jaldo-no-entiende-que-no-se-tiene-que-pelear-con-todo-el-mundo-no-esta-bien-con-milei-ni-con-gente-dentro-del-partido","status":"publish","type":"post","link":"https:\/\/cafeprensa.com.ar\/index.php\/2025\/07\/26\/lonac-jaldo-no-entiende-que-no-se-tiene-que-pelear-con-todo-el-mundo-no-esta-bien-con-milei-ni-con-gente-dentro-del-partido\/","title":{"rendered":"Lonac: \u00abJaldo no entiende que no se tiene que pelear con todo el mundo, no est\u00e1 bien con Milei ni con gente dentro del partido\u00bb"},"content":{"rendered":"<p>La presidenta de la Universidad San Pablo-T Dra. <strong>Catalina Lonac<\/strong> en dialogo con Caf\u00e9 Prensa se refiri\u00f3 a su vida personal y luego analiz\u00f3 el contexto pol\u00edtico actual. Adem\u00e1s, respondi\u00f3 a las diez preguntas del Ping Pong.<\/p>\n<p>\u00abCaty Lonac es una persona que tuvo una vida dif\u00edcil, que la lucho desde muy chica, con padres extranjeros y antes ser de otro pa\u00eds no era tan cool como en los tiempos actuales. F\u00edjate que Leopoldo Lugones defini\u00f3 a los extranjeros como la chusma de ultramar. Adem\u00e1s, imag\u00ednate que hablaba croata y el idioma complicaba la sociabilidad. Por lo que deb\u00eda proponerme metas y me hice sola desde muy peque\u00f1a, aunque destac\u00f3 que tuve una familia muy unida\u00bb, comenz\u00f3 refiri\u00e9ndose a su persona y sus primeros a\u00f1os de vida en Argentina.<\/p>\n<p>\u00abEn esta etapa hice un click, no dejo de hacer cosas, pero me estoy repreguntando qu\u00e9 es lo que hice hasta ahora, por lo que me propuse disfrutar de lo que hago. Hice un viaje a Cuba con toda mi familia y empec\u00e9 a ver a mis nietos jugar, luego reflexion\u00e9 que les di a todos lo mejor que pod\u00eda desde la formaci\u00f3n. Luego regres\u00e9 al hotel y en el espejo de la habitaci\u00f3n me vi a m\u00ed misma y vi a la ni\u00f1a que era y me reencontr\u00e9. No es que dejare de trabajar, solamente que voy a disfrutar de esto\u00bb, continu\u00f3 reflexionando sobre su vida y el enfoque que tiene actualmente.<\/p>\n<p>Lonac adem\u00e1s, respondi\u00f3 respecto a \u00absi el dinero te da felicidad que \u00abno la da, pero la experiencia que tengo en la vida me dice que, si no tuviera dinero, no estar\u00eda aqu\u00ed con vida. Hace un tiempo me descubrieron un c\u00e1ncer en la sangre, conocido como mieloma, que si no ten\u00eda ese dinero no hubiera podido tratarme, porque no realizaban esos procedimientos en el pa\u00eds. El dinero compra tiempo que te permite hacer cosas que queres hacer\u00bb. Sin embargo, la titular de la San Pablo-T confes\u00f3 que lo que m\u00e1s disfruta hoy son sus logros intelectuales. En este sentido, dio detalles sobre un nuevo proyecto que estaba llevando a cabo:\u00bb Hoy estoy escribiendo mi segundo libro, lo disfruto enormemente, donde hablamos de todos los temas: el amor, la venganza, la justicia, entre otros. No soy una escritora profesional, e incluy\u00f3 un poco de mi experiencia\u00bb, agreg\u00f3.<\/p>\n<p>Sin embargo, Lonac advirti\u00f3 que, en su vida, a pesar de sus logros econ\u00f3micos, que su norte no era el dinero, pero si ser alguien importante.\u00a0 Luego se refiri\u00f3 al esfuerzo de su padre y c\u00f3mo influy\u00f3 en sus metas para quedarse en Argentina: \u00abMi padre era obrero y trabajo mucho, pero cuando llegaba carta de Europa, sab\u00eda que lloraba en el patio, porque extra\u00f1aba a su madre que nunca volvi\u00f3 a ver. Por lo que intent\u00e9 darle una recompensa a mi padre por todo ese sufrimiento\u00bb. \u00abAunque muchas personas me preguntan por qu\u00e9 continu\u00f3 en el pa\u00eds y siempre respondo que Argentina le dio de comer a mi familia, nos permiti\u00f3 ser clase media, c\u00f3mo no le voy a agradecer a este pa\u00eds. Tengo todas mis inversiones en Argentina, nunca intente irme\u00bb, continu\u00f3.<\/p>\n<h4>Sobre la pol\u00edtica nacional y local<\/h4>\n<p>Respecto al contexto pol\u00edtico actual, Lonac analiz\u00f3 la figura del presidente Javier Milei y las sensaciones que le generan sus formas de tratar a otras personas. \u00abLlegamos a Milei porque no hay otra cosa y es una persona que, desde lo personal, me da terror. Siempre me jacto de no tenerle miedo a casi nada, pero si tuviera que entrevistarme personalmente con \u00e9l me dar\u00eda miedo porque no s\u00e9 c\u00f3mo reaccionar\u00eda. No s\u00e9 qui\u00e9n es Milei, porque surgi\u00f3 de las redes y de alg\u00fan periodista que comenz\u00f3 a invitarlo a su programa. A m\u00ed no me gusta que me griten ni me traten mal, porque soy una persona que quiero que me traten bien\u00bb, analiz\u00f3. Sin embargo, redobl\u00f3 la apuesta se\u00f1alando que en el mundo pol\u00edtico y por su aptitud profesional \u00aba Milei lo tendr\u00eda como ministro de Econom\u00eda\u00bb, pero se\u00f1al\u00f3, que, desde la visi\u00f3n dura del actual Ejecutivo, \u00abdetr\u00e1s de la macro hay gente que sufre\u00bb.<\/p>\n<p>Luego analiz\u00f3 la situaci\u00f3n econ\u00f3mica actual del pa\u00eds comparando una ciudad de Latinoam\u00e9rica que recientemente pudo visitar. \u00abFui a la Matanza (Cuba) en busca de libros, y vi una realidad tremenda, donde vi que no hay comida, la gente llora por un calmante. Pero, me llam\u00f3 la atenci\u00f3n que no hay villas miserias, vi barrios que del 1 al 5, son de cinco. Entonces cuando me dicen &#8216;vamos a llegar a ser Cuba&#8217;, yo objeto que ya pasamos de ese pa\u00eds, porque la pobreza pas\u00f3 lo que es Cuba.\u00bb \u00abPorque la comida es cada vez tiene menor calidad, las jubilaciones son una miseria. Estamos rodeados de villas miserias. Tenemos un 50% de pobreza real, porque detr\u00e1s de un excel tenemos much\u00edsima gente que se est\u00e1 muriendo de hambre\u00bb, agreg\u00f3.<\/p>\n<p>No obstante, Lonac, marc\u00f3 su an\u00e1lisis sobre las intermedias de octubre, expresando que \u00abla elecci\u00f3n del 25 ser\u00e1 una gran sorpresa para el peronismo, porque los libertarios son tres gatos locos que se pelean, pero tambi\u00e9n los vemos a los peronistas haciendo lo mismo\u00bb. \u00abNo hay uni\u00f3n entre fulano y mengano, porque ni el espanto los logra unir, ya que las ambiciones personales los hace perder el esp\u00edritu patri\u00f3tico. Creo que va a perder votos el peronismo, no porque sume la LLA\u00bb, analiz\u00f3 Lonac sobre las elecciones legislativas de este a\u00f1o. \u00abNo soy Kirchnerista como me dice la LLA, porque no creo en Cristina. Un funcionario le dijo a mi marido que era K solo porque dije esto de que el gobierno tiene que conocer las econom\u00edas regionales. Hoy el tema es el hambre y la energ\u00eda. Sin embargo, Milei le est\u00e1 importando los autos el\u00e9ctricos de Elon Musk , que est\u00e1 explotando en Europa, que no es energ\u00eda limpia porque usa el carb\u00f3n. Cuando tenemos el petr\u00f3leo verde que es el bioetanol\u00bb, agreg\u00f3.<\/p>\n<p>La empresaria tambi\u00e9n se refiri\u00f3 a la figura pol\u00edtica del gobernador Osvaldo Jaldo. \u00abNo entiende que no se puede pelear con todo el mundo, no est\u00e1 bien con Milei ni con gente dentro del partido porque no escucha a nadie. No se re\u00fane con los factores. Los industriales esperamos del gobernador que levante el tel\u00e9fono y le pida a Naci\u00f3n que resuelva los problemas de los sectores sean textiles, alcoholeros, el que sea\u00bb, expres\u00f3 en Caf\u00e9 Prensa. \u00abDesde mi sector nunca le voy a pedir algo, sino que le voy a ofrecer. Hace poco tiempo le mande un Whatsapp (a Jaldo) dici\u00e9ndole que no le ped\u00eda nada, solo le quer\u00eda ofrecer algo importante y no me contesto\u00bb, confes\u00f3 sobre sus intentos de comunicaci\u00f3n con el mandatario.<\/p>\n<p>Adem\u00e1s, se refiri\u00f3 cu\u00e1l ser\u00e1 su criterio para votar y cu\u00e1l es el tipo de candidato que le gustar\u00eda: \u00abHoy voto a la persona, porque en Tucum\u00e1n no hay partido peronista, hasta el bar est\u00e1 cerrado\u00bb. \u00abYo quiero un estadista y Milei no es un estadista ni es una persona educada. Si bien, bajo este criterio yo lo vot\u00e9 a Macri e incluso me vest\u00ed de amarillo para hacerle burla a los peronistas, pero me defraud\u00f3. Adem\u00e1s, quiero una persona que pueda rodearse de gente que sea mejor que \u00e9l\u00bb, agreg\u00f3.<\/p>\n<p>Finalmente, cuando se le pregunt\u00f3 sobre la posibilidad de incursionar en la pol\u00edtica, Lonac reconoci\u00f3 que intent\u00f3 en dos oportunidades, pero manifest\u00f3 desde el espacio peronista no dieron curso a sus intenciones. \u00abA mis 40 a\u00f1os estuve en un sublema y en ese momento perd\u00ed. Pero, durante la \u00e9poca de Alperovich, mi sue\u00f1o era ser senadora, por lo que habl\u00e9 con \u00e9l y se lo ped\u00ed, sin embargo, \u00e9l me respondi\u00f3: &#8216;D\u00e9jate de joder Caty, eso es para mi prima Betty Mirkin&#8217;. Y as\u00ed fue. El partido peronista a pesar de que los ayude un mont\u00f3n, jam\u00e1s me lo permitieron, porque me tienen miedo \u00ab, concluy\u00f3.<\/p>\n<h4>Ping Pong<\/h4>\n<p>En esta \u00faltima secci\u00f3n Lonac calific\u00f3 la gesti\u00f3n de Jaldo con un 6 y a la educaci\u00f3n en Tucum\u00e1n con un 5. Adem\u00e1s, reafirm\u00f3 que en la pol\u00edtica solo ser\u00eda Senadora Nacional y elegir\u00eda a Manuel Belgrano como figura hist\u00f3rica para tomar caf\u00e9. Finalmente, destac\u00f3 a la gesti\u00f3n municipal de Rossana Chahla con un \u00abexcelente\u00bb y admiti\u00f3 que se arrepiente de haber apoyado la candidatura de Jos\u00e9 Lop\u00e9z a Gobernador.<\/p>\n<p>&nbsp;<\/p>\n<p>&nbsp;<\/p>\n<p>&nbsp;<\/p>\n<p>&nbsp;<\/p>\n","protected":false},"excerpt":{"rendered":"<p>La presidenta de la Universidad San Pablo-T Dra. Catalina Lonac en dialogo con Caf\u00e9 Prensa se refiri\u00f3 a su vida personal y luego analiz\u00f3 el contexto pol\u00edtico actual. Adem\u00e1s, respondi\u00f3 a las diez preguntas del Ping Pong. \u00abCaty Lonac es una persona que tuvo una vida dif\u00edcil, que la lucho desde muy chica, con padres &hellip;<\/p>\n","protected":false},"author":2,"featured_media":10031,"comment_status":"open","ping_status":"open","sticky":false,"template":"","format":"standard","meta":{"footnotes":""},"categories":[34],"tags":[144,2276,413,420,200,265,82,160],"class_list":["post-10024","post","type-post","status-publish","format-standard","has-post-thumbnail","hentry","category-locales","tag-argentina","tag-caty-lonac","tag-economia","tag-educacion","tag-javier-milei","tag-osvaldo-jaldo","tag-politica","tag-tucuman"],"_links":{"self":[{"href":"https:\/\/cafeprensa.com.ar\/index.php\/wp-json\/wp\/v2\/posts\/10024","targetHints":{"allow":["GET"]}}],"collection":[{"href":"https:\/\/cafeprensa.com.ar\/index.php\/wp-json\/wp\/v2\/posts"}],"about":[{"href":"https:\/\/cafeprensa.com.ar\/index.php\/wp-json\/wp\/v2\/types\/post"}],"author":[{"embeddable":true,"href":"https:\/\/cafeprensa.com.ar\/index.php\/wp-json\/wp\/v2\/users\/2"}],"replies":[{"embeddable":true,"href":"https:\/\/cafeprensa.com.ar\/index.php\/wp-json\/wp\/v2\/comments?post=10024"}],"version-history":[{"count":9,"href":"https:\/\/cafeprensa.com.ar\/index.php\/wp-json\/wp\/v2\/posts\/10024\/revisions"}],"predecessor-version":[{"id":10034,"href":"https:\/\/cafeprensa.com.ar\/index.php\/wp-json\/wp\/v2\/posts\/10024\/revisions\/10034"}],"wp:featuredmedia":[{"embeddable":true,"href":"https:\/\/cafeprensa.com.ar\/index.php\/wp-json\/wp\/v2\/media\/10031"}],"wp:attachment":[{"href":"https:\/\/cafeprensa.com.ar\/index.php\/wp-json\/wp\/v2\/media?parent=10024"}],"wp:term":[{"taxonomy":"category","embeddable":true,"href":"https:\/\/cafeprensa.com.ar\/index.php\/wp-json\/wp\/v2\/categories?post=10024"},{"taxonomy":"post_tag","embeddable":true,"href":"https:\/\/cafeprensa.com.ar\/index.php\/wp-json\/wp\/v2\/tags?post=10024"}],"curies":[{"name":"wp","href":"https:\/\/api.w.org\/{rel}","templated":true}]}}