{"id":10070,"date":"2025-07-28T14:41:06","date_gmt":"2025-07-28T12:41:06","guid":{"rendered":"https:\/\/cafeprensa.com.ar\/?p=10070"},"modified":"2025-07-28T14:44:19","modified_gmt":"2025-07-28T12:44:19","slug":"el-gobernador-de-cordoba-anuncio-que-aumentara-la-jubilacion-minima-84","status":"publish","type":"post","link":"https:\/\/cafeprensa.com.ar\/index.php\/2025\/07\/28\/el-gobernador-de-cordoba-anuncio-que-aumentara-la-jubilacion-minima-84\/","title":{"rendered":"El gobernador de C\u00f3rdoba anunci\u00f3 que aumentar\u00e1 la jubilaci\u00f3n m\u00ednima 84%"},"content":{"rendered":"<div class=\"content-article-title\">\n<div class=\"wrapper-layout center-content center_story max-width\">\n<div class=\"col-content\">\n<p class=\"article__title font__display\">Y que la pagar\u00e1 con fondos de Naci\u00f3n. El haber m\u00ednimo pasar\u00e1 de <strong>$380.000 a $700.000<\/strong> mensuales.<\/p>\n<p class=\"article__title font__display\"><strong>\u201cEsta medida consolida a C\u00f3rdoba como una de las provincias con el haber m\u00ednimo m\u00e1s alto del pa\u00eds\u201d<\/strong>, asegur\u00f3 Llaryora.<\/p>\n<p class=\"article__title font__display\">El gobernador de C\u00f3rdoba,<a title=\"https:\/\/tn.com.ar\/campo\/2025\/07\/26\/los-gobernadores-del-centro-del-pais-celebraron-la-baja-de-retenciones-dispuesta-por-el-gobierno-nacional\/\" href=\"https:\/\/tn.com.ar\/campo\/2025\/07\/26\/los-gobernadores-del-centro-del-pais-celebraron-la-baja-de-retenciones-dispuesta-por-el-gobierno-nacional\/\" target=\"_blank\" rel=\"noopener noreferrer\">\u00a0<b>Mart\u00edn Llaryora,<\/b><\/a>\u00a0anunci\u00f3 que aumentar\u00e1 las\u00a0<a title=\"https:\/\/tn.com.ar\/campo\/2025\/07\/26\/los-gobernadores-del-centro-del-pais-celebraron-la-baja-de-retenciones-dispuesta-por-el-gobierno-nacional\/\" href=\"https:\/\/tn.com.ar\/campo\/2025\/07\/26\/los-gobernadores-del-centro-del-pais-celebraron-la-baja-de-retenciones-dispuesta-por-el-gobierno-nacional\/\" target=\"_blank\" rel=\"noopener noreferrer\"><b>jubilaciones m\u00ednimas\u00a0<\/b><\/a><b>84,21%<\/b>. Para ello, afirm\u00f3 que utilizar\u00e1 el dinero de los\u00a0<b>fondos que el\u00a0<\/b><a title=\"https:\/\/tn.com.ar\/campo\/2025\/07\/26\/los-gobernadores-del-centro-del-pais-celebraron-la-baja-de-retenciones-dispuesta-por-el-gobierno-nacional\/\" href=\"https:\/\/tn.com.ar\/campo\/2025\/07\/26\/los-gobernadores-del-centro-del-pais-celebraron-la-baja-de-retenciones-dispuesta-por-el-gobierno-nacional\/\" target=\"_blank\" rel=\"noopener noreferrer\"><b>Gobierno\u00a0<\/b><\/a><b>le adeudaba<\/b>, y que comenz\u00f3 a pagarle tras un acuerdo que se consigui\u00f3 en la Corte Suprema de Justicia.<img loading=\"lazy\" decoding=\"async\" class=\"alignnone wp-image-10071 size-large\" src=\"https:\/\/cafeprensa.com.ar\/wp-content\/uploads\/2025\/07\/llaryora-caputo-333jpg-1024x682.webp\" alt=\"\" width=\"1024\" height=\"682\" srcset=\"https:\/\/cafeprensa.com.ar\/wp-content\/uploads\/2025\/07\/llaryora-caputo-333jpg-1024x682.webp 1024w, https:\/\/cafeprensa.com.ar\/wp-content\/uploads\/2025\/07\/llaryora-caputo-333jpg-300x200.webp 300w, https:\/\/cafeprensa.com.ar\/wp-content\/uploads\/2025\/07\/llaryora-caputo-333jpg-768x511.webp 768w, https:\/\/cafeprensa.com.ar\/wp-content\/uploads\/2025\/07\/llaryora-caputo-333jpg.webp 1200w\" sizes=\"auto, (max-width: 1024px) 100vw, 1024px\" \/><\/p>\n<\/div>\n<\/div>\n<\/div>\n<div class=\"common-layout wrapper-layout center-content center_story max-width story article\">\n<div class=\"col-content\">\n<div class=\"default-article-color article__body article__article\">\n<p class=\"paragraph font__body-regular\">\u201cAnunciamos un aumento del 84,21% en el haber m\u00ednimo jubilatorio, que\u00a0<b>pasar\u00e1 de $380.000 a $700.000 mensuales.\u00a0<\/b>Adem\u00e1s, implementaremos un\u00a0<b>bono bimestral de $100.000 para quienes perciban haberes de hasta $1.300.000 mensuales<\/b>, como complemento adicional no contributivo\u201c, dijo Llaryora a trav\u00e9s de una publicaci\u00f3n de X. Para el gobernador, estas medidas benefician a los jubilados provinciales con menores ingresos, y tambi\u00e9n\u00a0<b>\u201cconsolidan a C\u00f3rdoba como una de las provincias con el haber m\u00ednimo m\u00e1s alto del pa\u00eds\u201d.<\/b>\u00a0Y agreg\u00f3: \u201cEsto va en l\u00ednea con nuestro compromiso de estar siempre al lado de quienes m\u00e1s lo necesitan, especialmente en<b>\u00a0un contexto tan dif\u00edcil como el que atraviesa nuestro pa\u00eds\u201d.<\/b><\/p>\n<figure class=\"\" data-testid=\"figure-testid\">\n<div class=\"aspect_ratio__container\"><picture class=\"responsive-image\"><source srcset=\"https:\/\/tn.com.ar\/resizer\/v2\/el-gobernador-llaryora-confirmo-un-aumento-de-las-jubilaciones-minimas-tras-un-acuerdo-con-el-gobierno-por-la-deuda-de-las-cajas-previsionales-foto-captura-tn-HHO4SLG36VBBHFVJIGH264SI3E.jpg?auth=3b4bfcab2571e6768df62fe79fb6dee89d20c4eb9688c561bf3391b18eb91358&amp;width=767\" type=\"image\/jpg\" media=\"(max-width: 728px)\" \/><source srcset=\"https:\/\/tn.com.ar\/resizer\/v2\/el-gobernador-llaryora-confirmo-un-aumento-de-las-jubilaciones-minimas-tras-un-acuerdo-con-el-gobierno-por-la-deuda-de-las-cajas-previsionales-foto-captura-tn-HHO4SLG36VBBHFVJIGH264SI3E.jpg?auth=3b4bfcab2571e6768df62fe79fb6dee89d20c4eb9688c561bf3391b18eb91358&amp;width=1023\" type=\"image\/jpg\" media=\"(max-width: 1023px)\" \/><source srcset=\"https:\/\/tn.com.ar\/resizer\/v2\/el-gobernador-llaryora-confirmo-un-aumento-de-las-jubilaciones-minimas-tras-un-acuerdo-con-el-gobierno-por-la-deuda-de-las-cajas-previsionales-foto-captura-tn-HHO4SLG36VBBHFVJIGH264SI3E.jpg?auth=3b4bfcab2571e6768df62fe79fb6dee89d20c4eb9688c561bf3391b18eb91358&amp;width=1440\" type=\"image\/jpg\" \/><img loading=\"lazy\" decoding=\"async\" class=\"image content-image image_placeholder\" src=\"https:\/\/tn.com.ar\/resizer\/v2\/el-gobernador-llaryora-confirmo-un-aumento-de-las-jubilaciones-minimas-tras-un-acuerdo-con-el-gobierno-por-la-deuda-de-las-cajas-previsionales-foto-captura-tn-HHO4SLG36VBBHFVJIGH264SI3E.jpg?auth=3b4bfcab2571e6768df62fe79fb6dee89d20c4eb9688c561bf3391b18eb91358&amp;width=767\" alt=\"El gobernador Llaryora confirm\u00f3 un aumento de las jubilaciones m\u00ednimas tras un acuerdo con el Gobierno por la deuda de las cajas previsionales. (Foto: captura TN). \" width=\"767\" height=\"432\" data-testid=\"loading-testid\" \/><\/picture><\/div><figcaption class=\"caption_image\" data-testid=\"figcaption-testid\">\n<div class=\"image_caption \"><strong><span style=\"font-size: 8pt;\">Llaryora confirm\u00f3 un aumento de las jubilaciones m\u00ednimas tras un acuerdo con el Gobierno por la deuda de las cajas previsionales.\u00a0<\/span><\/strong><\/div>\n<\/figcaption><\/figure>\n<p class=\"font--primary font__display\"><strong>El detr\u00e1s del anuncio<\/strong><\/p>\n<p class=\"paragraph font__body-regular\">Llaryora anunci\u00f3 el aumento de las jubilaciones luego de la audiencia que tuvo en mayo con\u00a0<b>la Administraci\u00f3n Nacional de la Seguridad Social (Anses).<\/b>\u00a0El encuentro se llev\u00f3 a cabo en la Corte Suprema, donde se acord\u00f3 que el organismo estatal<b>\u00a0le entregar\u00eda a C\u00f3rdoba un adelanto de $60.000 millones.\u00a0<\/b>Esta cifra se pagar\u00eda en<b> 12 cuotas y en cuenta del ejercicio 2025. <\/b>El dinero, que ya comenz\u00f3 a pagarse, lo aporta el Gobierno por<b>\u00a0la deuda previsional que mantiene con la provincia, que gira en torno a un bill\u00f3n de pesos.<\/b>\u00a0Para terminar de definir este tema, se espera que haya una nueva audiencia en diciembre, que determine los montos que se acumularon entre 2019 y 2024. Asimismo, se espera que se organice un\u00a0<b>mecanismo de pago.<\/b><\/p>\n<figure class=\"\" data-testid=\"figure-testid\">\n<div class=\"aspect_ratio__container\"><picture class=\"responsive-image\"><source srcset=\"https:\/\/tn.com.ar\/resizer\/v2\/llaryora-anuncio-un-aumento-de-las-jubilaciones-minimas-en-medio-de-la-tension-con-el-gobierno-foto-prensa-cordoba-726STSOKSVDH5OMUHBA55TDIUE.png?auth=cffd8df3e6a25b44238ee4b8ade548dd56eaef5b49ae83bd77b77f177df12e83&amp;width=767\" type=\"image\/jpg\" media=\"(max-width: 728px)\" \/><source srcset=\"https:\/\/tn.com.ar\/resizer\/v2\/llaryora-anuncio-un-aumento-de-las-jubilaciones-minimas-en-medio-de-la-tension-con-el-gobierno-foto-prensa-cordoba-726STSOKSVDH5OMUHBA55TDIUE.png?auth=cffd8df3e6a25b44238ee4b8ade548dd56eaef5b49ae83bd77b77f177df12e83&amp;width=1023\" type=\"image\/jpg\" media=\"(max-width: 1023px)\" \/><source srcset=\"https:\/\/tn.com.ar\/resizer\/v2\/llaryora-anuncio-un-aumento-de-las-jubilaciones-minimas-en-medio-de-la-tension-con-el-gobierno-foto-prensa-cordoba-726STSOKSVDH5OMUHBA55TDIUE.png?auth=cffd8df3e6a25b44238ee4b8ade548dd56eaef5b49ae83bd77b77f177df12e83&amp;width=1440\" type=\"image\/jpg\" \/><img loading=\"lazy\" decoding=\"async\" class=\"image content-image image_placeholder\" src=\"https:\/\/tn.com.ar\/resizer\/v2\/llaryora-anuncio-un-aumento-de-las-jubilaciones-minimas-en-medio-de-la-tension-con-el-gobierno-foto-prensa-cordoba-726STSOKSVDH5OMUHBA55TDIUE.png?auth=cffd8df3e6a25b44238ee4b8ade548dd56eaef5b49ae83bd77b77f177df12e83&amp;width=767\" alt=\"Llaryora anunci\u00f3 un aumento de las jubilaciones m\u00ednimas en medio de la tensi\u00f3n con el Gobierno. (Foto: prensa C\u00f3rdoba). \" width=\"767\" height=\"432\" data-testid=\"loading-testid\" \/><\/picture><\/div><figcaption class=\"caption_image\" data-testid=\"figcaption-testid\">\n<div class=\"image_caption \">Llaryora anunci\u00f3 un aumento de las jubilaciones m\u00ednimas en medio de la tensi\u00f3n con el Gobierno.<\/div>\n<\/figcaption><\/figure>\n<p class=\"paragraph font__body-regular\"><b>\u201cNo hay dudas de que pelear por lo que le corresponde a C\u00f3rdoba da resultados concretos.<\/b> Vamos a seguir defendiendo los intereses de los cordobeses cada vez que sean vulnerados\u201d, manifest\u00f3 Llaryora. Adem\u00e1s, sostuvo que cuando el pueblo cordob\u00e9s \u201ctrabaja junto con firmeza y humildad se obtienen resultados\u201d. El anuncio del gobernador se da tras la aprobaci\u00f3n en el Congreso del\u00a0<b>aumento de las jubilaciones y pensiones,<\/b>\u00a0que el presidente Javier Milei ya confirm\u00f3 que<b> vetar\u00e1 en los pr\u00f3ximos d\u00edas.\/TN<\/b><\/p>\n<\/div>\n<\/div>\n<\/div>\n","protected":false},"excerpt":{"rendered":"<p>Y que la pagar\u00e1 con fondos de Naci\u00f3n. El haber m\u00ednimo pasar\u00e1 de $380.000 a $700.000 mensuales. \u201cEsta medida consolida a C\u00f3rdoba como una de las provincias con el haber m\u00ednimo m\u00e1s alto del pa\u00eds\u201d, asegur\u00f3 Llaryora. El gobernador de C\u00f3rdoba,\u00a0Mart\u00edn Llaryora,\u00a0anunci\u00f3 que aumentar\u00e1 las\u00a0jubilaciones m\u00ednimas\u00a084,21%. Para ello, afirm\u00f3 que utilizar\u00e1 el dinero de los\u00a0fondos &hellip;<\/p>\n","protected":false},"author":2,"featured_media":10072,"comment_status":"open","ping_status":"open","sticky":false,"template":"","format":"standard","meta":{"footnotes":""},"categories":[33,25],"tags":[2282,2283],"class_list":["post-10070","post","type-post","status-publish","format-standard","has-post-thumbnail","hentry","category-nacionales","category-politica","tag-gobernador-de-cordoba","tag-martin-llaryora"],"_links":{"self":[{"href":"https:\/\/cafeprensa.com.ar\/index.php\/wp-json\/wp\/v2\/posts\/10070","targetHints":{"allow":["GET"]}}],"collection":[{"href":"https:\/\/cafeprensa.com.ar\/index.php\/wp-json\/wp\/v2\/posts"}],"about":[{"href":"https:\/\/cafeprensa.com.ar\/index.php\/wp-json\/wp\/v2\/types\/post"}],"author":[{"embeddable":true,"href":"https:\/\/cafeprensa.com.ar\/index.php\/wp-json\/wp\/v2\/users\/2"}],"replies":[{"embeddable":true,"href":"https:\/\/cafeprensa.com.ar\/index.php\/wp-json\/wp\/v2\/comments?post=10070"}],"version-history":[{"count":4,"href":"https:\/\/cafeprensa.com.ar\/index.php\/wp-json\/wp\/v2\/posts\/10070\/revisions"}],"predecessor-version":[{"id":10076,"href":"https:\/\/cafeprensa.com.ar\/index.php\/wp-json\/wp\/v2\/posts\/10070\/revisions\/10076"}],"wp:featuredmedia":[{"embeddable":true,"href":"https:\/\/cafeprensa.com.ar\/index.php\/wp-json\/wp\/v2\/media\/10072"}],"wp:attachment":[{"href":"https:\/\/cafeprensa.com.ar\/index.php\/wp-json\/wp\/v2\/media?parent=10070"}],"wp:term":[{"taxonomy":"category","embeddable":true,"href":"https:\/\/cafeprensa.com.ar\/index.php\/wp-json\/wp\/v2\/categories?post=10070"},{"taxonomy":"post_tag","embeddable":true,"href":"https:\/\/cafeprensa.com.ar\/index.php\/wp-json\/wp\/v2\/tags?post=10070"}],"curies":[{"name":"wp","href":"https:\/\/api.w.org\/{rel}","templated":true}]}}