{"id":10080,"date":"2025-07-29T12:57:12","date_gmt":"2025-07-29T10:57:12","guid":{"rendered":"https:\/\/cafeprensa.com.ar\/?p=10080"},"modified":"2025-07-29T12:58:22","modified_gmt":"2025-07-29T10:58:22","slug":"la-libertad-avanza-presento-su-proyecto-de-reforma-electoral-en-la-legislatura-tucumana","status":"publish","type":"post","link":"https:\/\/cafeprensa.com.ar\/index.php\/2025\/07\/29\/la-libertad-avanza-presento-su-proyecto-de-reforma-electoral-en-la-legislatura-tucumana\/","title":{"rendered":"La Libertad Avanza present\u00f3 su proyecto de reforma electoral en la Legislatura Tucumana"},"content":{"rendered":"<header class=\"entry-header\">\n<p class=\"entry-title\"><strong><span style=\"font-size: 16px;\">Con una puesta en escena sobria pero cargada de contenido pol\u00edtico, La Libertad Avanza Tucum\u00e1n formaliz\u00f3 esta ma\u00f1ana la presentaci\u00f3n de su proyecto de reforma electoral en la Legislatura provincial. Acompa\u00f1ada por el diputado nacional Gerardo Huesen y Manuel Guisone, la vicepresidenta del partido, Soledad Molinuevo, ingres\u00f3 la iniciativa legislativa por mesa de entrada con una nota dirigida al vicegobernador Miguel Acevedo.<\/span><\/strong><\/p>\n<\/header>\n<div class=\"entry-content\">\n<p>La propuesta, titulada <strong>\u201cLibertad Electoral Para los Tucumanos\u201d,<\/strong> busca transformar de ra\u00edz el actual sistema electoral provincial. Entre sus puntos clave se encuentran: la implementaci\u00f3n de la <strong>Boleta \u00danica de Papel (BUP)<\/strong>, la limitaci\u00f3n de los acoples a un m\u00e1ximo de dos por f\u00f3rmula, la prohibici\u00f3n de candidaturas simult\u00e1neas y de candidaturas testimoniales, con sanciones que<strong> incluyen hasta 8 a\u00f1os de inhabilitaci\u00f3n.<\/strong><\/p>\n<p><strong>\u201cEsto es lo que el gobernador Jaldo ven\u00eda exigiendo: que presentemos propuestas concretas. Bueno, ac\u00e1 est\u00e1n\u201d, se\u00f1al\u00f3 Huesen. La iniciativa llega como respuesta a los dichos del mandatario tucumano, quien hab\u00eda criticado al espacio libertario por \u201ccriticar sin proponer\u201d.<\/strong><\/p>\n<p>El proyecto propone que la BUP reemplace por completo al actual sistema de boletas partidarias.<strong> \u201cQueremos terminar con el derroche de dinero p\u00fablico y la falta de transparencia. La boleta \u00fanica garantiza equidad y reduce dr\u00e1sticamente el gasto electoral\u201d<\/strong>, <strong>argument\u00f3 Molinuevo<\/strong>. El texto establece que la impresi\u00f3n estar\u00e1 a cargo de la<strong> Junta Electoral y que se usar\u00e1 un padr\u00f3n con un 20% adicional.<\/strong><\/p>\n<p>Adem\u00e1s, se busca limitar el uso abusivo de los acoples: cada f\u00f3rmula podr\u00e1 tener como m\u00e1ximo dos listas adheridas. Tambi\u00e9n se pretende erradicar la posibilidad de que un candidato se postule a m\u00faltiples cargos simult\u00e1neamente, as\u00ed como las candidaturas testimoniales.<\/p>\n<p><strong>La reforma planteada por LLA no solo busca eficiencia y transparencia, sino tambi\u00e9n recuperar la confianza ciudadana en las instituciones democr\u00e1ticas tucumanas. Ahora, la pelota qued\u00f3 del lado de la Legislatura.<\/strong><\/p>\n<p>&nbsp;<\/p>\n<p><span style=\"font-size: 8pt;\"><strong>FUENTE; https:\/\/quediario.com.ar\/2025\/07\/28\/la-libertad-avanza-presento-su-proyecto-de-reforma-electoral-en-la-legislatura-de-tucuman\/<\/strong><\/span><\/p>\n<\/div>\n","protected":false},"excerpt":{"rendered":"<p>Con una puesta en escena sobria pero cargada de contenido pol\u00edtico, La Libertad Avanza Tucum\u00e1n formaliz\u00f3 esta ma\u00f1ana la presentaci\u00f3n de su proyecto de reforma electoral en la Legislatura provincial. Acompa\u00f1ada por el diputado nacional Gerardo Huesen y Manuel Guisone, la vicepresidenta del partido, Soledad Molinuevo, ingres\u00f3 la iniciativa legislativa por mesa de entrada con &hellip;<\/p>\n","protected":false},"author":2,"featured_media":10081,"comment_status":"open","ping_status":"open","sticky":false,"template":"","format":"standard","meta":{"footnotes":""},"categories":[34,25],"tags":[2285],"class_list":["post-10080","post","type-post","status-publish","format-standard","has-post-thumbnail","hentry","category-locales","category-politica","tag-gerardo-huesen-y-manuel-guisone"],"_links":{"self":[{"href":"https:\/\/cafeprensa.com.ar\/index.php\/wp-json\/wp\/v2\/posts\/10080","targetHints":{"allow":["GET"]}}],"collection":[{"href":"https:\/\/cafeprensa.com.ar\/index.php\/wp-json\/wp\/v2\/posts"}],"about":[{"href":"https:\/\/cafeprensa.com.ar\/index.php\/wp-json\/wp\/v2\/types\/post"}],"author":[{"embeddable":true,"href":"https:\/\/cafeprensa.com.ar\/index.php\/wp-json\/wp\/v2\/users\/2"}],"replies":[{"embeddable":true,"href":"https:\/\/cafeprensa.com.ar\/index.php\/wp-json\/wp\/v2\/comments?post=10080"}],"version-history":[{"count":3,"href":"https:\/\/cafeprensa.com.ar\/index.php\/wp-json\/wp\/v2\/posts\/10080\/revisions"}],"predecessor-version":[{"id":10084,"href":"https:\/\/cafeprensa.com.ar\/index.php\/wp-json\/wp\/v2\/posts\/10080\/revisions\/10084"}],"wp:featuredmedia":[{"embeddable":true,"href":"https:\/\/cafeprensa.com.ar\/index.php\/wp-json\/wp\/v2\/media\/10081"}],"wp:attachment":[{"href":"https:\/\/cafeprensa.com.ar\/index.php\/wp-json\/wp\/v2\/media?parent=10080"}],"wp:term":[{"taxonomy":"category","embeddable":true,"href":"https:\/\/cafeprensa.com.ar\/index.php\/wp-json\/wp\/v2\/categories?post=10080"},{"taxonomy":"post_tag","embeddable":true,"href":"https:\/\/cafeprensa.com.ar\/index.php\/wp-json\/wp\/v2\/tags?post=10080"}],"curies":[{"name":"wp","href":"https:\/\/api.w.org\/{rel}","templated":true}]}}