{"id":10085,"date":"2025-07-29T13:10:19","date_gmt":"2025-07-29T11:10:19","guid":{"rendered":"https:\/\/cafeprensa.com.ar\/?p=10085"},"modified":"2025-07-29T13:10:19","modified_gmt":"2025-07-29T11:10:19","slug":"tenemos-muchos-hombres-y-mujeres-que-pueden-ser-candidatos","status":"publish","type":"post","link":"https:\/\/cafeprensa.com.ar\/index.php\/2025\/07\/29\/tenemos-muchos-hombres-y-mujeres-que-pueden-ser-candidatos\/","title":{"rendered":"\u201cTenemos muchos hombres y mujeres que pueden ser candidatos\u00bb"},"content":{"rendered":"<div>\n<div class=\"fotoVerNoticia\">\n<div>El gobernador y vice del PJ tucumano asegur\u00f3 que el objetivo es cerrar listas con la mayor unidad posible.<strong> \u201cLas elecciones no frenan la gesti\u00f3n; el 27 hay que seguir trabajando por Tucum\u00e1n y la Argentina\u201d<\/strong>, afirm\u00f3.<\/div>\n<\/div>\n<\/div>\n<div class=\"cuerpoVerNoticia\">\n<div>A dos semanas del cierre de las n\u00f3minas de cara a las pr\u00f3ximas elecciones nacionales, el gobernador y vicepresidente del Partido Justicialista distrito Tucum\u00e1n,\u00a0<strong>Osvaldo Jaldo<\/strong>, sostuvo que a trav\u00e9s del di\u00e1logo con todos los sectores se busca llegar al cierre de listas <strong>\u201clo m\u00e1s unidos posibles\u201d.\u00a0<\/strong><\/p>\n<div>Jaldo explic\u00f3: \u201csiempre nosotros decimos que en nuestro espacio queremos llegar lo m\u00e1s unidos posible.<\/div>\n<div>Si es un cien por cien, mejor, y, si no, lo m\u00e1s unido posible porque en funci\u00f3n de eso nosotros tenemos que pensar no s\u00f3lo en el proceso electoral porque no hay que olvidar seguimos gobernando dos a\u00f1os m\u00e1s la provincia.<\/div>\n<div>Para nosotros, en las elecciones pr\u00f3ximas no termina la gesti\u00f3n provincial, como tampoco termina la gesti\u00f3n nacional. <strong>Son elecciones intermedias que se eligen diputados nacionales pero el d\u00eda lunes veintisiete hay que seguir trabajando por Tucum\u00e1n y por la Argentina\u201d.\u00a0<\/strong><\/p>\n<div>Asimismo, sostuvo: \u201cnosotros estamos poniendo toda la voluntad y di\u00e1logo posibles. Venimos con algunos encuentros con diferentes sectores y espacios del frente\u00a0<strong>Tucum\u00e1n Primero<\/strong>. Yo soy optimista, creo que vamos a llegar a un acuerdo, vamos a llegar a la unidad\u201d y a\u00f1adi\u00f3: \u201choy no puedo decir que est\u00e1 todo hecho. Todav\u00eda hay un peque\u00f1o camino para recorrer\u201d.<\/p>\n<div>En cuanto al armado de lista y candidatos, dijo:<strong> \u201cTenemos muchos hombres y mujeres que pueden ser candidatos, pero todav\u00eda no los tenemos definido. La fecha la da el cronograma electoral. <\/strong><\/div>\n<div><strong>El d\u00eda seis o siete de agosto, nosotros tenemos que presentar la lista en la interna del Frente Tucum\u00e1n Primero. Esa lista que se presenta para la interna es la lista que va a ir el veintis\u00e9is de octubre a la general\u201d.<\/strong><\/p>\n<div>Al ser consultado si ir\u00e1 como candidato, el gobernador dijo: <strong>\u201custedes saben que Osvaldo Jaldo siempre es un bombero voluntario y est\u00e1 dispuesto a ir a donde lo llaman. Vamos a poner todo el esfuerzo y vamos a poner las mejores mujeres y los mejores hombres para tener un triunfo contundente en la provincia\u201d<\/strong><\/div>\n<\/div>\n<\/div>\n<\/div>\n<\/div>\n<\/div>\n","protected":false},"excerpt":{"rendered":"<p>El gobernador y vice del PJ tucumano asegur\u00f3 que el objetivo es cerrar listas con la mayor unidad posible. \u201cLas elecciones no frenan la gesti\u00f3n; el 27 hay que seguir trabajando por Tucum\u00e1n y la Argentina\u201d, afirm\u00f3. A dos semanas del cierre de las n\u00f3minas de cara a las pr\u00f3ximas elecciones nacionales, el gobernador y &hellip;<\/p>\n","protected":false},"author":2,"featured_media":10086,"comment_status":"open","ping_status":"open","sticky":false,"template":"","format":"standard","meta":{"footnotes":""},"categories":[34,25],"tags":[1050,94,160],"class_list":["post-10085","post","type-post","status-publish","format-standard","has-post-thumbnail","hentry","category-locales","category-politica","tag-elecciones-2025","tag-jaldo","tag-tucuman"],"_links":{"self":[{"href":"https:\/\/cafeprensa.com.ar\/index.php\/wp-json\/wp\/v2\/posts\/10085","targetHints":{"allow":["GET"]}}],"collection":[{"href":"https:\/\/cafeprensa.com.ar\/index.php\/wp-json\/wp\/v2\/posts"}],"about":[{"href":"https:\/\/cafeprensa.com.ar\/index.php\/wp-json\/wp\/v2\/types\/post"}],"author":[{"embeddable":true,"href":"https:\/\/cafeprensa.com.ar\/index.php\/wp-json\/wp\/v2\/users\/2"}],"replies":[{"embeddable":true,"href":"https:\/\/cafeprensa.com.ar\/index.php\/wp-json\/wp\/v2\/comments?post=10085"}],"version-history":[{"count":1,"href":"https:\/\/cafeprensa.com.ar\/index.php\/wp-json\/wp\/v2\/posts\/10085\/revisions"}],"predecessor-version":[{"id":10087,"href":"https:\/\/cafeprensa.com.ar\/index.php\/wp-json\/wp\/v2\/posts\/10085\/revisions\/10087"}],"wp:featuredmedia":[{"embeddable":true,"href":"https:\/\/cafeprensa.com.ar\/index.php\/wp-json\/wp\/v2\/media\/10086"}],"wp:attachment":[{"href":"https:\/\/cafeprensa.com.ar\/index.php\/wp-json\/wp\/v2\/media?parent=10085"}],"wp:term":[{"taxonomy":"category","embeddable":true,"href":"https:\/\/cafeprensa.com.ar\/index.php\/wp-json\/wp\/v2\/categories?post=10085"},{"taxonomy":"post_tag","embeddable":true,"href":"https:\/\/cafeprensa.com.ar\/index.php\/wp-json\/wp\/v2\/tags?post=10085"}],"curies":[{"name":"wp","href":"https:\/\/api.w.org\/{rel}","templated":true}]}}