{"id":10121,"date":"2025-07-30T12:54:59","date_gmt":"2025-07-30T10:54:59","guid":{"rendered":"https:\/\/cafeprensa.com.ar\/?p=10121"},"modified":"2025-07-30T13:21:02","modified_gmt":"2025-07-30T11:21:02","slug":"concepcion-albarracin-impulsa-mejoras-y-reafirma-valores-en-la-escuela-presidente-illia","status":"publish","type":"post","link":"https:\/\/cafeprensa.com.ar\/index.php\/2025\/07\/30\/concepcion-albarracin-impulsa-mejoras-y-reafirma-valores-en-la-escuela-presidente-illia\/","title":{"rendered":"Concepci\u00f3n: Albarrac\u00edn impulsa mejoras y reafirma valores en la Escuela Presidente Illia"},"content":{"rendered":"<div>\n<div class=\"bajadaVerNoticia\"><strong>\u201cInvertir en la escuela es invertir en el futuro de la Patria\u201d<\/strong>, afirm\u00f3 Ra\u00fal Albarrac\u00edn, al inaugurar un m\u00e1stil, murales y un busto en honor a Illia, destacando el compromiso del Gobierno provincial con la identidad, los valores democr\u00e1ticos y el entorno educativo. <img loading=\"lazy\" decoding=\"async\" class=\"alignnone wp-image-10124 size-large\" src=\"https:\/\/cafeprensa.com.ar\/wp-content\/uploads\/2025\/07\/525420089_24125140963805128_3109503035678208945_n-605x1024.jpg\" alt=\"\" width=\"605\" height=\"1024\" srcset=\"https:\/\/cafeprensa.com.ar\/wp-content\/uploads\/2025\/07\/525420089_24125140963805128_3109503035678208945_n-605x1024.jpg 605w, https:\/\/cafeprensa.com.ar\/wp-content\/uploads\/2025\/07\/525420089_24125140963805128_3109503035678208945_n-177x300.jpg 177w, https:\/\/cafeprensa.com.ar\/wp-content\/uploads\/2025\/07\/525420089_24125140963805128_3109503035678208945_n-768x1299.jpg 768w, https:\/\/cafeprensa.com.ar\/wp-content\/uploads\/2025\/07\/525420089_24125140963805128_3109503035678208945_n-908x1536.jpg 908w, https:\/\/cafeprensa.com.ar\/wp-content\/uploads\/2025\/07\/525420089_24125140963805128_3109503035678208945_n.jpg 946w\" sizes=\"auto, (max-width: 605px) 100vw, 605px\" \/><\/div>\n<\/div>\n<div class=\"cuerpoVerNoticia\">\n<div>\n<p>En el marco del compromiso con la educaci\u00f3n y el fortalecimiento institucional, el secretario de Gobierno y Relaciones Institucionales,\u00a0<strong>Dr. Ra\u00fal Albarrac\u00edn<\/strong>, encabez\u00f3 una emotiva jornada en la Escuela Presidente\u00a0<strong>Dr. Arturo Illia<\/strong>, donde se llevaron adelante importantes acciones de puesta en valor del entorno escolar.<\/p>\n<div>Durante el acto se inaugur\u00f3 el m\u00e1stil principal del establecimiento, que permitir\u00e1 que la bandera nacional acompa\u00f1e diariamente el ingreso de la comunidad educativa, como s\u00edmbolo de identidad, unidad y compromiso patrio.<img loading=\"lazy\" decoding=\"async\" class=\"alignnone wp-image-10122 size-large\" src=\"https:\/\/cafeprensa.com.ar\/wp-content\/uploads\/2025\/07\/525014417_24125141520471739_5085005087852145810_n-1024x859.jpg\" alt=\"\" width=\"1024\" height=\"859\" srcset=\"https:\/\/cafeprensa.com.ar\/wp-content\/uploads\/2025\/07\/525014417_24125141520471739_5085005087852145810_n-1024x859.jpg 1024w, https:\/\/cafeprensa.com.ar\/wp-content\/uploads\/2025\/07\/525014417_24125141520471739_5085005087852145810_n-300x252.jpg 300w, https:\/\/cafeprensa.com.ar\/wp-content\/uploads\/2025\/07\/525014417_24125141520471739_5085005087852145810_n-768x644.jpg 768w, https:\/\/cafeprensa.com.ar\/wp-content\/uploads\/2025\/07\/525014417_24125141520471739_5085005087852145810_n.jpg 1341w\" sizes=\"auto, (max-width: 1024px) 100vw, 1024px\" \/><\/div>\n<div>\n<p>La ceremonia fue bendecida por el obispo de la di\u00f3cesis de Concepci\u00f3n, monse\u00f1or<strong>\u00a0Jos\u00e9 Antonio D\u00edaz<\/strong>, y cont\u00f3 con la presencia de la ministra de Educaci\u00f3n,\u00a0<strong>Prof. Susana Montaldo<\/strong>.<\/p>\n<div>En ese contexto tambi\u00e9n se inaugur\u00f3 el busto del<strong> presidente Arturo Umberto Illia<\/strong>, referente de los valores democr\u00e1ticos de la historia argentina, y se presentaron murales realizados por la artista pl\u00e1stica Mariela Belloto, que reflejan el esp\u00edritu de la escuela y su v\u00ednculo con la comunidad.<\/div>\n<div>\n<p><img loading=\"lazy\" decoding=\"async\" class=\"alignnone wp-image-10125 size-large\" src=\"https:\/\/cafeprensa.com.ar\/wp-content\/uploads\/2025\/07\/526179093_24125141077138450_8633842360956613526_n-1024x858.jpg\" alt=\"\" width=\"1024\" height=\"858\" srcset=\"https:\/\/cafeprensa.com.ar\/wp-content\/uploads\/2025\/07\/526179093_24125141077138450_8633842360956613526_n-1024x858.jpg 1024w, https:\/\/cafeprensa.com.ar\/wp-content\/uploads\/2025\/07\/526179093_24125141077138450_8633842360956613526_n-300x251.jpg 300w, https:\/\/cafeprensa.com.ar\/wp-content\/uploads\/2025\/07\/526179093_24125141077138450_8633842360956613526_n-768x644.jpg 768w, https:\/\/cafeprensa.com.ar\/wp-content\/uploads\/2025\/07\/526179093_24125141077138450_8633842360956613526_n.jpg 1440w\" sizes=\"auto, (max-width: 1024px) 100vw, 1024px\" \/><\/p>\n<div>Estas acciones fueron promovidas y gestionadas por el secretario de Gobierno y Relaciones Institucionales, Dr. <strong>Ra\u00fal Albarrac\u00edn, padrino de la instituci\u00f3n, quien reafirma de esta manera el acompa\u00f1amiento del Gobierno provincial a las escuelas tucumanas, fortaleciendo la identidad institucional, el arraigo de los valores republicanos y la mejora del entorno educativo.<img loading=\"lazy\" decoding=\"async\" class=\"alignnone wp-image-10127 size-large\" src=\"https:\/\/cafeprensa.com.ar\/wp-content\/uploads\/2025\/07\/526347396_24125141913805033_8153018786716352345_n-1024x859.jpg\" alt=\"\" width=\"1024\" height=\"859\" srcset=\"https:\/\/cafeprensa.com.ar\/wp-content\/uploads\/2025\/07\/526347396_24125141913805033_8153018786716352345_n-1024x859.jpg 1024w, https:\/\/cafeprensa.com.ar\/wp-content\/uploads\/2025\/07\/526347396_24125141913805033_8153018786716352345_n-300x252.jpg 300w, https:\/\/cafeprensa.com.ar\/wp-content\/uploads\/2025\/07\/526347396_24125141913805033_8153018786716352345_n-768x644.jpg 768w, https:\/\/cafeprensa.com.ar\/wp-content\/uploads\/2025\/07\/526347396_24125141913805033_8153018786716352345_n.jpg 1341w\" sizes=\"auto, (max-width: 1024px) 100vw, 1024px\" \/><\/strong><\/div>\n<\/div>\n<\/div>\n<\/div>\n<\/div>\n","protected":false},"excerpt":{"rendered":"<p>\u201cInvertir en la escuela es invertir en el futuro de la Patria\u201d, afirm\u00f3 Ra\u00fal Albarrac\u00edn, al inaugurar un m\u00e1stil, murales y un busto en honor a Illia, destacando el compromiso del Gobierno provincial con la identidad, los valores democr\u00e1ticos y el entorno educativo. En el marco del compromiso con la educaci\u00f3n y el fortalecimiento institucional, &hellip;<\/p>\n","protected":false},"author":2,"featured_media":10126,"comment_status":"open","ping_status":"open","sticky":false,"template":"","format":"standard","meta":{"footnotes":""},"categories":[38,34],"tags":[2295,498],"class_list":["post-10121","post","type-post","status-publish","format-standard","has-post-thumbnail","hentry","category-educacion","category-locales","tag-prof-susana-montaldo","tag-raul-albarracin"],"_links":{"self":[{"href":"https:\/\/cafeprensa.com.ar\/index.php\/wp-json\/wp\/v2\/posts\/10121","targetHints":{"allow":["GET"]}}],"collection":[{"href":"https:\/\/cafeprensa.com.ar\/index.php\/wp-json\/wp\/v2\/posts"}],"about":[{"href":"https:\/\/cafeprensa.com.ar\/index.php\/wp-json\/wp\/v2\/types\/post"}],"author":[{"embeddable":true,"href":"https:\/\/cafeprensa.com.ar\/index.php\/wp-json\/wp\/v2\/users\/2"}],"replies":[{"embeddable":true,"href":"https:\/\/cafeprensa.com.ar\/index.php\/wp-json\/wp\/v2\/comments?post=10121"}],"version-history":[{"count":2,"href":"https:\/\/cafeprensa.com.ar\/index.php\/wp-json\/wp\/v2\/posts\/10121\/revisions"}],"predecessor-version":[{"id":10129,"href":"https:\/\/cafeprensa.com.ar\/index.php\/wp-json\/wp\/v2\/posts\/10121\/revisions\/10129"}],"wp:featuredmedia":[{"embeddable":true,"href":"https:\/\/cafeprensa.com.ar\/index.php\/wp-json\/wp\/v2\/media\/10126"}],"wp:attachment":[{"href":"https:\/\/cafeprensa.com.ar\/index.php\/wp-json\/wp\/v2\/media?parent=10121"}],"wp:term":[{"taxonomy":"category","embeddable":true,"href":"https:\/\/cafeprensa.com.ar\/index.php\/wp-json\/wp\/v2\/categories?post=10121"},{"taxonomy":"post_tag","embeddable":true,"href":"https:\/\/cafeprensa.com.ar\/index.php\/wp-json\/wp\/v2\/tags?post=10121"}],"curies":[{"name":"wp","href":"https:\/\/api.w.org\/{rel}","templated":true}]}}