{"id":10130,"date":"2025-07-30T13:30:48","date_gmt":"2025-07-30T11:30:48","guid":{"rendered":"https:\/\/cafeprensa.com.ar\/?p=10130"},"modified":"2025-07-30T13:30:59","modified_gmt":"2025-07-30T11:30:59","slug":"juan-grabois-vs-sergio-massa-y-sebastian-galmarini-lo-atendio-en-el-acto","status":"publish","type":"post","link":"https:\/\/cafeprensa.com.ar\/index.php\/2025\/07\/30\/juan-grabois-vs-sergio-massa-y-sebastian-galmarini-lo-atendio-en-el-acto\/","title":{"rendered":"Juan Grabois vs. Sergio Massa y Sebasti\u00e1n Galmarini lo \u00abatendi\u00f3\u00bb en el acto"},"content":{"rendered":"<div class=\"the-post-header s-head-modern s-head-modern-a has-share-meta-right\">\n<div class=\"post-meta post-meta-a post-meta-left post-meta-single has-below\"><em>El dirigente \u00abpiquetero\u00bb amenaz\u00f3 con ir por afuera del peronismo, si no encabeza la lista de diputados para las elecciones de octubre.<\/em><\/div>\n<\/div>\n<div class=\"the-post s-post-modern\">\n<article id=\"post-77464\" class=\"post-77464 post type-post status-publish format-standard has-post-thumbnail category-nacionales category-destacada-2 tag-fuerza-patria tag-interna-en-el-pj tag-juan-grabois tag-sebastian-galmarini tag-sergio-massa\">\n<div class=\"post-content-wrap has-share-float\">\n<div class=\"post-content cf entry-content content-spacious\">\n<figure class=\"wp-block-embed aligncenter is-type-rich is-provider-twitter wp-block-embed-twitter\">\n<div class=\"wp-block-embed__wrapper\">\n<div class=\"twitter-tweet twitter-tweet-rendered\"><iframe id=\"twitter-widget-0\" class=\"\" title=\"X Post\" src=\"https:\/\/platform.twitter.com\/embed\/Tweet.html?creatorScreenName=EFnoticiasok&amp;dnt=true&amp;embedId=twitter-widget-0&amp;features=eyJ0ZndfdGltZWxpbmVfbGlzdCI6eyJidWNrZXQiOltdLCJ2ZXJzaW9uIjpudWxsfSwidGZ3X2ZvbGxvd2VyX2NvdW50X3N1bnNldCI6eyJidWNrZXQiOnRydWUsInZlcnNpb24iOm51bGx9LCJ0ZndfdHdlZXRfZWRpdF9iYWNrZW5kIjp7ImJ1Y2tldCI6Im9uIiwidmVyc2lvbiI6bnVsbH0sInRmd19yZWZzcmNfc2Vzc2lvbiI6eyJidWNrZXQiOiJvbiIsInZlcnNpb24iOm51bGx9LCJ0ZndfZm9zbnJfc29mdF9pbnRlcnZlbnRpb25zX2VuYWJsZWQiOnsiYnVja2V0Ijoib24iLCJ2ZXJzaW9uIjpudWxsfSwidGZ3X21peGVkX21lZGlhXzE1ODk3Ijp7ImJ1Y2tldCI6InRyZWF0bWVudCIsInZlcnNpb24iOm51bGx9LCJ0ZndfZXhwZXJpbWVudHNfY29va2llX2V4cGlyYXRpb24iOnsiYnVja2V0IjoxMjA5NjAwLCJ2ZXJzaW9uIjpudWxsfSwidGZ3X3Nob3dfYmlyZHdhdGNoX3Bpdm90c19lbmFibGVkIjp7ImJ1Y2tldCI6Im9uIiwidmVyc2lvbiI6bnVsbH0sInRmd19kdXBsaWNhdGVfc2NyaWJlc190b19zZXR0aW5ncyI6eyJidWNrZXQiOiJvbiIsInZlcnNpb24iOm51bGx9LCJ0ZndfdXNlX3Byb2ZpbGVfaW1hZ2Vfc2hhcGVfZW5hYmxlZCI6eyJidWNrZXQiOiJvbiIsInZlcnNpb24iOm51bGx9LCJ0ZndfdmlkZW9faGxzX2R5bmFtaWNfbWFuaWZlc3RzXzE1MDgyIjp7ImJ1Y2tldCI6InRydWVfYml0cmF0ZSIsInZlcnNpb24iOm51bGx9LCJ0ZndfbGVnYWN5X3RpbWVsaW5lX3N1bnNldCI6eyJidWNrZXQiOnRydWUsInZlcnNpb24iOm51bGx9LCJ0ZndfdHdlZXRfZWRpdF9mcm9udGVuZCI6eyJidWNrZXQiOiJvbiIsInZlcnNpb24iOm51bGx9fQ%3D%3D&amp;frame=false&amp;hideCard=false&amp;hideThread=false&amp;id=1949989346024566996&amp;lang=es&amp;origin=https%3A%2F%2Felfederalnoticias.com.ar%2Fjuan-grabois-cuestiono-a-sergio-massa-y-sebastian-galmarini-lo-atendio-en-el-acto%2F&amp;sessionId=88785477685ccaaa26f3340a5becd193075eb5e3&amp;siteScreenName=EFnoticiasok&amp;theme=light&amp;widgetsVersion=2615f7e52b7e0%3A1702314776716&amp;width=550px\" frameborder=\"0\" scrolling=\"no\" allowfullscreen=\"allowfullscreen\" data-tweet-id=\"1949989346024566996\" data-mce-fragment=\"1\"><\/iframe><\/div>\n<\/div><figcaption class=\"wp-element-caption\">Declaraci\u00f3n de Grabois en el segundo video.<\/figcaption><\/figure>\n<p>La interna en el peronismo se agudiza de cara a las elecciones nacionales de octubre de 2025. En la noche del lunes el referente del partido <strong>Patria Grande<\/strong>,\u00a0<strong>Juan Grabois<\/strong>, manifest\u00f3 en una entrevista con\u00a0<strong>C5N<\/strong>, sus pretensiones de encabezar la lista de candidatos a diputados nacionales por la provincia de\u00a0<strong>Buenos Aires<\/strong>, y advirti\u00f3 que formar\u00e1 una lista aparte, si la mesa pol\u00edtica del\u00a0<strong>Partido Justicialista<\/strong>\u00a0no se lo permite.<\/p>\n<p>El l\u00edder piquetero apunto contra\u00a0Sergio Massa\u00a0como una de las figuras del peronismo que no permite que avance su candidatura para las elecciones de octubre, expres\u00f3:\u00a0<strong>\u201c\u00bfVos pens\u00e1s que a m\u00ed la rosca pol\u00edtica me va a permitir encabezar una lista? Llam\u00e1lo a Massa y preguntale\u201d.<\/strong><\/p>\n<p>Grabois afirm\u00f3:\u00a0<strong>\u00abPon\u00e9 una encuesta de los candidatos de la provincia de Buenos Aires quienes miden m\u00e1s. Fijate quien mide m\u00e1s. Bueno, en todas las que me pasaron a m\u00ed, el que mide m\u00e1s soy yo\u201d<\/strong>, y agreg\u00f3: \u201c<strong>Massa mide 8 puntos menos que yo<\/strong>\u201c. En su invectiva contra el ex-candidato presidencial en las elecciones de 2023: \u201c<strong>No puedo aceptar que el espacio peronista lo hegemonice Massa, alguien que le hizo da\u00f1o a Bergoglio<\/strong>\u201c.<\/p>\n<p class=\"has-large-font-size\"><strong>\u00abEl vuelto\u00bb no se hizo esperar<\/strong><\/p>\n<figure class=\"wp-block-embed is-type-rich is-provider-twitter wp-block-embed-twitter\">\n<div class=\"wp-block-embed__wrapper\">\n<div class=\"twitter-tweet twitter-tweet-rendered\"><iframe id=\"twitter-widget-1\" class=\"\" title=\"X Post\" src=\"https:\/\/platform.twitter.com\/embed\/Tweet.html?creatorScreenName=EFnoticiasok&amp;dnt=true&amp;embedId=twitter-widget-1&amp;features=eyJ0ZndfdGltZWxpbmVfbGlzdCI6eyJidWNrZXQiOltdLCJ2ZXJzaW9uIjpudWxsfSwidGZ3X2ZvbGxvd2VyX2NvdW50X3N1bnNldCI6eyJidWNrZXQiOnRydWUsInZlcnNpb24iOm51bGx9LCJ0ZndfdHdlZXRfZWRpdF9iYWNrZW5kIjp7ImJ1Y2tldCI6Im9uIiwidmVyc2lvbiI6bnVsbH0sInRmd19yZWZzcmNfc2Vzc2lvbiI6eyJidWNrZXQiOiJvbiIsInZlcnNpb24iOm51bGx9LCJ0ZndfZm9zbnJfc29mdF9pbnRlcnZlbnRpb25zX2VuYWJsZWQiOnsiYnVja2V0Ijoib24iLCJ2ZXJzaW9uIjpudWxsfSwidGZ3X21peGVkX21lZGlhXzE1ODk3Ijp7ImJ1Y2tldCI6InRyZWF0bWVudCIsInZlcnNpb24iOm51bGx9LCJ0ZndfZXhwZXJpbWVudHNfY29va2llX2V4cGlyYXRpb24iOnsiYnVja2V0IjoxMjA5NjAwLCJ2ZXJzaW9uIjpudWxsfSwidGZ3X3Nob3dfYmlyZHdhdGNoX3Bpdm90c19lbmFibGVkIjp7ImJ1Y2tldCI6Im9uIiwidmVyc2lvbiI6bnVsbH0sInRmd19kdXBsaWNhdGVfc2NyaWJlc190b19zZXR0aW5ncyI6eyJidWNrZXQiOiJvbiIsInZlcnNpb24iOm51bGx9LCJ0ZndfdXNlX3Byb2ZpbGVfaW1hZ2Vfc2hhcGVfZW5hYmxlZCI6eyJidWNrZXQiOiJvbiIsInZlcnNpb24iOm51bGx9LCJ0ZndfdmlkZW9faGxzX2R5bmFtaWNfbWFuaWZlc3RzXzE1MDgyIjp7ImJ1Y2tldCI6InRydWVfYml0cmF0ZSIsInZlcnNpb24iOm51bGx9LCJ0ZndfbGVnYWN5X3RpbWVsaW5lX3N1bnNldCI6eyJidWNrZXQiOnRydWUsInZlcnNpb24iOm51bGx9LCJ0ZndfdHdlZXRfZWRpdF9mcm9udGVuZCI6eyJidWNrZXQiOiJvbiIsInZlcnNpb24iOm51bGx9fQ%3D%3D&amp;frame=false&amp;hideCard=false&amp;hideThread=false&amp;id=1949993341984145717&amp;lang=es&amp;origin=https%3A%2F%2Felfederalnoticias.com.ar%2Fjuan-grabois-cuestiono-a-sergio-massa-y-sebastian-galmarini-lo-atendio-en-el-acto%2F&amp;sessionId=88785477685ccaaa26f3340a5becd193075eb5e3&amp;siteScreenName=EFnoticiasok&amp;theme=light&amp;widgetsVersion=2615f7e52b7e0%3A1702314776716&amp;width=550px\" frameborder=\"0\" scrolling=\"no\" allowfullscreen=\"allowfullscreen\" data-tweet-id=\"1949993341984145717\" data-mce-fragment=\"1\"><\/iframe><\/div>\n<\/div>\n<\/figure>\n<p><strong>Sebasti\u00e1n Galmarini<\/strong>\u00a0lo trat\u00f3 de\u00a0<strong>\u201cmentiroso, delirante e in\u00fatil\u201d<\/strong>, y le record\u00f3 que\u00a0Massa\u00a0le gan\u00f3 con holgura la interna presidencial del 2023:\u00a0<strong>\u201cfue bastante f\u00e1cil\u2026<\/strong>\u00a0<strong>nunca ganaste ni una sociedad de fomento<\/strong>\u00ab.<\/p>\n<p>Galmarini trat\u00f3 a\u00a0Grabois\u00a0de ser funcional al presidente\u00a0<strong>Javier Milei<\/strong>, y advirti\u00f3 que si encabeza la lista de diputados nacionales, ser\u00eda algo totalmente funcional al oficialismo nacional: \u201c<strong>Podr\u00edas explicar c\u00f3mo haces oposici\u00f3n tan dura que no cortas una vereda desde el Gobierno anterior<\/strong>\u201c, lo \u00abapur\u00f3\u00bb el cu\u00f1ado de\u00a0Sergio Massa.<\/p>\n<\/div>\n<\/div>\n<\/article>\n<\/div>\n","protected":false},"excerpt":{"rendered":"<p>El dirigente \u00abpiquetero\u00bb amenaz\u00f3 con ir por afuera del peronismo, si no encabeza la lista de diputados para las elecciones de octubre. Declaraci\u00f3n de Grabois en el segundo video. La interna en el peronismo se agudiza de cara a las elecciones nacionales de octubre de 2025. En la noche del lunes el referente del partido &hellip;<\/p>\n","protected":false},"author":2,"featured_media":10131,"comment_status":"open","ping_status":"open","sticky":false,"template":"","format":"standard","meta":{"footnotes":""},"categories":[34,25],"tags":[2296],"class_list":["post-10130","post","type-post","status-publish","format-standard","has-post-thumbnail","hentry","category-locales","category-politica","tag-juan-grabois-vs-sergio-massa"],"_links":{"self":[{"href":"https:\/\/cafeprensa.com.ar\/index.php\/wp-json\/wp\/v2\/posts\/10130","targetHints":{"allow":["GET"]}}],"collection":[{"href":"https:\/\/cafeprensa.com.ar\/index.php\/wp-json\/wp\/v2\/posts"}],"about":[{"href":"https:\/\/cafeprensa.com.ar\/index.php\/wp-json\/wp\/v2\/types\/post"}],"author":[{"embeddable":true,"href":"https:\/\/cafeprensa.com.ar\/index.php\/wp-json\/wp\/v2\/users\/2"}],"replies":[{"embeddable":true,"href":"https:\/\/cafeprensa.com.ar\/index.php\/wp-json\/wp\/v2\/comments?post=10130"}],"version-history":[{"count":2,"href":"https:\/\/cafeprensa.com.ar\/index.php\/wp-json\/wp\/v2\/posts\/10130\/revisions"}],"predecessor-version":[{"id":10133,"href":"https:\/\/cafeprensa.com.ar\/index.php\/wp-json\/wp\/v2\/posts\/10130\/revisions\/10133"}],"wp:featuredmedia":[{"embeddable":true,"href":"https:\/\/cafeprensa.com.ar\/index.php\/wp-json\/wp\/v2\/media\/10131"}],"wp:attachment":[{"href":"https:\/\/cafeprensa.com.ar\/index.php\/wp-json\/wp\/v2\/media?parent=10130"}],"wp:term":[{"taxonomy":"category","embeddable":true,"href":"https:\/\/cafeprensa.com.ar\/index.php\/wp-json\/wp\/v2\/categories?post=10130"},{"taxonomy":"post_tag","embeddable":true,"href":"https:\/\/cafeprensa.com.ar\/index.php\/wp-json\/wp\/v2\/tags?post=10130"}],"curies":[{"name":"wp","href":"https:\/\/api.w.org\/{rel}","templated":true}]}}