{"id":10143,"date":"2025-07-30T14:40:22","date_gmt":"2025-07-30T12:40:22","guid":{"rendered":"https:\/\/cafeprensa.com.ar\/?p=10143"},"modified":"2025-07-30T14:40:22","modified_gmt":"2025-07-30T12:40:22","slug":"la-peque-pareto-conto-el-mensaje-que-le-dio-a-locomotora-oliveras-antes-de-morir-y-que-nunca-olvidara","status":"publish","type":"post","link":"https:\/\/cafeprensa.com.ar\/index.php\/2025\/07\/30\/la-peque-pareto-conto-el-mensaje-que-le-dio-a-locomotora-oliveras-antes-de-morir-y-que-nunca-olvidara\/","title":{"rendered":"La Peque Pareto cont\u00f3 el mensaje que le dio a Locomotora Oliveras antes de morir y que nunca olvidar\u00e1"},"content":{"rendered":"<section class=\"news-body-hero\">\n<p class=\"news-hero-title\"><span style=\"font-size: 16px; font-weight: 400;\">La Peque Paula Pareto record\u00f3 con emoci\u00f3n a Alejandra Locomotora Oliveras y cont\u00f3 qu\u00e9 le alcanz\u00f3 a decir en persona antes de su muerte. <\/span>La muerte de\u00a0<strong>Alejandra Locomotora Oliveras<\/strong>\u00a0a los 47 a\u00f1os caus\u00f3 una gran conmoci\u00f3n en todo el mundo del deporte y tambi\u00e9n del espect\u00e1culo por la gran cantidad de entrevistas que brind\u00f3 la boxeadora a lo largo de su extensa y exitosa carrera.<\/p>\n<\/section>\n<section class=\"news-body-wrapper\">\n<div class=\"news-body-content air\">\n<article class=\"article-body par-2\">\n<div class=\"article-content\">\n<div class=\"news-body-paragraph\">\n<p>En ese sentido,\u00a0<strong>Paula la Peque Pareto<\/strong>, quien obtuvo la medalla de oro en los\u00a0<strong>Juegos Ol\u00edmpicos de R\u00edo<\/strong> 2016 , revel\u00f3 el mensaje que le pudo dar en persona a la Locomotora antes de su muerte.<\/p>\n<\/div>\n<\/div>\n<\/article>\n<div class=\"news-body-read-wrapper\">\n<div class=\"news-body-read-content\">\n<p class=\"news-body-read-title\"><strong>La Justicia fren\u00f3 la cremaci\u00f3n de Alejandra Locomotora Oliveras por una denuncia sobre uso de anab\u00f3licos.<\/strong><\/p>\n<\/div>\n<\/div>\n<article class=\"article-body par-3\">\n<div class=\"article-content\">\n<div class=\"news-body-paragraph\">\n<p>Conmovida por la triste noticia del fallecimiento de la carism\u00e1tica boxeadora juje\u00f1a,\u00a0<strong>la Peque<\/strong> comparti\u00f3 en sus historias de Instagram un movilizante posteo.<strong> <em>\u00abGracias Ale Locomotora Oliveras por tu ejemplo de superaci\u00f3n, de perseverancia y de nunca darse por vencida\u00bb,<\/em>\u00a0<\/strong>comenz\u00f3 su mensaje la deportista. <em>\u00abGracias por ser motivadora y hacernos entender los valores que realmente valen la pena en la vida. Gracias por ense\u00f1arnos a vivir agradecidos. Adonde est\u00e9s, que sea en paz\u00bb,<\/em>\u00a0continu\u00f3\u00a0<strong>la Peque<\/strong>\u00a0<strong>Pareto<\/strong> a flor de piel. Y cerr\u00f3 revelando que esas palabras pudo dec\u00edrselas a ella en persona cuando se conocieron: <strong><em>\u00abTuve la suerte de decirte esto cuando nos conocimos en persona y hoy lo hago p\u00fablico. Gracias\u00bb.<\/em><\/strong><\/p>\n<\/div>\n<\/div>\n<\/article>\n<article class=\"article-body third-p\">\n<div class=\"article-content\">\n<div class=\"news-body-paragraph\">\n<p><strong>Alejandra Locomotora Oliveras<\/strong>\u00a0muri\u00f3 el lunes a las 16 horas en el\u00a0<strong>Hospital Jos\u00e9 Mar\u00eda Cullen\u00a0<\/strong>de la ciudad de\u00a0<strong>Santa Fe<\/strong>\u00a0donde se encontraba internada hace dos semanas en terapia intensiva tras sufrir un accidente cerebro vascular isqu\u00e9mico y presentar un cuadro cr\u00edtico desde el comienzo de su ingreso a la cl\u00ednica y el fin de semana hab\u00eda tenido una leve mejor\u00eda.<\/p>\n<div id=\"1663032-Libre Sin Limite-1065037679_wrap\" class=\"embed_cont type_imagen\" contenteditable=\"false\">\n<div id=\"1663032-Libre Sin Limite-1065037679_content\" class=\"embed_content\"><img decoding=\"async\" id=\"1663032-Libre Sin Limite-1065037679_embed\" title=\"\" src=\"https:\/\/media.a24.com\/p\/cba8858939d45210c8c3a52e44b9219b\/adjuntos\/296\/imagenes\/009\/597\/0009597598\/1200x0\/smart\/paula-pareto-mensaje-muerte-locomotora-oliveras.jpg\" alt=\"\" width=\"1200\" height=\"undefined\" \/><\/p>\n<div class=\"zoomBTN-wrapper\">\n<div id=\"zoomBtn-1663032-Libre Sin Limite-1065037679_embed\" class=\"zoomBTN icon-fullscreen\"><\/div>\n<\/div>\n<\/div>\n<div id=\"1663032-Libre Sin Limite-1065037679_epigrafe\" class=\"embed_epigrafe\"><\/div>\n<div id=\"1663032-Libre Sin Limite-1065037679_copyright\" class=\"embed_copyright\"><\/div>\n<\/div>\n<p><strong>El recuerdo de la Tigresa Acu\u00f1a de la Locomotora Oliveras, su hist\u00f3rica rival en el boxeo<\/strong><\/p>\n<p><strong>Marcela\u00a0<a href=\"https:\/\/www.a24.com\/primiciasya\/era-una-mujer-luz-la-conmovedora-despedida-la-tigresa-acuna-locomotora-oliveras-n1460803\" target=\"_blank\" rel=\"follow noopener\">la Tigresa<\/a>\u00a0Acu\u00f1a\u00a0<\/strong>record\u00f3 con profunda emoci\u00f3n a su colega<strong>\u00a0Alejandra Locomotora Oliveras<\/strong>\u00a0en di\u00e1logo con el programa\u00a0<strong>S\u00e1lvese quien pueda (Am\u00e9rica TV)<\/strong>.<\/p>\n<p><strong><em>\u00abEstoy muy conmovida. Desde que me enter\u00e9 de que hab\u00eda sido internada con un ACV siempre estuve al tanto, en contacto los \u00faltimos d\u00edas con un familiar. Llegu\u00e9 a todos los partes m\u00e9dicos que hasta ayer daban una luz de esperanza para su recuperaci\u00f3n\u00bb<\/em><\/strong>, expres\u00f3 la campeona de boxeo tras conocerse la muerte de<strong>\u00a0Locomotora<\/strong>.<\/p>\n<p><em>\u00abAle era una mujer de luz, una mujer que siempre iba al frente y que, con su ejemplo, demostraba que si realmente ten\u00edas ganas de cumplir un objetivo, lo lograbas\u00bb,<\/em>\u00a0destac\u00f3 la\u00a0<strong>Tigresa\u00a0<\/strong>sobre el coraje de su rival en el ring. Record\u00f3 tambi\u00e9n su primer encuentro con\u00a0<strong>Locomotora Oliveras<\/strong>, antes de enfrentarse en el ring en 2008:\u00a0<em>\u00abLa primera vez que la vi fue antes de nuestra pelea en el a\u00f1o 2008 y si bien en ese momento no era tan carism\u00e1tica como en el \u00faltimo tiempo, siempre tuvo su brillo\u00bb.<\/em><\/p>\n<p><strong><em>\u00abNuestros encuentros nunca fueron tan buenos que digamos y despu\u00e9s de la pelea mucho menos. Ah\u00ed estuvimos pr\u00e1cticamente 16 a\u00f1os sin hablarnos. No nos pod\u00edamos encontrar en los programas de televisi\u00f3n. Nos tir\u00e1bamos con munici\u00f3n muy gruesa\u00bb,<\/em><\/strong>\u00a0reconoci\u00f3 sobre las diferencias que tuvieron. Sin embargo, dio detalles de la charla que pudieron tener para dejar de lado aquellas diferencias que las enfrent\u00f3.<\/p>\n<p><strong><em>\u00abPero gracias a Dios, el a\u00f1o pasado, nos reencontramos en el Gran Rex en una pelea de influencers y no tuvimos que decirnos nada, solamente mirarnos. Nos re\u00edmos, nos abrazamos, nos dimos un beso, y dijimos &#8216;bueno, ya estamos grandes para tanta pavada&#8217;, y empezamos a disfrutar de lo que tanto amamos que es el boxeo. La felicit\u00e9 por todas las cosas que estaba logrando, ella por un camino y yo por otro, y de una u otra manera las dos est\u00e1bamos haciendo las mismas<\/em>\u00a0cosas\u00bb<\/strong>, cerr\u00f3\u00a0<strong>Marcela Acu\u00f1a<\/strong>.<\/p>\n<div id=\"embed82_wrap\" class=\"embed_cont type_freetext\" contenteditable=\"false\">\n<div id=\"embed82_content\" class=\"embed_content\">\n<div id=\"embed82_embed\">\n<div><iframe loading=\"lazy\" title=\"Dailymotion video player \u2013 LOCOMOTORA OLIVERAS: EL ADI\u00d3S DE SU AMIGA Y RIVAL, LA TIGRESA ACU\u00d1A\" src=\"https:\/\/geo.dailymotion.com\/player\/xh1xr.html?video=x9nqs8e\" width=\"100%\" height=\"100%\" frameborder=\"0\" allowfullscreen=\"allowfullscreen\" data-td-src-property=\"https:\/\/geo.dailymotion.com\/player\/xh1xr.html?video=x9nqs8e\" data-gtm-yt-inspected-8=\"true\" data-mce-fragment=\"1\"><\/iframe><\/div>\n<\/div>\n<\/div>\n<div id=\"embed82_epigrafe\" class=\"embed_epigrafe\"><\/div>\n<\/div>\n<\/div>\n<\/div>\n<\/article>\n<\/div>\n<\/section>\n","protected":false},"excerpt":{"rendered":"<p>La Peque Paula Pareto record\u00f3 con emoci\u00f3n a Alejandra Locomotora Oliveras y cont\u00f3 qu\u00e9 le alcanz\u00f3 a decir en persona antes de su muerte. La muerte de\u00a0Alejandra Locomotora Oliveras\u00a0a los 47 a\u00f1os caus\u00f3 una gran conmoci\u00f3n en todo el mundo del deporte y tambi\u00e9n del espect\u00e1culo por la gran cantidad de entrevistas que brind\u00f3 la &hellip;<\/p>\n","protected":false},"author":2,"featured_media":10144,"comment_status":"open","ping_status":"open","sticky":false,"template":"","format":"standard","meta":{"footnotes":""},"categories":[29,33],"tags":[2258,2298],"class_list":["post-10143","post","type-post","status-publish","format-standard","has-post-thumbnail","hentry","category-deportes","category-nacionales","tag-alejandra-locomotora-oliveras","tag-peque-pareto"],"_links":{"self":[{"href":"https:\/\/cafeprensa.com.ar\/index.php\/wp-json\/wp\/v2\/posts\/10143","targetHints":{"allow":["GET"]}}],"collection":[{"href":"https:\/\/cafeprensa.com.ar\/index.php\/wp-json\/wp\/v2\/posts"}],"about":[{"href":"https:\/\/cafeprensa.com.ar\/index.php\/wp-json\/wp\/v2\/types\/post"}],"author":[{"embeddable":true,"href":"https:\/\/cafeprensa.com.ar\/index.php\/wp-json\/wp\/v2\/users\/2"}],"replies":[{"embeddable":true,"href":"https:\/\/cafeprensa.com.ar\/index.php\/wp-json\/wp\/v2\/comments?post=10143"}],"version-history":[{"count":1,"href":"https:\/\/cafeprensa.com.ar\/index.php\/wp-json\/wp\/v2\/posts\/10143\/revisions"}],"predecessor-version":[{"id":10145,"href":"https:\/\/cafeprensa.com.ar\/index.php\/wp-json\/wp\/v2\/posts\/10143\/revisions\/10145"}],"wp:featuredmedia":[{"embeddable":true,"href":"https:\/\/cafeprensa.com.ar\/index.php\/wp-json\/wp\/v2\/media\/10144"}],"wp:attachment":[{"href":"https:\/\/cafeprensa.com.ar\/index.php\/wp-json\/wp\/v2\/media?parent=10143"}],"wp:term":[{"taxonomy":"category","embeddable":true,"href":"https:\/\/cafeprensa.com.ar\/index.php\/wp-json\/wp\/v2\/categories?post=10143"},{"taxonomy":"post_tag","embeddable":true,"href":"https:\/\/cafeprensa.com.ar\/index.php\/wp-json\/wp\/v2\/tags?post=10143"}],"curies":[{"name":"wp","href":"https:\/\/api.w.org\/{rel}","templated":true}]}}