{"id":10200,"date":"2025-08-01T16:55:15","date_gmt":"2025-08-01T14:55:15","guid":{"rendered":"https:\/\/cafeprensa.com.ar\/?p=10200"},"modified":"2025-08-01T16:55:15","modified_gmt":"2025-08-01T14:55:15","slug":"en-2027-podemos-tener-un-candidato-a-presidente","status":"publish","type":"post","link":"https:\/\/cafeprensa.com.ar\/index.php\/2025\/08\/01\/en-2027-podemos-tener-un-candidato-a-presidente\/","title":{"rendered":"\u201cEn 2027 podemos tener un candidato a presidente\u201d"},"content":{"rendered":"<header class=\"article-header-wrapper\">\n<div class=\"article-header\">\n<p id=\"ignacio-torres-defendio-el-nuevo-frente-de-gobernadores:-&quot;en-2027-podemos-tener-un-candidato-a-presidente&quot;\" class=\"display-block article-headline text_align_left\">Ignacio Torres defendi\u00f3 el nuevo frente de gobernadores:\u00a0<strong>El mandatario de Chubut se refiri\u00f3 al armado que impulsa junto a otros cuatro dirigentes y sostuvo que el objetivo es construir una representaci\u00f3n nacional desde las provincias productivas.<\/strong><\/p>\n<\/div>\n<\/header>\n<article class=\"article\">\n<div class=\"body-article \">\n<p class=\"paragraph\" data-mrf-recirculation=\"Links inline\">En el marco del lanzamiento de Grito Federal, el gobernador de Chubut,\u00a0<b>Ignacio \u201cNacho\u201d Torres<\/b>, se refiri\u00f3 a la estrategia electoral del nuevo espacio que integran cinco mandatarios provinciales y anticip\u00f3 que<b>\u00a0podr\u00eda llegar a tener un candidato presidencial en 2027<\/b>. Tambi\u00e9n plante\u00f3 cr\u00edticas a los armados tradicionales y defendi\u00f3 el perfil productivo del sur del pa\u00eds como una alternativa a la l\u00f3gica pol\u00edtica centralista.<\/p>\n<p class=\"paragraph\" data-mrf-recirculation=\"Links inline\"><strong>\u201cNo tenemos candidato en provincia de Buenos Aires, lo que tenemos son armados en nuestras provincias que no representan ni al kirchnerismo ni a La Libertad Avanza\u201d,<\/strong> sostuvo Torres. Desde su visi\u00f3n, el espacio surgido esta semana se perfila como una alternativa con proyecci\u00f3n nacional: <strong>\u201cEn el 2027 vamos a tener una representaci\u00f3n y es necesario. Puede ser que este armado tenga candidato a presidente, deber\u00eda ser as\u00ed\u201d.<\/strong><\/p>\n<p class=\"paragraph\" data-mrf-recirculation=\"Links inline\">Las declaraciones del mandatario se dieron durante una entrevista con\u00a0<i>Radio Mitre<\/i>, en la que tambi\u00e9n apunt\u00f3 contra lo que defini\u00f3 como una \u201cArgentina pendular\u201d dominada por dirigentes que buscan acuerdos de corto plazo.\u00a0<b>\u201cEs una alternativa federal para salir de esta Argentina pendular<\/b> y no caer en el rejunte del medio de siempre, que dos o tres dirigentes vanidosos se juntan para porotear dos o tres esca\u00f1os\u201d, afirm\u00f3. Adem\u00e1s, resalt\u00f3 que pueden llegar a tener 20 senadores.<\/p>\n<p class=\"paragraph\" data-mrf-recirculation=\"Links inline\">Torres subray\u00f3 que el nuevo espacio no busca ubicarse en el centro del espectro pol\u00edtico, sino representar a una porci\u00f3n del pa\u00eds con capacidad productiva real.\u00a0<b>\u201cYo no me considero avenida del centro,\u00a0<\/b>hay una cu\u00f1a de la Argentina que produce y genera. Solo la mitad de los d\u00f3lares que genera Argentina dependen de la Patagonia sur\u201d, sostuvo. En ese sentido, plante\u00f3 que el peso pol\u00edtico de las provincias del sur es menor al que deber\u00eda corresponderles seg\u00fan su aporte econ\u00f3mico: <strong>\u201cEs cierto que demogr\u00e1ficamente somos pocos en el sur, pero a nivel producci\u00f3n somos provincias importantes\u201d<\/strong>.<\/p>\n<div class=\"visual__image\"><picture><source srcset=\"https:\/\/www.infobae.com\/resizer\/v2\/3IKEV25RG5EKHA4DK43GPSIR3I.jpeg?auth=58012ce3fc9da8c49fc3e1e1dc09a1ed6e883da3022cc79a191b307a9bded239&amp;smart=true&amp;width=992&amp;height=611&amp;quality=85\" media=\"(min-width: 1000px)\" \/><source srcset=\"https:\/\/www.infobae.com\/resizer\/v2\/3IKEV25RG5EKHA4DK43GPSIR3I.jpeg?auth=58012ce3fc9da8c49fc3e1e1dc09a1ed6e883da3022cc79a191b307a9bded239&amp;smart=true&amp;width=768&amp;height=473&amp;quality=85\" media=\"(min-width: 768px)\" \/><source srcset=\"https:\/\/www.infobae.com\/resizer\/v2\/3IKEV25RG5EKHA4DK43GPSIR3I.jpeg?auth=58012ce3fc9da8c49fc3e1e1dc09a1ed6e883da3022cc79a191b307a9bded239&amp;smart=true&amp;width=577&amp;height=355&amp;quality=85\" media=\"(min-width: 580px)\" \/><source srcset=\"https:\/\/www.infobae.com\/resizer\/v2\/3IKEV25RG5EKHA4DK43GPSIR3I.jpeg?auth=58012ce3fc9da8c49fc3e1e1dc09a1ed6e883da3022cc79a191b307a9bded239&amp;smart=true&amp;width=420&amp;height=259&amp;quality=85\" media=\"(min-width: 350px)\" \/><source srcset=\"https:\/\/www.infobae.com\/resizer\/v2\/3IKEV25RG5EKHA4DK43GPSIR3I.jpeg?auth=58012ce3fc9da8c49fc3e1e1dc09a1ed6e883da3022cc79a191b307a9bded239&amp;smart=true&amp;width=350&amp;height=215&amp;quality=85\" media=\"(min-width: 80px)\" \/><img loading=\"lazy\" decoding=\"async\" class=\"global-image\" src=\"https:\/\/www.infobae.com\/resizer\/v2\/3IKEV25RG5EKHA4DK43GPSIR3I.jpeg?auth=58012ce3fc9da8c49fc3e1e1dc09a1ed6e883da3022cc79a191b307a9bded239&amp;smart=true&amp;width=350&amp;height=215&amp;quality=85\" alt=\"Los cinco mandatarios provinciales se\" width=\"1280\" height=\"788\" \/><\/picture>Los cinco mandatarios provinciales se encontraron hoy en la casa de Chubut en Buenos Aires<\/div>\n<p class=\"paragraph\" data-mrf-recirculation=\"Links inline\">Durante la entrevista, el gobernador tambi\u00e9n se refiri\u00f3 a la situaci\u00f3n pol\u00edtica en la Ciudad y en la provincia de Buenos Aires. <strong>\u201cNo tenemos candidato en la provincia de Buenos Aires y que no lo tengamos no quiere decir que no haya eventualmente un acuerdo\u201d,<\/strong> explic\u00f3. De todas formas, opin\u00f3 que el PRO deber\u00eda competir con boleta propia en la capital federal:<b>\u00a0\u201cPersonalmente creo que el PRO puede formar parte de este frente en Capital<\/b> y ser\u00eda muy bueno tener un candidato propio en octubre\u201d.<\/p>\n<p class=\"paragraph\" data-mrf-recirculation=\"Links inline\">Torres reconoci\u00f3 que el cronograma electoral impone plazos acotados para las definiciones. \u201cLos tiempos son muy cortos y seguro que se va a discutir el lunes<b>. Yo no lo habl\u00e9 ni con Jorge Macri ni con mi partido\u201d<\/b>, aclar\u00f3.<\/p>\n<p class=\"paragraph\" data-mrf-recirculation=\"Links inline\">El gobernador tambi\u00e9n reivindic\u00f3 la necesidad de avanzar en debates postergados, sin priorizar conveniencias de coyuntura. <strong>\u201cHay que tener el coraje para dar discusiones inc\u00f3modas. Siempre se especula con el costo o el oportunismo pol\u00edtico de la coyuntura cada dos a\u00f1os\u201d,<\/strong> sostuvo.<\/p>\n<p class=\"paragraph\" data-mrf-recirculation=\"Links inline\"><strong>El lanzamiento de\u00a0<i>Grito Federal<\/i>\u00a0se concret\u00f3 este mi\u00e9rcoles en la Ciudad de Buenos Aires, durante una reuni\u00f3n que mantuvieron Torres con sus pares Mart\u00edn Llaryora (C\u00f3rdoba), Maximiliano Pullaro (Santa Fe), Carlos Sadir (Jujuy) y Claudio Vidal (Santa Cruz). Seg\u00fan anunciaron, el acuerdo electoral tiene como objetivo competir en las elecciones legislativas de octubre.<\/strong><\/p>\n<p class=\"paragraph\" data-mrf-recirculation=\"Links inline\"><strong>Los mandatarios aclararon que la iniciativa \u201cno es la conformaci\u00f3n final\u201d del frente y que \u201cse puede ampliar\u201d.<\/strong> Adem\u00e1s, indicaron que cada provincia mantendr\u00e1 su armado pol\u00edtico propio. El eje com\u00fan, seg\u00fan plantearon, ser\u00e1 la defensa de los intereses de las econom\u00edas regionales, la distribuci\u00f3n de recursos y una representaci\u00f3n parlamentaria que exprese las prioridades del interior.<\/p>\n<p class=\"paragraph\" data-mrf-recirculation=\"Links inline\">En ese contexto, Torres insisti\u00f3 en que el espacio no se define por una ubicaci\u00f3n ideol\u00f3gica tradicional, sino por su arraigo territorial y econ\u00f3mico. <strong>\u201cNo queremos ser una tercera v\u00eda ni el centro entre dos extremos. Queremos representar a quienes trabajan, producen y aportan desde el interior\u201d<\/strong>, expres\u00f3.<\/p>\n<\/div>\n<\/article>\n","protected":false},"excerpt":{"rendered":"<p>Ignacio Torres defendi\u00f3 el nuevo frente de gobernadores:\u00a0El mandatario de Chubut se refiri\u00f3 al armado que impulsa junto a otros cuatro dirigentes y sostuvo que el objetivo es construir una representaci\u00f3n nacional desde las provincias productivas. En el marco del lanzamiento de Grito Federal, el gobernador de Chubut,\u00a0Ignacio \u201cNacho\u201d Torres, se refiri\u00f3 a la estrategia &hellip;<\/p>\n","protected":false},"author":2,"featured_media":10201,"comment_status":"open","ping_status":"open","sticky":false,"template":"","format":"standard","meta":{"footnotes":""},"categories":[33,25],"tags":[1050,217,2309],"class_list":["post-10200","post","type-post","status-publish","format-standard","has-post-thumbnail","hentry","category-nacionales","category-politica","tag-elecciones-2025","tag-gobernadores","tag-ignacio-torres"],"_links":{"self":[{"href":"https:\/\/cafeprensa.com.ar\/index.php\/wp-json\/wp\/v2\/posts\/10200","targetHints":{"allow":["GET"]}}],"collection":[{"href":"https:\/\/cafeprensa.com.ar\/index.php\/wp-json\/wp\/v2\/posts"}],"about":[{"href":"https:\/\/cafeprensa.com.ar\/index.php\/wp-json\/wp\/v2\/types\/post"}],"author":[{"embeddable":true,"href":"https:\/\/cafeprensa.com.ar\/index.php\/wp-json\/wp\/v2\/users\/2"}],"replies":[{"embeddable":true,"href":"https:\/\/cafeprensa.com.ar\/index.php\/wp-json\/wp\/v2\/comments?post=10200"}],"version-history":[{"count":1,"href":"https:\/\/cafeprensa.com.ar\/index.php\/wp-json\/wp\/v2\/posts\/10200\/revisions"}],"predecessor-version":[{"id":10202,"href":"https:\/\/cafeprensa.com.ar\/index.php\/wp-json\/wp\/v2\/posts\/10200\/revisions\/10202"}],"wp:featuredmedia":[{"embeddable":true,"href":"https:\/\/cafeprensa.com.ar\/index.php\/wp-json\/wp\/v2\/media\/10201"}],"wp:attachment":[{"href":"https:\/\/cafeprensa.com.ar\/index.php\/wp-json\/wp\/v2\/media?parent=10200"}],"wp:term":[{"taxonomy":"category","embeddable":true,"href":"https:\/\/cafeprensa.com.ar\/index.php\/wp-json\/wp\/v2\/categories?post=10200"},{"taxonomy":"post_tag","embeddable":true,"href":"https:\/\/cafeprensa.com.ar\/index.php\/wp-json\/wp\/v2\/tags?post=10200"}],"curies":[{"name":"wp","href":"https:\/\/api.w.org\/{rel}","templated":true}]}}