{"id":10256,"date":"2025-08-04T13:27:37","date_gmt":"2025-08-04T11:27:37","guid":{"rendered":"https:\/\/cafeprensa.com.ar\/?p=10256"},"modified":"2025-08-04T13:27:37","modified_gmt":"2025-08-04T11:27:37","slug":"la-patria-se-hace-con-actos-de-grandeza-silenciosos","status":"publish","type":"post","link":"https:\/\/cafeprensa.com.ar\/index.php\/2025\/08\/04\/la-patria-se-hace-con-actos-de-grandeza-silenciosos\/","title":{"rendered":"\u201cLa patria se hace con actos de grandeza silenciosos\u201d"},"content":{"rendered":"<div class=\"the-post-header s-head-modern s-head-modern-a has-share-meta-right\">\n<div class=\"post-meta post-meta-a post-meta-left post-meta-single has-below\">\n<p class=\"is-title post-title\">La vicepresidente Villarruel visit\u00f3 Corrientes: <em style=\"font-size: 16px; font-weight: 400;\">La presidente del Senado particip\u00f3 en el acto de recepci\u00f3n de los restos del sargento Cabral y se reuni\u00f3 con el gobernador Vald\u00e9s.<\/em><\/p>\n<\/div>\n<\/div>\n<div class=\"the-post s-post-modern\">\n<article id=\"post-77562\" class=\"post-77562 post type-post status-publish format-standard has-post-thumbnail category-corrientes category-destacada-2 tag-corrientes tag-gobernador-gustavo-valdes tag-saladas tag-sargento-juan-bautista-cabral tag-vicepresidente-victoria-villarruel\">\n<div class=\"post-content-wrap has-share-float\">\n<div class=\"post-content cf entry-content content-spacious\">\n<figure class=\"wp-block-embed aligncenter is-type-rich is-provider-twitter wp-block-embed-twitter\">\n<div class=\"wp-block-embed__wrapper\">\n<div class=\"twitter-tweet twitter-tweet-rendered\"><iframe id=\"twitter-widget-0\" class=\"\" title=\"X Post\" src=\"https:\/\/platform.twitter.com\/embed\/Tweet.html?creatorScreenName=EFnoticiasok&amp;dnt=true&amp;embedId=twitter-widget-0&amp;features=eyJ0ZndfdGltZWxpbmVfbGlzdCI6eyJidWNrZXQiOltdLCJ2ZXJzaW9uIjpudWxsfSwidGZ3X2ZvbGxvd2VyX2NvdW50X3N1bnNldCI6eyJidWNrZXQiOnRydWUsInZlcnNpb24iOm51bGx9LCJ0ZndfdHdlZXRfZWRpdF9iYWNrZW5kIjp7ImJ1Y2tldCI6Im9uIiwidmVyc2lvbiI6bnVsbH0sInRmd19yZWZzcmNfc2Vzc2lvbiI6eyJidWNrZXQiOiJvbiIsInZlcnNpb24iOm51bGx9LCJ0ZndfZm9zbnJfc29mdF9pbnRlcnZlbnRpb25zX2VuYWJsZWQiOnsiYnVja2V0Ijoib24iLCJ2ZXJzaW9uIjpudWxsfSwidGZ3X21peGVkX21lZGlhXzE1ODk3Ijp7ImJ1Y2tldCI6InRyZWF0bWVudCIsInZlcnNpb24iOm51bGx9LCJ0ZndfZXhwZXJpbWVudHNfY29va2llX2V4cGlyYXRpb24iOnsiYnVja2V0IjoxMjA5NjAwLCJ2ZXJzaW9uIjpudWxsfSwidGZ3X3Nob3dfYmlyZHdhdGNoX3Bpdm90c19lbmFibGVkIjp7ImJ1Y2tldCI6Im9uIiwidmVyc2lvbiI6bnVsbH0sInRmd19kdXBsaWNhdGVfc2NyaWJlc190b19zZXR0aW5ncyI6eyJidWNrZXQiOiJvbiIsInZlcnNpb24iOm51bGx9LCJ0ZndfdXNlX3Byb2ZpbGVfaW1hZ2Vfc2hhcGVfZW5hYmxlZCI6eyJidWNrZXQiOiJvbiIsInZlcnNpb24iOm51bGx9LCJ0ZndfdmlkZW9faGxzX2R5bmFtaWNfbWFuaWZlc3RzXzE1MDgyIjp7ImJ1Y2tldCI6InRydWVfYml0cmF0ZSIsInZlcnNpb24iOm51bGx9LCJ0ZndfbGVnYWN5X3RpbWVsaW5lX3N1bnNldCI6eyJidWNrZXQiOnRydWUsInZlcnNpb24iOm51bGx9LCJ0ZndfdHdlZXRfZWRpdF9mcm9udGVuZCI6eyJidWNrZXQiOiJvbiIsInZlcnNpb24iOm51bGx9fQ%3D%3D&amp;frame=false&amp;hideCard=false&amp;hideThread=false&amp;id=1951790736480858473&amp;lang=es&amp;origin=https%3A%2F%2Felfederalnoticias.com.ar%2Fla-vicepresidente-villarruel-visito-corrientes-la-patria-se-hace-con-actos-de-grandeza-silenciosos%2F&amp;sessionId=6593beb357b6b35d1e685fef20824eb30bb2dce8&amp;siteScreenName=EFnoticiasok&amp;theme=light&amp;widgetsVersion=2615f7e52b7e0%3A1702314776716&amp;width=550px\" frameborder=\"0\" scrolling=\"no\" allowfullscreen=\"allowfullscreen\" data-tweet-id=\"1951790736480858473\" data-mce-fragment=\"1\"><\/iframe><\/div>\n<\/div>\n<\/figure>\n<p>Comenz\u00f3 el octavo mes del 2025 y la vicepresidente de la Naci\u00f3n,\u00a0<strong>Victoria Villarruel<\/strong>, continua con sus visitas a las provincias. En la jornada de ayer estuvo en la provincia de\u00a0<strong>Corrientes<\/strong>, donde particip\u00f3 del acto de recepci\u00f3n de los restos del hist\u00f3rico<strong>\u00a0<\/strong>sargento<strong>\u00a0Juan Bautista Cabral<\/strong>, en compa\u00f1\u00eda del gobernador\u00a0<strong>Gustavo Vald\u00e9s<\/strong>.<\/p>\n<p>La presidente del Senado dio un discurso en el que\u00a0destac\u00f3, con tono nacionalista y solemne, que: \u201cLa patria se hace con actos de grandeza silenciosos y sacrificios cotidianos\u201d.<img loading=\"lazy\" decoding=\"async\" class=\"alignnone wp-image-10257 size-large\" src=\"https:\/\/cafeprensa.com.ar\/wp-content\/uploads\/2025\/08\/4c473446-9b12-469f-af1a-72f5ec58d4bd-1024x683.jpeg\" alt=\"\" width=\"1024\" height=\"683\" srcset=\"https:\/\/cafeprensa.com.ar\/wp-content\/uploads\/2025\/08\/4c473446-9b12-469f-af1a-72f5ec58d4bd-1024x683.jpeg 1024w, https:\/\/cafeprensa.com.ar\/wp-content\/uploads\/2025\/08\/4c473446-9b12-469f-af1a-72f5ec58d4bd-300x200.jpeg 300w, https:\/\/cafeprensa.com.ar\/wp-content\/uploads\/2025\/08\/4c473446-9b12-469f-af1a-72f5ec58d4bd-768x512.jpeg 768w, https:\/\/cafeprensa.com.ar\/wp-content\/uploads\/2025\/08\/4c473446-9b12-469f-af1a-72f5ec58d4bd-1536x1024.jpeg 1536w, https:\/\/cafeprensa.com.ar\/wp-content\/uploads\/2025\/08\/4c473446-9b12-469f-af1a-72f5ec58d4bd.jpeg 1600w\" sizes=\"auto, (max-width: 1024px) 100vw, 1024px\" \/><\/p>\n<p>Villarruel\u00a0hizo referencias al\u00a0<strong>\u201csacrificio, la austeridad y la identidad nacional\u201d<\/strong>, y agreg\u00f3:<strong>\u00a0\u201cPara los que tenemos el privilegio de servir a nuestro pueblo, la entrega del sargento Cabral es un llamado a poner lo mejor de nosotros, con coraje y sin esperar recompensa\u201d<\/strong>, sostuvo en el acto llevado a cabo en la localidad correntina de<strong>\u00a0Saladas<\/strong>, lugar en donde fueron situados los restos del pr\u00f3cer.<\/p>\n<p><img loading=\"lazy\" decoding=\"async\" class=\"alignnone wp-image-10259 size-large\" src=\"https:\/\/cafeprensa.com.ar\/wp-content\/uploads\/2025\/08\/9321_1_1754168186-1024x713.jpeg\" alt=\"\" width=\"1024\" height=\"713\" srcset=\"https:\/\/cafeprensa.com.ar\/wp-content\/uploads\/2025\/08\/9321_1_1754168186-1024x713.jpeg 1024w, https:\/\/cafeprensa.com.ar\/wp-content\/uploads\/2025\/08\/9321_1_1754168186-300x209.jpeg 300w, https:\/\/cafeprensa.com.ar\/wp-content\/uploads\/2025\/08\/9321_1_1754168186-768x535.jpeg 768w, https:\/\/cafeprensa.com.ar\/wp-content\/uploads\/2025\/08\/9321_1_1754168186.jpeg 1471w\" sizes=\"auto, (max-width: 1024px) 100vw, 1024px\" \/><\/p>\n<p>Resalt\u00f3 la figura del sargento Cabral y la intent\u00f3 poner como ejemplo<strong>: \u201cNos recuerda que la patria se hace con actos de grandeza silenciosos y sacrificios cotidianos. Hoy quiero invitar a todos a mirarnos en los ojos de Cabral y encontrar all\u00ed la argentinidad escondida que puja por salir y que nos compele a ser\u00a0los h\u00e9roes an\u00f3nimos que la patria argentina necesita en estos momentos en los que la identidad nacional parece diluirse\u201c<\/strong>.<\/p>\n<figure class=\"wp-block-embed is-type-rich is-provider-twitter wp-block-embed-twitter\">\n<div class=\"wp-block-embed__wrapper\">\n<div class=\"twitter-tweet twitter-tweet-rendered\"><iframe id=\"twitter-widget-1\" class=\"\" title=\"X Post\" src=\"https:\/\/platform.twitter.com\/embed\/Tweet.html?creatorScreenName=EFnoticiasok&amp;dnt=true&amp;embedId=twitter-widget-1&amp;features=eyJ0ZndfdGltZWxpbmVfbGlzdCI6eyJidWNrZXQiOltdLCJ2ZXJzaW9uIjpudWxsfSwidGZ3X2ZvbGxvd2VyX2NvdW50X3N1bnNldCI6eyJidWNrZXQiOnRydWUsInZlcnNpb24iOm51bGx9LCJ0ZndfdHdlZXRfZWRpdF9iYWNrZW5kIjp7ImJ1Y2tldCI6Im9uIiwidmVyc2lvbiI6bnVsbH0sInRmd19yZWZzcmNfc2Vzc2lvbiI6eyJidWNrZXQiOiJvbiIsInZlcnNpb24iOm51bGx9LCJ0ZndfZm9zbnJfc29mdF9pbnRlcnZlbnRpb25zX2VuYWJsZWQiOnsiYnVja2V0Ijoib24iLCJ2ZXJzaW9uIjpudWxsfSwidGZ3X21peGVkX21lZGlhXzE1ODk3Ijp7ImJ1Y2tldCI6InRyZWF0bWVudCIsInZlcnNpb24iOm51bGx9LCJ0ZndfZXhwZXJpbWVudHNfY29va2llX2V4cGlyYXRpb24iOnsiYnVja2V0IjoxMjA5NjAwLCJ2ZXJzaW9uIjpudWxsfSwidGZ3X3Nob3dfYmlyZHdhdGNoX3Bpdm90c19lbmFibGVkIjp7ImJ1Y2tldCI6Im9uIiwidmVyc2lvbiI6bnVsbH0sInRmd19kdXBsaWNhdGVfc2NyaWJlc190b19zZXR0aW5ncyI6eyJidWNrZXQiOiJvbiIsInZlcnNpb24iOm51bGx9LCJ0ZndfdXNlX3Byb2ZpbGVfaW1hZ2Vfc2hhcGVfZW5hYmxlZCI6eyJidWNrZXQiOiJvbiIsInZlcnNpb24iOm51bGx9LCJ0ZndfdmlkZW9faGxzX2R5bmFtaWNfbWFuaWZlc3RzXzE1MDgyIjp7ImJ1Y2tldCI6InRydWVfYml0cmF0ZSIsInZlcnNpb24iOm51bGx9LCJ0ZndfbGVnYWN5X3RpbWVsaW5lX3N1bnNldCI6eyJidWNrZXQiOnRydWUsInZlcnNpb24iOm51bGx9LCJ0ZndfdHdlZXRfZWRpdF9mcm9udGVuZCI6eyJidWNrZXQiOiJvbiIsInZlcnNpb24iOm51bGx9fQ%3D%3D&amp;frame=false&amp;hideCard=false&amp;hideThread=false&amp;id=1951706818088165648&amp;lang=es&amp;origin=https%3A%2F%2Felfederalnoticias.com.ar%2Fla-vicepresidente-villarruel-visito-corrientes-la-patria-se-hace-con-actos-de-grandeza-silenciosos%2F&amp;sessionId=6593beb357b6b35d1e685fef20824eb30bb2dce8&amp;siteScreenName=EFnoticiasok&amp;theme=light&amp;widgetsVersion=2615f7e52b7e0%3A1702314776716&amp;width=550px\" frameborder=\"0\" scrolling=\"no\" allowfullscreen=\"allowfullscreen\" data-tweet-id=\"1951706818088165648\" data-mce-fragment=\"1\"><\/iframe><\/div>\n<\/div>\n<\/figure>\n<figure class=\"wp-block-embed is-type-rich is-provider-twitter wp-block-embed-twitter\">\n<div class=\"wp-block-embed__wrapper\">\n<div class=\"twitter-tweet twitter-tweet-rendered\"><iframe id=\"twitter-widget-2\" class=\"\" title=\"X Post\" src=\"https:\/\/platform.twitter.com\/embed\/Tweet.html?creatorScreenName=EFnoticiasok&amp;dnt=true&amp;embedId=twitter-widget-2&amp;features=eyJ0ZndfdGltZWxpbmVfbGlzdCI6eyJidWNrZXQiOltdLCJ2ZXJzaW9uIjpudWxsfSwidGZ3X2ZvbGxvd2VyX2NvdW50X3N1bnNldCI6eyJidWNrZXQiOnRydWUsInZlcnNpb24iOm51bGx9LCJ0ZndfdHdlZXRfZWRpdF9iYWNrZW5kIjp7ImJ1Y2tldCI6Im9uIiwidmVyc2lvbiI6bnVsbH0sInRmd19yZWZzcmNfc2Vzc2lvbiI6eyJidWNrZXQiOiJvbiIsInZlcnNpb24iOm51bGx9LCJ0ZndfZm9zbnJfc29mdF9pbnRlcnZlbnRpb25zX2VuYWJsZWQiOnsiYnVja2V0Ijoib24iLCJ2ZXJzaW9uIjpudWxsfSwidGZ3X21peGVkX21lZGlhXzE1ODk3Ijp7ImJ1Y2tldCI6InRyZWF0bWVudCIsInZlcnNpb24iOm51bGx9LCJ0ZndfZXhwZXJpbWVudHNfY29va2llX2V4cGlyYXRpb24iOnsiYnVja2V0IjoxMjA5NjAwLCJ2ZXJzaW9uIjpudWxsfSwidGZ3X3Nob3dfYmlyZHdhdGNoX3Bpdm90c19lbmFibGVkIjp7ImJ1Y2tldCI6Im9uIiwidmVyc2lvbiI6bnVsbH0sInRmd19kdXBsaWNhdGVfc2NyaWJlc190b19zZXR0aW5ncyI6eyJidWNrZXQiOiJvbiIsInZlcnNpb24iOm51bGx9LCJ0ZndfdXNlX3Byb2ZpbGVfaW1hZ2Vfc2hhcGVfZW5hYmxlZCI6eyJidWNrZXQiOiJvbiIsInZlcnNpb24iOm51bGx9LCJ0ZndfdmlkZW9faGxzX2R5bmFtaWNfbWFuaWZlc3RzXzE1MDgyIjp7ImJ1Y2tldCI6InRydWVfYml0cmF0ZSIsInZlcnNpb24iOm51bGx9LCJ0ZndfbGVnYWN5X3RpbWVsaW5lX3N1bnNldCI6eyJidWNrZXQiOnRydWUsInZlcnNpb24iOm51bGx9LCJ0ZndfdHdlZXRfZWRpdF9mcm9udGVuZCI6eyJidWNrZXQiOiJvbiIsInZlcnNpb24iOm51bGx9fQ%3D%3D&amp;frame=false&amp;hideCard=false&amp;hideThread=false&amp;id=1951768801453969542&amp;lang=es&amp;origin=https%3A%2F%2Felfederalnoticias.com.ar%2Fla-vicepresidente-villarruel-visito-corrientes-la-patria-se-hace-con-actos-de-grandeza-silenciosos%2F&amp;sessionId=6593beb357b6b35d1e685fef20824eb30bb2dce8&amp;siteScreenName=EFnoticiasok&amp;theme=light&amp;widgetsVersion=2615f7e52b7e0%3A1702314776716&amp;width=550px\" frameborder=\"0\" scrolling=\"no\" allowfullscreen=\"allowfullscreen\" data-tweet-id=\"1951768801453969542\" data-mce-fragment=\"1\"><\/iframe><\/div>\n<\/div>\n<\/figure>\n<\/div>\n<\/div>\n<\/article>\n<\/div>\n","protected":false},"excerpt":{"rendered":"<p>La vicepresidente Villarruel visit\u00f3 Corrientes: La presidente del Senado particip\u00f3 en el acto de recepci\u00f3n de los restos del sargento Cabral y se reuni\u00f3 con el gobernador Vald\u00e9s. Comenz\u00f3 el octavo mes del 2025 y la vicepresidente de la Naci\u00f3n,\u00a0Victoria Villarruel, continua con sus visitas a las provincias. En la jornada de ayer estuvo en &hellip;<\/p>\n","protected":false},"author":2,"featured_media":10258,"comment_status":"open","ping_status":"open","sticky":false,"template":"","format":"standard","meta":{"footnotes":""},"categories":[33,1701],"tags":[102,1120,248,1183],"class_list":["post-10256","post","type-post","status-publish","format-standard","has-post-thumbnail","hentry","category-nacionales","category-programa-cafe-prensa","tag-congreso","tag-corrientes","tag-senado","tag-victoria-villarruel"],"_links":{"self":[{"href":"https:\/\/cafeprensa.com.ar\/index.php\/wp-json\/wp\/v2\/posts\/10256","targetHints":{"allow":["GET"]}}],"collection":[{"href":"https:\/\/cafeprensa.com.ar\/index.php\/wp-json\/wp\/v2\/posts"}],"about":[{"href":"https:\/\/cafeprensa.com.ar\/index.php\/wp-json\/wp\/v2\/types\/post"}],"author":[{"embeddable":true,"href":"https:\/\/cafeprensa.com.ar\/index.php\/wp-json\/wp\/v2\/users\/2"}],"replies":[{"embeddable":true,"href":"https:\/\/cafeprensa.com.ar\/index.php\/wp-json\/wp\/v2\/comments?post=10256"}],"version-history":[{"count":1,"href":"https:\/\/cafeprensa.com.ar\/index.php\/wp-json\/wp\/v2\/posts\/10256\/revisions"}],"predecessor-version":[{"id":10260,"href":"https:\/\/cafeprensa.com.ar\/index.php\/wp-json\/wp\/v2\/posts\/10256\/revisions\/10260"}],"wp:featuredmedia":[{"embeddable":true,"href":"https:\/\/cafeprensa.com.ar\/index.php\/wp-json\/wp\/v2\/media\/10258"}],"wp:attachment":[{"href":"https:\/\/cafeprensa.com.ar\/index.php\/wp-json\/wp\/v2\/media?parent=10256"}],"wp:term":[{"taxonomy":"category","embeddable":true,"href":"https:\/\/cafeprensa.com.ar\/index.php\/wp-json\/wp\/v2\/categories?post=10256"},{"taxonomy":"post_tag","embeddable":true,"href":"https:\/\/cafeprensa.com.ar\/index.php\/wp-json\/wp\/v2\/tags?post=10256"}],"curies":[{"name":"wp","href":"https:\/\/api.w.org\/{rel}","templated":true}]}}