{"id":10261,"date":"2025-08-04T13:42:29","date_gmt":"2025-08-04T11:42:29","guid":{"rendered":"https:\/\/cafeprensa.com.ar\/?p=10261"},"modified":"2025-08-04T13:42:29","modified_gmt":"2025-08-04T11:42:29","slug":"tragedia-en-chile-encontraron-al-ultimo-minero-atrapado-y-no-hay-sobrevivientes","status":"publish","type":"post","link":"https:\/\/cafeprensa.com.ar\/index.php\/2025\/08\/04\/tragedia-en-chile-encontraron-al-ultimo-minero-atrapado-y-no-hay-sobrevivientes\/","title":{"rendered":"Tragedia en Chile: encontraron al \u00faltimo minero atrapado y no hay sobrevivientes"},"content":{"rendered":"<p class=\"bajada\">Mois\u00e9s P\u00e1vez fue hallado sin vida y se suma a los otros cinco trabajadores fallecidos.<\/p>\n<div class=\"overflow-hidden\">\n<div id=\"contenedor-nota\">\n<div id=\"cuerpo-nota\">\n<p>La angustiante b\u00fasqueda en la mina\u00a0<strong>El Teniente<\/strong>, en\u00a0<strong>Chile<\/strong>, termin\u00f3 de la peor manera. Las autoridades confirmaron este domingo por la tarde el hallazgo del cuerpo de\u00a0<strong>Mois\u00e9s P\u00e1vez<\/strong>, el \u00faltimo de los seis mineros que se encontraban atrapados desde el pasado jueves.<\/p>\n<p><img loading=\"lazy\" decoding=\"async\" class=\"alignnone wp-image-10262 size-full\" src=\"https:\/\/cafeprensa.com.ar\/wp-content\/uploads\/2025\/08\/1754258715723.webp\" alt=\"\" width=\"748\" height=\"420\" srcset=\"https:\/\/cafeprensa.com.ar\/wp-content\/uploads\/2025\/08\/1754258715723.webp 748w, https:\/\/cafeprensa.com.ar\/wp-content\/uploads\/2025\/08\/1754258715723-300x168.webp 300w, https:\/\/cafeprensa.com.ar\/wp-content\/uploads\/2025\/08\/1754258715723-390x220.webp 390w\" sizes=\"auto, (max-width: 748px) 100vw, 748px\" \/>Con<\/p>\n<p>La angustiante b\u00fasqueda en la mina\u00a0<strong>El Teniente<\/strong>, en\u00a0<strong>Chile<\/strong>, termin\u00f3 de la peor manera. Las autoridades confirmaron este domingo por la tarde el hallazgo del cuerpo de\u00a0<strong>Mois\u00e9s P\u00e1vez<\/strong>, el \u00faltimo de los seis mineros que se encontraban atrapados desde el pasado jueves. Con este hallazgo, se oficializ\u00f3 que\u00a0<strong>no hubo sobrevivientes<\/strong>\u00a0en la tragedia.<\/p>\n<p>Seg\u00fan se supo, el fiscal\u00a0<strong>Aquiles Cubillos<\/strong>\u00a0inform\u00f3 que el cuerpo de P\u00e1vez fue encontrado a las 15:30 horas. Su muerte se suma a las de sus compa\u00f1eros\u00a0<strong>Paulo Mar\u00edn, Gonzalo Nu\u00f1ez, Carlos Arancibia, Alex Araya y Jean Miranda<\/strong>.<\/p>\n<p>\u00abHoy damos t\u00e9rmino a una etapa muy importante que fue la de encontrar los cuerpos de los trabajadores accidentados.\u00a0<strong>Lamentamos profundamente este desenlace<\/strong>, pero al menos esperamos dar un poco de paz a sus familiares\u00bb, declar\u00f3 el fiscal.<\/p>\n<p>La noticia gener\u00f3 una profunda conmoci\u00f3n en todo el pa\u00eds. El presidente de\u00a0<strong>Chile<\/strong>,\u00a0<strong>Gabriel Boric<\/strong>, viaj\u00f3 a\u00a0<strong>Rancagua<\/strong>\u00a0para reunirse con las autoridades y acompa\u00f1ar a las familias de las v\u00edctimas en este duro momento.<\/p>\n<\/div>\n<\/div>\n<\/div>\n","protected":false},"excerpt":{"rendered":"<p>Mois\u00e9s P\u00e1vez fue hallado sin vida y se suma a los otros cinco trabajadores fallecidos. La angustiante b\u00fasqueda en la mina\u00a0El Teniente, en\u00a0Chile, termin\u00f3 de la peor manera. Las autoridades confirmaron este domingo por la tarde el hallazgo del cuerpo de\u00a0Mois\u00e9s P\u00e1vez, el \u00faltimo de los seis mineros que se encontraban atrapados desde el pasado &hellip;<\/p>\n","protected":false},"author":2,"featured_media":10263,"comment_status":"open","ping_status":"open","sticky":false,"template":"","format":"standard","meta":{"footnotes":""},"categories":[54,35],"tags":[2322,2321,1889,2320,2318,943,2319],"class_list":["post-10261","post","type-post","status-publish","format-standard","has-post-thumbnail","hentry","category-interes-ganeral","category-internacionales","tag-alex-araya-y-jean-miranda","tag-carlos-arancibia","tag-chile","tag-gonzalo-nunez","tag-meneros","tag-mina","tag-paulo-marin"],"_links":{"self":[{"href":"https:\/\/cafeprensa.com.ar\/index.php\/wp-json\/wp\/v2\/posts\/10261","targetHints":{"allow":["GET"]}}],"collection":[{"href":"https:\/\/cafeprensa.com.ar\/index.php\/wp-json\/wp\/v2\/posts"}],"about":[{"href":"https:\/\/cafeprensa.com.ar\/index.php\/wp-json\/wp\/v2\/types\/post"}],"author":[{"embeddable":true,"href":"https:\/\/cafeprensa.com.ar\/index.php\/wp-json\/wp\/v2\/users\/2"}],"replies":[{"embeddable":true,"href":"https:\/\/cafeprensa.com.ar\/index.php\/wp-json\/wp\/v2\/comments?post=10261"}],"version-history":[{"count":1,"href":"https:\/\/cafeprensa.com.ar\/index.php\/wp-json\/wp\/v2\/posts\/10261\/revisions"}],"predecessor-version":[{"id":10264,"href":"https:\/\/cafeprensa.com.ar\/index.php\/wp-json\/wp\/v2\/posts\/10261\/revisions\/10264"}],"wp:featuredmedia":[{"embeddable":true,"href":"https:\/\/cafeprensa.com.ar\/index.php\/wp-json\/wp\/v2\/media\/10263"}],"wp:attachment":[{"href":"https:\/\/cafeprensa.com.ar\/index.php\/wp-json\/wp\/v2\/media?parent=10261"}],"wp:term":[{"taxonomy":"category","embeddable":true,"href":"https:\/\/cafeprensa.com.ar\/index.php\/wp-json\/wp\/v2\/categories?post=10261"},{"taxonomy":"post_tag","embeddable":true,"href":"https:\/\/cafeprensa.com.ar\/index.php\/wp-json\/wp\/v2\/tags?post=10261"}],"curies":[{"name":"wp","href":"https:\/\/api.w.org\/{rel}","templated":true}]}}