{"id":10269,"date":"2025-08-04T14:44:32","date_gmt":"2025-08-04T12:44:32","guid":{"rendered":"https:\/\/cafeprensa.com.ar\/?p=10269"},"modified":"2025-08-04T14:47:25","modified_gmt":"2025-08-04T12:47:25","slug":"arnedo-repudio-el-veto-presidencial-a-las-leyes-para-jubilados-y-personas-con-discapacidad","status":"publish","type":"post","link":"https:\/\/cafeprensa.com.ar\/index.php\/2025\/08\/04\/arnedo-repudio-el-veto-presidencial-a-las-leyes-para-jubilados-y-personas-con-discapacidad\/","title":{"rendered":"Arnedo repudi\u00f3 el veto presidencial a las leyes para jubilados y personas con discapacidad"},"content":{"rendered":"<div dir=\"auto\">El edil sostuvo que la decisi\u00f3n del Gobierno Nacional representa<strong> \u201cun ataque directo a los m\u00e1s vulnerables\u201d<\/strong> y pidi\u00f3 al Congreso insistir con la aprobaci\u00f3n.<\/div>\n<div dir=\"auto\">El concejal capitalino Carlos Arnedo (Acci\u00f3n Vecinal), <strong>cuestion\u00f3 con dureza el veto del presidente Javier Milei a las leyes de aumento para jubilados y de emergencia en discapacidad, aprobadas por el Congreso de la Naci\u00f3n. \u201cAplicar la motosierra en los jubilados y las personas con discapacidad es inmoral e inaceptable\u201d<\/strong>, advirti\u00f3 el edil, quien sostuvo que el ajuste \u201ces un ataque directo a los m\u00e1s vulnerables\u201d.<\/div>\n<div dir=\"auto\"><img loading=\"lazy\" decoding=\"async\" class=\"alignnone wp-image-10273 size-full\" src=\"https:\/\/cafeprensa.com.ar\/wp-content\/uploads\/2025\/08\/IMG-20250226-WA0008.jpg\" alt=\"\" width=\"720\" height=\"464\" srcset=\"https:\/\/cafeprensa.com.ar\/wp-content\/uploads\/2025\/08\/IMG-20250226-WA0008.jpg 720w, https:\/\/cafeprensa.com.ar\/wp-content\/uploads\/2025\/08\/IMG-20250226-WA0008-300x193.jpg 300w\" sizes=\"auto, (max-width: 720px) 100vw, 720px\" \/><\/div>\n<div dir=\"auto\">Arnedo consider\u00f3 que la decisi\u00f3n del Ejecutivo Nacional implica un retroceso en materia de derechos sociales, y apunt\u00f3 contra la l\u00f3gica econ\u00f3mica del oficialismo. <strong>\u201cLas prioridades de este gobierno claramente no est\u00e1n puestas en salud, educaci\u00f3n ni bienestar social, obligaciones primigenias del Estado Nacional\u201d, afirm\u00f3. En ese sentido, advirti\u00f3 que \u201cel equilibrio fiscal no puede lograrse a costa de los que menos tienen\u201d. \u201cEl orden de las cuentas p\u00fablicas no justifica la crueldad hacia los m\u00e1s desprotegidos\u201d<\/strong>, remarc\u00f3.<\/div>\n<div dir=\"auto\">El edil explic\u00f3 que la norma vetada establec\u00eda una actualizaci\u00f3n del haber jubilatorio con un incremento del 7,2% y la suba del bono de<strong> $70.000 a $110.000<\/strong>, adem\u00e1s de garantizar el acceso a la moratoria previsional.<\/div>\n<div dir=\"auto\">En paralelo, el proyecto de emergencia en discapacidad prorrogaba beneficios y ampliaba la cobertura del sistema hasta 2027. <strong>\u201cYo me pregunto d\u00f3nde est\u00e1n los privilegios de casta en esa legislaci\u00f3n que el Gobierno Nacional supuestamente viene a recortar\u201d<\/strong>, expres\u00f3.<\/div>\n<div dir=\"auto\"><img loading=\"lazy\" decoding=\"async\" class=\"alignnone wp-image-10274 size-full\" src=\"https:\/\/cafeprensa.com.ar\/wp-content\/uploads\/2025\/08\/399271_crop_134946_md.jpg\" alt=\"\" width=\"600\" height=\"338\" srcset=\"https:\/\/cafeprensa.com.ar\/wp-content\/uploads\/2025\/08\/399271_crop_134946_md.jpg 600w, https:\/\/cafeprensa.com.ar\/wp-content\/uploads\/2025\/08\/399271_crop_134946_md-300x169.jpg 300w, https:\/\/cafeprensa.com.ar\/wp-content\/uploads\/2025\/08\/399271_crop_134946_md-390x220.jpg 390w\" sizes=\"auto, (max-width: 600px) 100vw, 600px\" \/><\/div>\n<div dir=\"auto\"><strong>\u201cLa situaci\u00f3n social no da margen para la especulaci\u00f3n ni la mezquindad. Lo que se vot\u00f3 en el Congreso fue una respuesta m\u00ednima ante una realidad que golpea fuerte, sobre todo en los sectores que no pueden esperar\u201d,<\/strong> remarc\u00f3 Arnedo.<\/div>\n<div dir=\"auto\">Finalmente, el concejal advirti\u00f3 que el veto presidencial <strong>\u201cno solo desoye la voluntad del Poder Legislativo, sino que profundiza una pol\u00edtica del \u2018s\u00e1lvense quien pueda\u2019\u201d,<\/strong> y sostuvo que ambas c\u00e1maras deber\u00e1n redoblar esfuerzos para insistir con la aprobaci\u00f3n de las leyes vetadas. <strong>\u201cEsto no se resuelve desde un escritorio. El Congreso debe mantenerse firme e insistir con la aprobaci\u00f3n de esas leyes que la ciudadan\u00eda demanda\u201d, concluy\u00f3.<\/strong><\/div>\n","protected":false},"excerpt":{"rendered":"<p>El edil sostuvo que la decisi\u00f3n del Gobierno Nacional representa \u201cun ataque directo a los m\u00e1s vulnerables\u201d y pidi\u00f3 al Congreso insistir con la aprobaci\u00f3n. El concejal capitalino Carlos Arnedo (Acci\u00f3n Vecinal), cuestion\u00f3 con dureza el veto del presidente Javier Milei a las leyes de aumento para jubilados y de emergencia en discapacidad, aprobadas por &hellip;<\/p>\n","protected":false},"author":2,"featured_media":10270,"comment_status":"open","ping_status":"open","sticky":false,"template":"","format":"standard","meta":{"footnotes":""},"categories":[1707,34],"tags":[477,2160],"class_list":["post-10269","post","type-post","status-publish","format-standard","has-post-thumbnail","hentry","category-concejales-de-tucuman","category-locales","tag-arnedo","tag-cjal"],"_links":{"self":[{"href":"https:\/\/cafeprensa.com.ar\/index.php\/wp-json\/wp\/v2\/posts\/10269","targetHints":{"allow":["GET"]}}],"collection":[{"href":"https:\/\/cafeprensa.com.ar\/index.php\/wp-json\/wp\/v2\/posts"}],"about":[{"href":"https:\/\/cafeprensa.com.ar\/index.php\/wp-json\/wp\/v2\/types\/post"}],"author":[{"embeddable":true,"href":"https:\/\/cafeprensa.com.ar\/index.php\/wp-json\/wp\/v2\/users\/2"}],"replies":[{"embeddable":true,"href":"https:\/\/cafeprensa.com.ar\/index.php\/wp-json\/wp\/v2\/comments?post=10269"}],"version-history":[{"count":3,"href":"https:\/\/cafeprensa.com.ar\/index.php\/wp-json\/wp\/v2\/posts\/10269\/revisions"}],"predecessor-version":[{"id":10275,"href":"https:\/\/cafeprensa.com.ar\/index.php\/wp-json\/wp\/v2\/posts\/10269\/revisions\/10275"}],"wp:featuredmedia":[{"embeddable":true,"href":"https:\/\/cafeprensa.com.ar\/index.php\/wp-json\/wp\/v2\/media\/10270"}],"wp:attachment":[{"href":"https:\/\/cafeprensa.com.ar\/index.php\/wp-json\/wp\/v2\/media?parent=10269"}],"wp:term":[{"taxonomy":"category","embeddable":true,"href":"https:\/\/cafeprensa.com.ar\/index.php\/wp-json\/wp\/v2\/categories?post=10269"},{"taxonomy":"post_tag","embeddable":true,"href":"https:\/\/cafeprensa.com.ar\/index.php\/wp-json\/wp\/v2\/tags?post=10269"}],"curies":[{"name":"wp","href":"https:\/\/api.w.org\/{rel}","templated":true}]}}