{"id":1031,"date":"2024-02-15T21:47:51","date_gmt":"2024-02-15T20:47:51","guid":{"rendered":"https:\/\/cafeprensa.com.ar\/?p=1031"},"modified":"2024-02-15T21:47:51","modified_gmt":"2024-02-15T20:47:51","slug":"fue-detenido-por-robar-reflectores-de-la-cancha-de-atletico-tucuman","status":"publish","type":"post","link":"https:\/\/cafeprensa.com.ar\/index.php\/2024\/02\/15\/fue-detenido-por-robar-reflectores-de-la-cancha-de-atletico-tucuman\/","title":{"rendered":"Fue detenido por robar reflectores de la cancha de Atl\u00e9tico Tucum\u00e1n"},"content":{"rendered":"<p>Cuando los efectivos llegaron al lugar, encontraron a una persona con las mismas caracter\u00edsticas descriptas por el informante. Adem\u00e1s, esta persona se apresur\u00f3 en su caminar, luego de ver al personal policial. Por este motivo, los uniformados interceptaron al sospechoso y en la requisa, encontraron los elementos sustra\u00eddos.<\/p>\n<p>Finalmente, los agentes arrestaron y trasladaron al acusado a la dependencia policial. Asimismo, cabe destacar que, la Fiscal\u00eda que intervino en el caso, convalid\u00f3 la aprehensi\u00f3n y dispuso que se realice las medidas de rigor correspondientes.<\/p>\n","protected":false},"excerpt":{"rendered":"<p>Cuando los efectivos llegaron al lugar, encontraron a una persona con las mismas caracter\u00edsticas descriptas por el informante. Adem\u00e1s, esta persona se apresur\u00f3 en su caminar, luego de ver al personal policial. Por este motivo, los uniformados interceptaron al sospechoso y en la requisa, encontraron los elementos sustra\u00eddos. Finalmente, los agentes arrestaron y trasladaron al &hellip;<\/p>\n","protected":false},"author":1,"featured_media":1032,"comment_status":"open","ping_status":"open","sticky":false,"template":"","format":"standard","meta":{"footnotes":""},"categories":[26],"tags":[],"class_list":["post-1031","post","type-post","status-publish","format-standard","has-post-thumbnail","hentry","category-policiales"],"_links":{"self":[{"href":"https:\/\/cafeprensa.com.ar\/index.php\/wp-json\/wp\/v2\/posts\/1031","targetHints":{"allow":["GET"]}}],"collection":[{"href":"https:\/\/cafeprensa.com.ar\/index.php\/wp-json\/wp\/v2\/posts"}],"about":[{"href":"https:\/\/cafeprensa.com.ar\/index.php\/wp-json\/wp\/v2\/types\/post"}],"author":[{"embeddable":true,"href":"https:\/\/cafeprensa.com.ar\/index.php\/wp-json\/wp\/v2\/users\/1"}],"replies":[{"embeddable":true,"href":"https:\/\/cafeprensa.com.ar\/index.php\/wp-json\/wp\/v2\/comments?post=1031"}],"version-history":[{"count":1,"href":"https:\/\/cafeprensa.com.ar\/index.php\/wp-json\/wp\/v2\/posts\/1031\/revisions"}],"predecessor-version":[{"id":1033,"href":"https:\/\/cafeprensa.com.ar\/index.php\/wp-json\/wp\/v2\/posts\/1031\/revisions\/1033"}],"wp:featuredmedia":[{"embeddable":true,"href":"https:\/\/cafeprensa.com.ar\/index.php\/wp-json\/wp\/v2\/media\/1032"}],"wp:attachment":[{"href":"https:\/\/cafeprensa.com.ar\/index.php\/wp-json\/wp\/v2\/media?parent=1031"}],"wp:term":[{"taxonomy":"category","embeddable":true,"href":"https:\/\/cafeprensa.com.ar\/index.php\/wp-json\/wp\/v2\/categories?post=1031"},{"taxonomy":"post_tag","embeddable":true,"href":"https:\/\/cafeprensa.com.ar\/index.php\/wp-json\/wp\/v2\/tags?post=1031"}],"curies":[{"name":"wp","href":"https:\/\/api.w.org\/{rel}","templated":true}]}}