{"id":10332,"date":"2025-08-05T19:57:08","date_gmt":"2025-08-05T17:57:08","guid":{"rendered":"https:\/\/cafeprensa.com.ar\/?p=10332"},"modified":"2025-08-05T19:57:08","modified_gmt":"2025-08-05T17:57:08","slug":"nueva-obra-en-el-concejo-deliberante-de-san-miguel","status":"publish","type":"post","link":"https:\/\/cafeprensa.com.ar\/index.php\/2025\/08\/05\/nueva-obra-en-el-concejo-deliberante-de-san-miguel\/","title":{"rendered":"NUEVA OBRA EN EL CONCEJO DELIBERANTE DE SAN MIGUEL"},"content":{"rendered":"<div class=\"entry__metadata\">\n<p class=\"entry__title\">Juri supervis\u00f3 las obras del nuevo SUM y oficinas del quinto piso del Concejo<\/p>\n<\/div>\n<div class=\"entry__body\">\n<p>El presidente del Concejo Deliberante de San Miguel de Tucum\u00e1n,\u00a0<strong>Fernando Juri<\/strong>, supervis\u00f3 las obras de refacci\u00f3n del quinto piso del edificio del cuerpo. Acompa\u00f1ado por los concejales\u00a0<strong>Ernesto Nagle<\/strong>,\u00a0<strong>Federico Romano Norri<\/strong>,\u00a0<strong>Jos\u00e9 Mar\u00eda Franco<\/strong>,\u00a0<strong>Gast\u00f3n G\u00f3mez<\/strong>,\u00a0<strong>Alfredo Ter\u00e1n<\/strong>,\u00a0<strong>Ana Gonz\u00e1lez<\/strong>,\u00a0<strong>Gonzalo Carrillo Leito<\/strong>\u00a0y\u00a0<strong>Facundo Vargas Aignasse,<\/strong> y por los funcionarios del cuerpo, se interiorizaron sobre los trabajos y los nuevos espacios. <img loading=\"lazy\" decoding=\"async\" class=\"alignnone wp-image-10333 size-full\" src=\"https:\/\/cafeprensa.com.ar\/wp-content\/uploads\/2025\/08\/IMG_7182-1-scaled-1.webp\" alt=\"\" width=\"768\" height=\"494\" srcset=\"https:\/\/cafeprensa.com.ar\/wp-content\/uploads\/2025\/08\/IMG_7182-1-scaled-1.webp 768w, https:\/\/cafeprensa.com.ar\/wp-content\/uploads\/2025\/08\/IMG_7182-1-scaled-1-300x193.webp 300w\" sizes=\"auto, (max-width: 768px) 100vw, 768px\" \/><\/p>\n<p><strong>En el quinto piso se espera inaugurar en 30 d\u00edas cinco oficinas nuevas, una nueva sala de comisiones (una vez inaugurada podr\u00e1n funcionar dos reuniones de comisiones en simult\u00e1neo), ba\u00f1os a estrenar, una cocina y adem\u00e1s un sal\u00f3n de usos m\u00faltiples con capacidad para 80 personas. <img loading=\"lazy\" decoding=\"async\" class=\"alignnone wp-image-10335 size-large\" src=\"https:\/\/cafeprensa.com.ar\/wp-content\/uploads\/2025\/08\/IMG_7213-scaled-1-1024x683.webp\" alt=\"\" width=\"1024\" height=\"683\" srcset=\"https:\/\/cafeprensa.com.ar\/wp-content\/uploads\/2025\/08\/IMG_7213-scaled-1-1024x683.webp 1024w, https:\/\/cafeprensa.com.ar\/wp-content\/uploads\/2025\/08\/IMG_7213-scaled-1-300x200.webp 300w, https:\/\/cafeprensa.com.ar\/wp-content\/uploads\/2025\/08\/IMG_7213-scaled-1-768x512.webp 768w, https:\/\/cafeprensa.com.ar\/wp-content\/uploads\/2025\/08\/IMG_7213-scaled-1.webp 1536w\" sizes=\"auto, (max-width: 1024px) 100vw, 1024px\" \/><\/strong><\/p>\n<p>\u00abEs una etapa m\u00e1s de las obras de reforma integral del edificio del Concejo Deliberante, en el pasado se trabaj\u00f3 recuperando los ba\u00f1os en cada piso, mejorando las oficinas, recuperando el sistema de refrigeraci\u00f3n central y <strong>nuestro anfiteatro San Miguel Arc\u00e1ngel<\/strong>\u2026 ahora en el quinto piso, que antes era un dep\u00f3sito de residuos del ex Banco Municipal, fue recuperado y vemos estas obras: nuevas oficinas, un<strong> SUM, nuevas salas de reuniones que nos permiten poner en valor el trabajo de los empleados del Concejo, los servicios que prestamos a la comunidad y adem\u00e1s quiero aclarar que todas las obras se hicieron con el personal de la casa, alba\u00f1iles, electricistas y carpinteros, toda mano de obra que nos permite llevar adelante esta reforma\u00bb, explic\u00f3 Juri en rueda de prensa. <img loading=\"lazy\" decoding=\"async\" class=\"alignnone wp-image-10336 size-large\" src=\"https:\/\/cafeprensa.com.ar\/wp-content\/uploads\/2025\/08\/IMG_7248-scaled-1-1024x683.webp\" alt=\"\" width=\"1024\" height=\"683\" srcset=\"https:\/\/cafeprensa.com.ar\/wp-content\/uploads\/2025\/08\/IMG_7248-scaled-1-1024x683.webp 1024w, https:\/\/cafeprensa.com.ar\/wp-content\/uploads\/2025\/08\/IMG_7248-scaled-1-300x200.webp 300w, https:\/\/cafeprensa.com.ar\/wp-content\/uploads\/2025\/08\/IMG_7248-scaled-1-768x512.webp 768w, https:\/\/cafeprensa.com.ar\/wp-content\/uploads\/2025\/08\/IMG_7248-scaled-1.webp 1536w\" sizes=\"auto, (max-width: 1024px) 100vw, 1024px\" \/><\/strong><\/p>\n<\/div>\n","protected":false},"excerpt":{"rendered":"<p>Juri supervis\u00f3 las obras del nuevo SUM y oficinas del quinto piso del Concejo El presidente del Concejo Deliberante de San Miguel de Tucum\u00e1n,\u00a0Fernando Juri, supervis\u00f3 las obras de refacci\u00f3n del quinto piso del edificio del cuerpo. Acompa\u00f1ado por los concejales\u00a0Ernesto Nagle,\u00a0Federico Romano Norri,\u00a0Jos\u00e9 Mar\u00eda Franco,\u00a0Gast\u00f3n G\u00f3mez,\u00a0Alfredo Ter\u00e1n,\u00a0Ana Gonz\u00e1lez,\u00a0Gonzalo Carrillo Leito\u00a0y\u00a0Facundo Vargas Aignasse, y por &hellip;<\/p>\n","protected":false},"author":2,"featured_media":10334,"comment_status":"open","ping_status":"open","sticky":false,"template":"","format":"standard","meta":{"footnotes":""},"categories":[1707,34],"tags":[645,191,189,2340,121],"class_list":["post-10332","post","type-post","status-publish","format-standard","has-post-thumbnail","hentry","category-concejales-de-tucuman","category-locales","tag-concejales","tag-hcd","tag-juri","tag-obras","tag-pj"],"_links":{"self":[{"href":"https:\/\/cafeprensa.com.ar\/index.php\/wp-json\/wp\/v2\/posts\/10332","targetHints":{"allow":["GET"]}}],"collection":[{"href":"https:\/\/cafeprensa.com.ar\/index.php\/wp-json\/wp\/v2\/posts"}],"about":[{"href":"https:\/\/cafeprensa.com.ar\/index.php\/wp-json\/wp\/v2\/types\/post"}],"author":[{"embeddable":true,"href":"https:\/\/cafeprensa.com.ar\/index.php\/wp-json\/wp\/v2\/users\/2"}],"replies":[{"embeddable":true,"href":"https:\/\/cafeprensa.com.ar\/index.php\/wp-json\/wp\/v2\/comments?post=10332"}],"version-history":[{"count":1,"href":"https:\/\/cafeprensa.com.ar\/index.php\/wp-json\/wp\/v2\/posts\/10332\/revisions"}],"predecessor-version":[{"id":10337,"href":"https:\/\/cafeprensa.com.ar\/index.php\/wp-json\/wp\/v2\/posts\/10332\/revisions\/10337"}],"wp:featuredmedia":[{"embeddable":true,"href":"https:\/\/cafeprensa.com.ar\/index.php\/wp-json\/wp\/v2\/media\/10334"}],"wp:attachment":[{"href":"https:\/\/cafeprensa.com.ar\/index.php\/wp-json\/wp\/v2\/media?parent=10332"}],"wp:term":[{"taxonomy":"category","embeddable":true,"href":"https:\/\/cafeprensa.com.ar\/index.php\/wp-json\/wp\/v2\/categories?post=10332"},{"taxonomy":"post_tag","embeddable":true,"href":"https:\/\/cafeprensa.com.ar\/index.php\/wp-json\/wp\/v2\/tags?post=10332"}],"curies":[{"name":"wp","href":"https:\/\/api.w.org\/{rel}","templated":true}]}}