{"id":10428,"date":"2025-08-08T15:18:21","date_gmt":"2025-08-08T13:18:21","guid":{"rendered":"https:\/\/cafeprensa.com.ar\/?p=10428"},"modified":"2025-08-08T15:18:21","modified_gmt":"2025-08-08T13:18:21","slug":"el-tesa-cambio-su-recorrido-en-san-miguel-de-tucuman","status":"publish","type":"post","link":"https:\/\/cafeprensa.com.ar\/index.php\/2025\/08\/08\/el-tesa-cambio-su-recorrido-en-san-miguel-de-tucuman\/","title":{"rendered":"El TESA cambi\u00f3 su recorrido en San Miguel de Tucum\u00e1n"},"content":{"rendered":"<div class=\"titulo bajada mt-2\">\n<p class=\"fs-5 text-muted\">Durante este jueves 7 de agosto, en el marco de la tradicional fiesta religiosa de San Cayetano, se llevar\u00e1n a cabo cortes de calles en el centro de <strong>San Miguel de Tucum\u00e1n<\/strong>. Por tal motivo, el TESA confirm\u00f3 que modificar\u00e1 su recorrido habitual.<\/p>\n<\/div>\n<div class=\"row\">\n<div class=\"col-md-8\">\n<div class=\"content text-muted py-4\">\n<p>Desde las 15:30 hasta las 20:00, los colectivos no ingresar\u00e1n al microcentro tucumano y se dirigir\u00e1n exclusivamente a la\u00a0<strong>terminal de \u00f3mnibus<\/strong>. Esta medida preventiva busca\u00a0<strong>facilitar el desarrollo de las actividades religiosas<\/strong>\u00a0y evitar la congesti\u00f3n vehicular en el casco c\u00e9ntrico, donde se espera una masiva concurrencia de fieles.<\/p>\n<p>La decisi\u00f3n fue adoptada por la empresa, teniendo en cuenta la gran afluencia de personas que cada a\u00f1o participa en las procesiones y misas en honor a San Cayetano, patrono del pan y del trabajo.<\/p>\n<div class=\"wp-block-image\">\n<figure class=\"aligncenter size-full\"><img loading=\"lazy\" decoding=\"async\" class=\"wp-image-129166\" src=\"https:\/\/monterizos.com.ar\/wp-content\/uploads\/2025\/08\/04FF9965-9632-435A-8D7F-5A61A9DE546E.png\" alt=\"\" width=\"692\" height=\"204\" \/><\/figure>\n<\/div>\n<div id=\"tptn_counter_129165\" class=\"tptn_counter\"><\/div>\n<\/div>\n<div class=\"banner-3 d-flex justify-content-center my-2\">\n<div id=\"bsa-block-350--109\" class=\"bsaProContainerNew bsaProContainer-13 bsa-block-350--109 bsa-pro-col-1\">\n<div class=\"bsaProItems bsaGridNoGutter  d-flex justify-content-center\">\n<div class=\"bsaProItem bsaReset\" data-animation=\"none\">\n<div class=\"bsaProItemInner\">\n<div class=\"bsaProItemInner__thumb\">\n<div class=\"bsaProAnimateThumb\"><\/div>\n<\/div>\n<\/div>\n<\/div>\n<\/div>\n<\/div>\n<\/div>\n<\/div>\n<\/div>\n","protected":false},"excerpt":{"rendered":"<p>Durante este jueves 7 de agosto, en el marco de la tradicional fiesta religiosa de San Cayetano, se llevar\u00e1n a cabo cortes de calles en el centro de San Miguel de Tucum\u00e1n. Por tal motivo, el TESA confirm\u00f3 que modificar\u00e1 su recorrido habitual. Desde las 15:30 hasta las 20:00, los colectivos no ingresar\u00e1n al microcentro &hellip;<\/p>\n","protected":false},"author":2,"featured_media":10429,"comment_status":"open","ping_status":"open","sticky":false,"template":"","format":"standard","meta":{"footnotes":""},"categories":[54,34],"tags":[2347,221],"class_list":["post-10428","post","type-post","status-publish","format-standard","has-post-thumbnail","hentry","category-interes-ganeral","category-locales","tag-horarios","tag-tesa"],"_links":{"self":[{"href":"https:\/\/cafeprensa.com.ar\/index.php\/wp-json\/wp\/v2\/posts\/10428","targetHints":{"allow":["GET"]}}],"collection":[{"href":"https:\/\/cafeprensa.com.ar\/index.php\/wp-json\/wp\/v2\/posts"}],"about":[{"href":"https:\/\/cafeprensa.com.ar\/index.php\/wp-json\/wp\/v2\/types\/post"}],"author":[{"embeddable":true,"href":"https:\/\/cafeprensa.com.ar\/index.php\/wp-json\/wp\/v2\/users\/2"}],"replies":[{"embeddable":true,"href":"https:\/\/cafeprensa.com.ar\/index.php\/wp-json\/wp\/v2\/comments?post=10428"}],"version-history":[{"count":1,"href":"https:\/\/cafeprensa.com.ar\/index.php\/wp-json\/wp\/v2\/posts\/10428\/revisions"}],"predecessor-version":[{"id":10430,"href":"https:\/\/cafeprensa.com.ar\/index.php\/wp-json\/wp\/v2\/posts\/10428\/revisions\/10430"}],"wp:featuredmedia":[{"embeddable":true,"href":"https:\/\/cafeprensa.com.ar\/index.php\/wp-json\/wp\/v2\/media\/10429"}],"wp:attachment":[{"href":"https:\/\/cafeprensa.com.ar\/index.php\/wp-json\/wp\/v2\/media?parent=10428"}],"wp:term":[{"taxonomy":"category","embeddable":true,"href":"https:\/\/cafeprensa.com.ar\/index.php\/wp-json\/wp\/v2\/categories?post=10428"},{"taxonomy":"post_tag","embeddable":true,"href":"https:\/\/cafeprensa.com.ar\/index.php\/wp-json\/wp\/v2\/tags?post=10428"}],"curies":[{"name":"wp","href":"https:\/\/api.w.org\/{rel}","templated":true}]}}