{"id":10480,"date":"2025-08-12T12:55:03","date_gmt":"2025-08-12T10:55:03","guid":{"rendered":"https:\/\/cafeprensa.com.ar\/?p=10480"},"modified":"2025-08-12T12:55:03","modified_gmt":"2025-08-12T10:55:03","slug":"el-turco-garcia-anuncio-que-sera-candidato-a-diputado-nacional","status":"publish","type":"post","link":"https:\/\/cafeprensa.com.ar\/index.php\/2025\/08\/12\/el-turco-garcia-anuncio-que-sera-candidato-a-diputado-nacional\/","title":{"rendered":"El Turco Garc\u00eda anunci\u00f3 que ser\u00e1 candidato a diputado nacional:"},"content":{"rendered":"<div class=\"pull-left col-md-6 fotos-containers\">El ex futbolista de Racing acompa\u00f1ar\u00e1 a Daniel Amoroso y ser\u00e1 tercero en la lista del partido de la Ciudad de Buenos Aires. <strong>Mientras se destaca en las redes sociales con su programa en YouTube llamado Lo del Turco, Claudio Omar Garc\u00eda sorprendi\u00f3 al anunciar que incursionar\u00e1 en el mundo de la pol\u00edtica de la mano de Daniel Amoroso. <\/strong><\/div>\n<div class=\"pull-left col-md-6 fotos-containers\">El hist\u00f3rico futbolista de la selecci\u00f3n argentina y Racing Club acompa\u00f1ar\u00e1 al ex legislador e integrar\u00e1 la lista de cara a las pr\u00f3ximas elecciones con el Partido Integrar. El ex jugador ser\u00e1 candidato a diputado nacional por la Ciudad de Buenos Aires.<img loading=\"lazy\" decoding=\"async\" class=\"alignnone wp-image-10483 size-full\" src=\"https:\/\/cafeprensa.com.ar\/wp-content\/uploads\/2025\/08\/turco-garcia-daniel-amoroso.webp\" alt=\"\" width=\"1200\" height=\"675\" srcset=\"https:\/\/cafeprensa.com.ar\/wp-content\/uploads\/2025\/08\/turco-garcia-daniel-amoroso.webp 1200w, https:\/\/cafeprensa.com.ar\/wp-content\/uploads\/2025\/08\/turco-garcia-daniel-amoroso-300x169.webp 300w, https:\/\/cafeprensa.com.ar\/wp-content\/uploads\/2025\/08\/turco-garcia-daniel-amoroso-1024x576.webp 1024w, https:\/\/cafeprensa.com.ar\/wp-content\/uploads\/2025\/08\/turco-garcia-daniel-amoroso-768x432.webp 768w, https:\/\/cafeprensa.com.ar\/wp-content\/uploads\/2025\/08\/turco-garcia-daniel-amoroso-390x220.webp 390w\" sizes=\"auto, (max-width: 1200px) 100vw, 1200px\" \/><\/div>\n<p><strong>\u201cLa Ciudad est\u00e1 perdiendo y con el Turco Garc\u00eda venimos a dar vuelta el partido\u201d<\/strong>, destac\u00f3 Daniel Amoroso en el lanzamiento de la campa\u00f1a junto al futbolista. El anuncio estuvo acompa\u00f1ado por un video en el que ambos visitaron un club de barrio. <strong>\u201cEn octubre, con mi amigo Daniel Amoroso, salimos a la cancha como candidatos a diputados nacionales por el Partido Integrar. \u00a1Este partido jugalo con nosotros!\u201d,<\/strong> replic\u00f3 el Turco Garc\u00eda en sus redes sociales personales.<\/p>\n<p>En dicho video, <strong>el exfutbolista de Hurac\u00e1n y V\u00e9lez S\u00e1rsfield explic\u00f3 sus motivos por los que incursion\u00f3 en la pol\u00edtica e integr\u00f3 la lista con Amoroso<\/strong>. \u201cPrimero, porque lo conozco a Daniel Amoroso hace 40 a\u00f1os. S\u00e9 con la persona que estoy. Si no, no me hubiera metido\u201d, explic\u00f3 el hombre de 61 a\u00f1os.<\/p>\n<p>As\u00ed las cosas, el Turco Garc\u00eda ser\u00e1 candidato a diputado nacional de la Ciudad de Buenos Aires en las elecciones del pr\u00f3ximo 26 de octubre. <strong>El ex Racing ser\u00e1 tercero en la lista de CABA del Partido Integrar, liderado por Daniel Amoroso, ex legislador porte\u00f1o (estuvo en el PRO y con Francisco De N\u00e1rvaez entre 2005 y 2013) y ex titular del Sindicato de Trabajadores de Juegos de Azar (ALEARA).<\/strong><\/p>\n<p>Hace algunos a\u00f1os, en febrero de 2021, <strong>el Turco Garc\u00eda ya hab\u00eda dejado entrever sus ganas de volver a incursionar en la pol\u00edtica despu\u00e9s de largos a\u00f1os. Cabe recordar que el futbolista integr\u00f3 la lista del Partido de la Esperanza Porte\u00f1a en las elecciones legislativas de 2005, que fue encabezada por Zulma Faiad, aunque sin mucho \u00e9xito: obtuvo menos del 1% de los votos.<\/strong><\/p>\n<p><img decoding=\"async\" class=\"img-responsive\" src=\"https:\/\/www.infobae.com\/resizer\/v2\/ICVEIH72XRDILEUT7H5TX6MBAU.jpg?auth=40747f7d99fc4e2542cb3898831e5a9a32f957b8e215e7da2b2ff0996c305cf7&amp;smart=true&amp;width=992&amp;height=558&amp;quality=85\" width=\"700\" \/><\/p>\n<p>En una participaci\u00f3n con el programa de televisi\u00f3n Pol\u00e9mica en el Bar, record\u00f3 este momento en el que form\u00f3 parte de la lista de cara a las elecciones. <strong>\u201cZulma estuvo conmigo en una lista, yo estaba \u00faltimo, n\u00famero 28. No nos vot\u00f3 nadie, dos votos tuvimos. La lista verde era, la de lechuguita, en serio\u201d, expres\u00f3 mientras toda la mesa se re\u00eda. Tentado, Mariano I\u00fadica le confes\u00f3: \u201cNo sab\u00eda que hab\u00edas estado\u201d.<\/strong> A lo que el exfutbolista respondi\u00f3: \u201cS\u00ed, buscame: 28 me pusieron. \u00a1Casi me caigo de la lista! Te juro\u201d. Y luego agreg\u00f3 divertido: \u201c\u00a1Qu\u00e9 te vas a acordar si ni yo me acordaba!\u201d.<\/p>\n<p>Cabe destacar que no es el \u00fanico jugador de f\u00fatbol que formar\u00e1 parte de un partido pol\u00edtico en las elecciones venideras. <strong>Carlos \u201cEl Loco\u201d Enrique,<\/strong> exfutbolista de Lan\u00fas, anunci\u00f3 su postulaci\u00f3n como tercer candidato a concejal en la lista de Somos Buenos Aires para el Concejo Deliberante de su ciudad natal.<\/p>\n<p><strong>Enrique, de 61 a\u00f1os, atribuy\u00f3 su decisi\u00f3n a la oportunidad brindada por Emiliano Bursese, actual concejal radical y primer candidato de la lista, a quien describi\u00f3 como \u201cun tipo honesto y muy h\u00e1bil\u201d<\/strong>. El exjugador expres\u00f3: \u201cBueno, lleg\u00f3 el momento de salir a la cancha. Le voy a dar con tanto amor como le di en el f\u00fatbol\u201d.<img loading=\"lazy\" decoding=\"async\" class=\"alignnone wp-image-10482 size-full\" src=\"https:\/\/cafeprensa.com.ar\/wp-content\/uploads\/2025\/08\/image-115.webp\" alt=\"\" width=\"780\" height=\"513\" srcset=\"https:\/\/cafeprensa.com.ar\/wp-content\/uploads\/2025\/08\/image-115.webp 780w, https:\/\/cafeprensa.com.ar\/wp-content\/uploads\/2025\/08\/image-115-300x197.webp 300w, https:\/\/cafeprensa.com.ar\/wp-content\/uploads\/2025\/08\/image-115-768x505.webp 768w\" sizes=\"auto, (max-width: 780px) 100vw, 780px\" \/><\/p>\n<p>Desde hace varios a\u00f1os, Enrique se desempe\u00f1a en el programa Tribuna Segura, dependiente del<strong> Ministerio de Seguridad nacional, encargado de controlar el acceso a los estadios y restringir la entrada a hinchas con derecho de admisi\u00f3n.<\/strong> Record\u00f3 que ingres\u00f3 a este dispositivo hace 18 a\u00f1os junto a Javier Castrilli, destacando su experiencia en proyectos con j\u00f3venes en colegios y clubes de barrio.<\/p>\n<p><strong>\u201cEntr\u00e9 con Javier Castrilli hace 18 a\u00f1os, le gust\u00f3 que yo camin\u00e9 la calle, mis proyectos con la juventud en los colegios y los clubes de barrio y ahora me decid\u00ed gracias a la oportunidad que me dio Bursese, que es un tipo honesto y muy h\u00e1bil\u201d<\/strong>, le coment\u00f3 el Loco a Infobae.<\/p>\n","protected":false},"excerpt":{"rendered":"<p>El ex futbolista de Racing acompa\u00f1ar\u00e1 a Daniel Amoroso y ser\u00e1 tercero en la lista del partido de la Ciudad de Buenos Aires. Mientras se destaca en las redes sociales con su programa en YouTube llamado Lo del Turco, Claudio Omar Garc\u00eda sorprendi\u00f3 al anunciar que incursionar\u00e1 en el mundo de la pol\u00edtica de la &hellip;<\/p>\n","protected":false},"author":2,"featured_media":10481,"comment_status":"open","ping_status":"open","sticky":false,"template":"","format":"standard","meta":{"footnotes":""},"categories":[26,25],"tags":[2358,2357],"class_list":["post-10480","post","type-post","status-publish","format-standard","has-post-thumbnail","hentry","category-policiales","category-politica","tag-eleccioens-2025","tag-turco-garcia"],"_links":{"self":[{"href":"https:\/\/cafeprensa.com.ar\/index.php\/wp-json\/wp\/v2\/posts\/10480","targetHints":{"allow":["GET"]}}],"collection":[{"href":"https:\/\/cafeprensa.com.ar\/index.php\/wp-json\/wp\/v2\/posts"}],"about":[{"href":"https:\/\/cafeprensa.com.ar\/index.php\/wp-json\/wp\/v2\/types\/post"}],"author":[{"embeddable":true,"href":"https:\/\/cafeprensa.com.ar\/index.php\/wp-json\/wp\/v2\/users\/2"}],"replies":[{"embeddable":true,"href":"https:\/\/cafeprensa.com.ar\/index.php\/wp-json\/wp\/v2\/comments?post=10480"}],"version-history":[{"count":1,"href":"https:\/\/cafeprensa.com.ar\/index.php\/wp-json\/wp\/v2\/posts\/10480\/revisions"}],"predecessor-version":[{"id":10484,"href":"https:\/\/cafeprensa.com.ar\/index.php\/wp-json\/wp\/v2\/posts\/10480\/revisions\/10484"}],"wp:featuredmedia":[{"embeddable":true,"href":"https:\/\/cafeprensa.com.ar\/index.php\/wp-json\/wp\/v2\/media\/10481"}],"wp:attachment":[{"href":"https:\/\/cafeprensa.com.ar\/index.php\/wp-json\/wp\/v2\/media?parent=10480"}],"wp:term":[{"taxonomy":"category","embeddable":true,"href":"https:\/\/cafeprensa.com.ar\/index.php\/wp-json\/wp\/v2\/categories?post=10480"},{"taxonomy":"post_tag","embeddable":true,"href":"https:\/\/cafeprensa.com.ar\/index.php\/wp-json\/wp\/v2\/tags?post=10480"}],"curies":[{"name":"wp","href":"https:\/\/api.w.org\/{rel}","templated":true}]}}