{"id":10540,"date":"2025-08-15T15:56:10","date_gmt":"2025-08-15T13:56:10","guid":{"rendered":"https:\/\/cafeprensa.com.ar\/?p=10540"},"modified":"2025-08-15T15:56:17","modified_gmt":"2025-08-15T13:56:17","slug":"llega-la-motosierra-a-tucuman-apuntan-contra-el-ipla-la-maquina-de-recaudar","status":"publish","type":"post","link":"https:\/\/cafeprensa.com.ar\/index.php\/2025\/08\/15\/llega-la-motosierra-a-tucuman-apuntan-contra-el-ipla-la-maquina-de-recaudar\/","title":{"rendered":"Llega la motosierra a Tucum\u00e1n: apuntan contra el IPLA, \u201cla m\u00e1quina de recaudar\u201d"},"content":{"rendered":"<header class=\"entry-header\">\n<div class=\"entry-meta\">El legislador libertario Jos\u00e9 Seleme encendi\u00f3 los motores de la motosierra pol\u00edtica en Tucum\u00e1n y puso en la mira al <strong>Instituto Provincial de Lucha contra el Alcoholismo (IPLA),<\/strong> un organismo que, seg\u00fan denuncia, hace tiempo dej\u00f3 de prevenir y pas\u00f3 a convertirse en una caja recaudadora que ahoga a quienes generan trabajo.<img loading=\"lazy\" decoding=\"async\" class=\"alignnone wp-image-10542 size-large\" src=\"https:\/\/cafeprensa.com.ar\/wp-content\/uploads\/2025\/08\/Fuerte-rechazo-del-sector-canero-tucumano-a-las-denuncias-del-legislador-Seleme-por-supuesto-azucar-en-negro-1024x576.webp\" alt=\"\" width=\"1024\" height=\"576\" srcset=\"https:\/\/cafeprensa.com.ar\/wp-content\/uploads\/2025\/08\/Fuerte-rechazo-del-sector-canero-tucumano-a-las-denuncias-del-legislador-Seleme-por-supuesto-azucar-en-negro-1024x576.webp 1024w, https:\/\/cafeprensa.com.ar\/wp-content\/uploads\/2025\/08\/Fuerte-rechazo-del-sector-canero-tucumano-a-las-denuncias-del-legislador-Seleme-por-supuesto-azucar-en-negro-300x169.webp 300w, https:\/\/cafeprensa.com.ar\/wp-content\/uploads\/2025\/08\/Fuerte-rechazo-del-sector-canero-tucumano-a-las-denuncias-del-legislador-Seleme-por-supuesto-azucar-en-negro-768x432.webp 768w, https:\/\/cafeprensa.com.ar\/wp-content\/uploads\/2025\/08\/Fuerte-rechazo-del-sector-canero-tucumano-a-las-denuncias-del-legislador-Seleme-por-supuesto-azucar-en-negro-1536x864.webp 1536w, https:\/\/cafeprensa.com.ar\/wp-content\/uploads\/2025\/08\/Fuerte-rechazo-del-sector-canero-tucumano-a-las-denuncias-del-legislador-Seleme-por-supuesto-azucar-en-negro-390x220.webp 390w, https:\/\/cafeprensa.com.ar\/wp-content\/uploads\/2025\/08\/Fuerte-rechazo-del-sector-canero-tucumano-a-las-denuncias-del-legislador-Seleme-por-supuesto-azucar-en-negro.webp 1920w\" sizes=\"auto, (max-width: 1024px) 100vw, 1024px\" \/><\/div>\n<\/header>\n<div class=\"entry-content\">\n<p>La pol\u00e9mica se desat\u00f3 tras la Resoluci\u00f3n N\u00b0 2101-480-2025, firmada por el titular del IPLA,\u00a0<strong>Dante Loza \u2014exconcejal capitalino y dirigente cercano al oficialismo provincial\u2014<\/strong>, que actualiza los aranceles para la organizaci\u00f3n de eventos musicales, festivales, pe\u00f1as, fiestas electr\u00f3nicas y hasta los kioscos y ranchos que venden bebidas alcoh\u00f3licas. La suba, atada al \u00cdndice de Precios al Consumidor<strong> (7,3% entre marzo y junio), fija montos que para Seleme son \u201cuna barrera mortal\u201d para emprendedores y organizadores: $210.000 diarios por cada evento, $19.000 por kiosco, $25.000 para ranchos peque\u00f1os y $30.000 para los m\u00e1s grandes.<\/strong><\/p>\n<p><strong>\u201cEl IPLA es el ejemplo perfecto de un organismo creado para pagar favores pol\u00edticos, con un presupuesto propio y sin control real. En vez de prevenir, inventa impuestos para fundir a los microemprendedores\u201d, dispar\u00f3 el legislador de\u00a0<em>Avanza Tucum\u00e1n<\/em>.<\/strong><\/p>\n<p>Seleme record\u00f3 que ya present\u00f3 un proyecto de ley para eliminar el instituto y transferir sus funciones: las habilitaciones y controles, a los municipios; y la prevenci\u00f3n del alcoholismo, a la Provincia. \u201cTodo lo dem\u00e1s es un curro. Hay que dejar de premiar la burocracia y empezar a premiar al que trabaja\u201d, remat\u00f3.<\/p>\n<p><strong>El libertario acus\u00f3 al IPLA de duplicar tributos que ya cobran los municipios y de \u201casfixiar\u201d a la econom\u00eda popular. \u201cEs hora de terminar con estos organismos par\u00e1sitos. Menos cargos pol\u00edticos y m\u00e1s libertad para producir\u201d, sostuvo.<\/strong><\/p>\n<p><strong>En un clima donde la motosierra libertaria ya cort\u00f3 estructuras a nivel nacional, Tucum\u00e1n empieza a ver c\u00f3mo esa l\u00f3gica se abre paso, apuntando a instituciones que, seg\u00fan sus cr\u00edticos, solo sirven para sostener a la pol\u00edtica, pero no a los tucumanos.<\/strong><\/p>\n<p><span style=\"font-size: 8pt;\"><strong>Fuente: https:\/\/quediario.com.ar\/2025\/08\/15\/llega-la-motosierra-a-tucuman-apuntan-contra-el-ipla-la-maquina-de-recaudar\/<\/strong><\/span><\/p>\n<\/div>\n","protected":false},"excerpt":{"rendered":"<p>El legislador libertario Jos\u00e9 Seleme encendi\u00f3 los motores de la motosierra pol\u00edtica en Tucum\u00e1n y puso en la mira al Instituto Provincial de Lucha contra el Alcoholismo (IPLA), un organismo que, seg\u00fan denuncia, hace tiempo dej\u00f3 de prevenir y pas\u00f3 a convertirse en una caja recaudadora que ahoga a quienes generan trabajo. La pol\u00e9mica se &hellip;<\/p>\n","protected":false},"author":2,"featured_media":10541,"comment_status":"open","ping_status":"open","sticky":false,"template":"","format":"standard","meta":{"footnotes":""},"categories":[34,25],"tags":[2369,1186,2370],"class_list":["post-10540","post","type-post","status-publish","format-standard","has-post-thumbnail","hentry","category-locales","category-politica","tag-dante-loza","tag-ipla","tag-legislador-libertario-jose-seleme"],"_links":{"self":[{"href":"https:\/\/cafeprensa.com.ar\/index.php\/wp-json\/wp\/v2\/posts\/10540","targetHints":{"allow":["GET"]}}],"collection":[{"href":"https:\/\/cafeprensa.com.ar\/index.php\/wp-json\/wp\/v2\/posts"}],"about":[{"href":"https:\/\/cafeprensa.com.ar\/index.php\/wp-json\/wp\/v2\/types\/post"}],"author":[{"embeddable":true,"href":"https:\/\/cafeprensa.com.ar\/index.php\/wp-json\/wp\/v2\/users\/2"}],"replies":[{"embeddable":true,"href":"https:\/\/cafeprensa.com.ar\/index.php\/wp-json\/wp\/v2\/comments?post=10540"}],"version-history":[{"count":1,"href":"https:\/\/cafeprensa.com.ar\/index.php\/wp-json\/wp\/v2\/posts\/10540\/revisions"}],"predecessor-version":[{"id":10543,"href":"https:\/\/cafeprensa.com.ar\/index.php\/wp-json\/wp\/v2\/posts\/10540\/revisions\/10543"}],"wp:featuredmedia":[{"embeddable":true,"href":"https:\/\/cafeprensa.com.ar\/index.php\/wp-json\/wp\/v2\/media\/10541"}],"wp:attachment":[{"href":"https:\/\/cafeprensa.com.ar\/index.php\/wp-json\/wp\/v2\/media?parent=10540"}],"wp:term":[{"taxonomy":"category","embeddable":true,"href":"https:\/\/cafeprensa.com.ar\/index.php\/wp-json\/wp\/v2\/categories?post=10540"},{"taxonomy":"post_tag","embeddable":true,"href":"https:\/\/cafeprensa.com.ar\/index.php\/wp-json\/wp\/v2\/tags?post=10540"}],"curies":[{"name":"wp","href":"https:\/\/api.w.org\/{rel}","templated":true}]}}