{"id":1055,"date":"2024-02-15T22:03:18","date_gmt":"2024-02-15T21:03:18","guid":{"rendered":"https:\/\/cafeprensa.com.ar\/?p=1055"},"modified":"2024-02-15T22:03:18","modified_gmt":"2024-02-15T21:03:18","slug":"tucuman-apresta-mil-escuelas-y-suma-miles-de-docentes-que-prestaban-servicios-en-otras-reparticiones","status":"publish","type":"post","link":"https:\/\/cafeprensa.com.ar\/index.php\/2024\/02\/15\/tucuman-apresta-mil-escuelas-y-suma-miles-de-docentes-que-prestaban-servicios-en-otras-reparticiones\/","title":{"rendered":"Tucum\u00e1n apresta mil escuelas y suma miles de docentes que prestaban servicios en otras reparticiones"},"content":{"rendered":"<p>La funcionaria provincial destac\u00f3 que m\u00e1s de 1000 establecimientos est\u00e1n siendo acondicionados para recibir a cientos de alumnos en sus aulas, mientras que ratific\u00f3 que el comienzo de clases en Tucum\u00e1n ser\u00e1 el 1 de marzo.<\/p>\n<div>Adem\u00e1s la ministra fue consultada sobre el reordenamiento interno en medio del ajuste general que lleva adelante el gobierno provincial para optimizar el gasto durante este a\u00f1o. Al respecto Montaldo confirm\u00f3 que hab\u00eda una \u201cexcesiva cantidad de personal adscripto\u201d, situaci\u00f3n que comenz\u00f3 a ser modificada en este ciclo lectivo.<\/div>\n<div><\/div>\n<div>\u201cEl gobernador,\u00a0<b>Osvaldo Jaldo<\/b>, tom\u00f3 la decisi\u00f3n de que el personal adscrito vuelva a las escuelas. Exige un ordenamiento del Estado, que haya la cantidad de personal administrativo que se necesite y que los docentes cumplan la funci\u00f3n docente\u201d, explic\u00f3 la funcionaria.<\/div>\n<p>Sobre esto \u00faltimo, explic\u00f3: \u201cHab\u00eda docentes que, en vez de estar en el aula, estaban cumpliendo funciones en la Legislatura, en el municipio, en el Ministerio; en lugares donde no deben estar. Entonces se nombra a un reemplazante, a veces dos, y de nuevo eso genera un desorden en el Estado\u201d, indic\u00f3.<\/p>\n<p>Es por eso que de los aproximadamente 3.000 adscriptos, 1.600 ya fueron reordenados en las instituciones escolares, para luego completar el sistema nuevamente. Adem\u00e1s hay otros factores que se analizan en el estudio, como los profesionales que est\u00e1n a punto de recibir su jubilaci\u00f3n, qu\u00e9 per\u00edodo les corresponde y la cantidad de alumnos que tiene una escuela para determinar si amerita la creaci\u00f3n de un nuevo establecimiento.<\/p>\n<p>\u201cLa oferta educativa tambi\u00e9n tiene que estar acorde con las necesidades de la sociedad. Casualmente, lo que queremos es que adem\u00e1s de hacer una carrera superior, la gente pueda insertarse en el campo laboral\u201d, asever\u00f3 la ministra.<\/p>\n<p>Asimismo, la titular de la oficina educativa se refiri\u00f3 al reordenamiento que se llev\u00f3 adelante a partir de la disminuci\u00f3n de oficinas del Estado. \u201cHemos tratado de ordenar, dentro de esta pol\u00edtica de achique del Estado, porque ten\u00edamos un par de secretar\u00edas que han desaparecido, la Secretar\u00eda de Gesti\u00f3n, la de Bienestar Estudiantil\u201d, mencion\u00f3.<\/p>\n<p><b>En l\u00ednea con esto, consider\u00f3: \u201cEn este momento del pa\u00eds, creo que tenemos que ser muy responsables y ver que el Estado no crezca m\u00e1s de lo que podemos sostener. La gente tiene mucha necesidad y as\u00ed como en la casa decimos \u2018a esto no lo podemos seguir pagando\u2019, el Estado tambi\u00e9n se tiene que ajustar. Eso es lo que el gobernador hizo desde su asunci\u00f3n\u201d.<\/b><\/p>\n<p>La semana pasada, Montaldo viaj\u00f3 a Buenos Aires para encontrarse con el resto de ministros de Educaci\u00f3n de las provincias en el Consejo Federal. All\u00ed se redact\u00f3 un escrito en el que se solicit\u00f3 al Gobierno nacional que prolongue el Fondo de Incentivo Docente, el Fondo Compensador y otros subsidios que el presidente Javier Milei decidi\u00f3 suspender.<\/p>\n<p>\u201cEl fondo para el financiamiento educativo, que es una ley del 2006, destina el 6% (del presupuesto) y estamos discutiendo -con un nuevo proyecto de ley- que sea el 8%. De ese fondo, se reparte un 60% para las provincias y un 40% para la Naci\u00f3n\u201d, introdujo Montaldo.<\/p>\n<p>Seguido a esto, plante\u00f3: \u201cYo me pregunto: si la Naci\u00f3n no tiene escuelas \u00bfpor qu\u00e9 se queda con el 40%? Es algo parecido a lo del transporte. Entonces yo plante\u00e9 que no saquemos el incentivo docente, que lo discutamos todo el a\u00f1o y ordenemos como tiene que ser el presupuesto\u201d.<\/p>\n<p>Sobre la postura del Gobierno nacional, Montaldo asegur\u00f3 que \u201chay cosas que son razonables\u201d pero que no pueden efectuarse de la noche a la ma\u00f1ana. \u201cMe parece bien que si las escuelas son de la provincia, la provincia se tenga que hacer cargo en su totalidad. ahora, tambi\u00e9n tiene que llegar, entonces, la totalidad del Fondo para el Financiamiento Educativo\u201d, manifest\u00f3.<\/p>\n<p>En tanto, con respecto a las paritarias docentes, resalt\u00f3 que junto al gobernador y al ministro de Econom\u00eda y Producci\u00f3n, Daniel Abad, se est\u00e1 analizando \u201ccu\u00e1l es la mejor propuesta que se puede hacer\u201d. \u201cEsto tiene mucho dinamismo; cu\u00e1les son los ingresos que tiene la provincia, c\u00f3mo estamos\u2026 Ya se est\u00e1 profundizando en esto para poder llegar la pr\u00f3xima semana a las discusiones paritarias\u201d, dijo.<\/p>\n<p><b>Por \u00faltimo, Montaldo pidi\u00f3 a los docentes que \u201ccolaboren para que tengamos una mejor educaci\u00f3n\u201d. \u201cEl deseo de esta gesti\u00f3n es reivindicar al m\u00e1ximo posible la labor que realizan los docentes. El gobernador marc\u00f3 desde el inicio de su gesti\u00f3n que iba a priorizar educaci\u00f3n, salud y seguridad. Creemos que la educaci\u00f3n es fundamental para la mejora de la sociedad y para una mayor equidad social\u201d, expres\u00f3.<\/b>\u00a0\/<a href=\"https:\/\/www.losprimeros.tv\/noticias\/2024\/02\/15\/260408-montaldo-confirmo-que-1600-adscriptos-volveran-a-prestar-servicio-en-las-escuelas\">Los Primeros<\/a><\/p>\n","protected":false},"excerpt":{"rendered":"<p>La funcionaria provincial destac\u00f3 que m\u00e1s de 1000 establecimientos est\u00e1n siendo acondicionados para recibir a cientos de alumnos en sus aulas, mientras que ratific\u00f3 que el comienzo de clases en Tucum\u00e1n ser\u00e1 el 1 de marzo. Adem\u00e1s la ministra fue consultada sobre el reordenamiento interno en medio del ajuste general que lleva adelante el gobierno &hellip;<\/p>\n","protected":false},"author":1,"featured_media":1056,"comment_status":"open","ping_status":"open","sticky":false,"template":"","format":"standard","meta":{"footnotes":""},"categories":[38],"tags":[],"class_list":["post-1055","post","type-post","status-publish","format-standard","has-post-thumbnail","hentry","category-educacion"],"_links":{"self":[{"href":"https:\/\/cafeprensa.com.ar\/index.php\/wp-json\/wp\/v2\/posts\/1055","targetHints":{"allow":["GET"]}}],"collection":[{"href":"https:\/\/cafeprensa.com.ar\/index.php\/wp-json\/wp\/v2\/posts"}],"about":[{"href":"https:\/\/cafeprensa.com.ar\/index.php\/wp-json\/wp\/v2\/types\/post"}],"author":[{"embeddable":true,"href":"https:\/\/cafeprensa.com.ar\/index.php\/wp-json\/wp\/v2\/users\/1"}],"replies":[{"embeddable":true,"href":"https:\/\/cafeprensa.com.ar\/index.php\/wp-json\/wp\/v2\/comments?post=1055"}],"version-history":[{"count":1,"href":"https:\/\/cafeprensa.com.ar\/index.php\/wp-json\/wp\/v2\/posts\/1055\/revisions"}],"predecessor-version":[{"id":1057,"href":"https:\/\/cafeprensa.com.ar\/index.php\/wp-json\/wp\/v2\/posts\/1055\/revisions\/1057"}],"wp:featuredmedia":[{"embeddable":true,"href":"https:\/\/cafeprensa.com.ar\/index.php\/wp-json\/wp\/v2\/media\/1056"}],"wp:attachment":[{"href":"https:\/\/cafeprensa.com.ar\/index.php\/wp-json\/wp\/v2\/media?parent=1055"}],"wp:term":[{"taxonomy":"category","embeddable":true,"href":"https:\/\/cafeprensa.com.ar\/index.php\/wp-json\/wp\/v2\/categories?post=1055"},{"taxonomy":"post_tag","embeddable":true,"href":"https:\/\/cafeprensa.com.ar\/index.php\/wp-json\/wp\/v2\/tags?post=1055"}],"curies":[{"name":"wp","href":"https:\/\/api.w.org\/{rel}","templated":true}]}}