{"id":10642,"date":"2025-08-21T01:08:15","date_gmt":"2025-08-20T23:08:15","guid":{"rendered":"https:\/\/cafeprensa.com.ar\/?p=10642"},"modified":"2025-08-21T01:08:15","modified_gmt":"2025-08-20T23:08:15","slug":"adios-al-coche-en-espana-la-juventud-elige-transporte-publico-en-tucuman-no-hay-opcion","status":"publish","type":"post","link":"https:\/\/cafeprensa.com.ar\/index.php\/2025\/08\/21\/adios-al-coche-en-espana-la-juventud-elige-transporte-publico-en-tucuman-no-hay-opcion\/","title":{"rendered":"Adi\u00f3s al coche: en Espa\u00f1a la juventud elige transporte p\u00fablico, en Tucum\u00e1n no hay opci\u00f3n"},"content":{"rendered":"<header class=\"entry-header\">\n<div class=\"entry-meta\"><strong>Mientras en Europa los j\u00f3venes abandonan la idea del auto propio, en Tucum\u00e1n el transporte p\u00fablico en crisis los obliga a depender del veh\u00edculo privado.<\/strong><\/div>\n<div class=\"entry-meta\"><strong> <img loading=\"lazy\" decoding=\"async\" class=\"alignnone wp-image-10647 size-full\" src=\"https:\/\/cafeprensa.com.ar\/wp-content\/uploads\/2025\/08\/young-happy-man-using-mobile-260nw-2287899035.webp\" alt=\"\" width=\"390\" height=\"280\" srcset=\"https:\/\/cafeprensa.com.ar\/wp-content\/uploads\/2025\/08\/young-happy-man-using-mobile-260nw-2287899035.webp 390w, https:\/\/cafeprensa.com.ar\/wp-content\/uploads\/2025\/08\/young-happy-man-using-mobile-260nw-2287899035-300x215.webp 300w\" sizes=\"auto, (max-width: 390px) 100vw, 390px\" \/><\/strong><\/div>\n<\/header>\n<div class=\"entry-content\">\n<p>En Espa\u00f1a, m\u00e1s de la mitad de los menores de 35 a\u00f1os ya no consideran al coche privado como un s\u00edmbolo de libertad. La verdadera independencia, dicen, est\u00e1 en elegir c\u00f3mo moverse de manera sostenible: metro, buses el\u00e9ctricos, bicicletas, carsharing y aplicaciones que integran todo en tiempo real. Solo en Madrid y Barcelona, uno de cada cuatro viajes de j\u00f3venes se hace con movilidad compartida. <img loading=\"lazy\" decoding=\"async\" class=\"alignnone wp-image-10645 size-full\" src=\"https:\/\/cafeprensa.com.ar\/wp-content\/uploads\/2025\/08\/fotonoticia_20250616122124_690.jpg\" alt=\"\" width=\"690\" height=\"460\" srcset=\"https:\/\/cafeprensa.com.ar\/wp-content\/uploads\/2025\/08\/fotonoticia_20250616122124_690.jpg 690w, https:\/\/cafeprensa.com.ar\/wp-content\/uploads\/2025\/08\/fotonoticia_20250616122124_690-300x200.jpg 300w\" sizes=\"auto, (max-width: 690px) 100vw, 690px\" \/><\/p>\n<p><strong>El fen\u00f3meno responde a dos razones: conciencia ambiental y eficiencia econ\u00f3mica. Mantener un auto cuesta caro, y el transporte p\u00fablico funciona tan bien que no es necesario. All\u00ed, el Estado cumple su parte: redes de transporte modernas, accesibles y confiables.<\/strong><\/p>\n<p>El contraste con Tucum\u00e1n es brutal. Aqu\u00ed, la juventud no elige, se resigna. El sistema de colectivos es caro, ineficiente y con servicio deteriorado. Ante la falta de un transporte p\u00fablico de calidad, el auto o la moto terminan siendo casi obligatorios, incluso para quienes no pueden afrontar los costos.<img loading=\"lazy\" decoding=\"async\" class=\"alignnone wp-image-10644 size-large\" src=\"https:\/\/cafeprensa.com.ar\/wp-content\/uploads\/2025\/08\/estudio-tomado-cuenta-como-transporte-publico-mas-cincuenta-ciudades-espanolas-base-factores-como-rapidez-incidentes-viajes-hora-punta_98-1024x576.webp\" alt=\"\" width=\"1024\" height=\"576\" srcset=\"https:\/\/cafeprensa.com.ar\/wp-content\/uploads\/2025\/08\/estudio-tomado-cuenta-como-transporte-publico-mas-cincuenta-ciudades-espanolas-base-factores-como-rapidez-incidentes-viajes-hora-punta_98-1024x576.webp 1024w, https:\/\/cafeprensa.com.ar\/wp-content\/uploads\/2025\/08\/estudio-tomado-cuenta-como-transporte-publico-mas-cincuenta-ciudades-espanolas-base-factores-como-rapidez-incidentes-viajes-hora-punta_98-300x169.webp 300w, https:\/\/cafeprensa.com.ar\/wp-content\/uploads\/2025\/08\/estudio-tomado-cuenta-como-transporte-publico-mas-cincuenta-ciudades-espanolas-base-factores-como-rapidez-incidentes-viajes-hora-punta_98-768x432.webp 768w, https:\/\/cafeprensa.com.ar\/wp-content\/uploads\/2025\/08\/estudio-tomado-cuenta-como-transporte-publico-mas-cincuenta-ciudades-espanolas-base-factores-como-rapidez-incidentes-viajes-hora-punta_98-1536x864.webp 1536w, https:\/\/cafeprensa.com.ar\/wp-content\/uploads\/2025\/08\/estudio-tomado-cuenta-como-transporte-publico-mas-cincuenta-ciudades-espanolas-base-factores-como-rapidez-incidentes-viajes-hora-punta_98-390x220.webp 390w, https:\/\/cafeprensa.com.ar\/wp-content\/uploads\/2025\/08\/estudio-tomado-cuenta-como-transporte-publico-mas-cincuenta-ciudades-espanolas-base-factores-como-rapidez-incidentes-viajes-hora-punta_98.webp 1900w\" sizes=\"auto, (max-width: 1024px) 100vw, 1024px\" \/><\/p>\n<p><strong>Mientras en Europa el futuro de la movilidad es sostenible, multimodal y compartido, en Tucum\u00e1n seguimos atados a un modelo que expulsa a los usuarios y empuja a los j\u00f3venes hacia la dependencia del veh\u00edculo privado.<\/strong><\/p>\n<\/div>\n","protected":false},"excerpt":{"rendered":"<p>Mientras en Europa los j\u00f3venes abandonan la idea del auto propio, en Tucum\u00e1n el transporte p\u00fablico en crisis los obliga a depender del veh\u00edculo privado. En Espa\u00f1a, m\u00e1s de la mitad de los menores de 35 a\u00f1os ya no consideran al coche privado como un s\u00edmbolo de libertad. La verdadera independencia, dicen, est\u00e1 en elegir &hellip;<\/p>\n","protected":false},"author":2,"featured_media":10646,"comment_status":"open","ping_status":"open","sticky":false,"template":"","format":"standard","meta":{"footnotes":""},"categories":[54,35],"tags":[59],"class_list":["post-10642","post","type-post","status-publish","format-standard","has-post-thumbnail","hentry","category-interes-ganeral","category-internacionales","tag-transporte"],"_links":{"self":[{"href":"https:\/\/cafeprensa.com.ar\/index.php\/wp-json\/wp\/v2\/posts\/10642","targetHints":{"allow":["GET"]}}],"collection":[{"href":"https:\/\/cafeprensa.com.ar\/index.php\/wp-json\/wp\/v2\/posts"}],"about":[{"href":"https:\/\/cafeprensa.com.ar\/index.php\/wp-json\/wp\/v2\/types\/post"}],"author":[{"embeddable":true,"href":"https:\/\/cafeprensa.com.ar\/index.php\/wp-json\/wp\/v2\/users\/2"}],"replies":[{"embeddable":true,"href":"https:\/\/cafeprensa.com.ar\/index.php\/wp-json\/wp\/v2\/comments?post=10642"}],"version-history":[{"count":1,"href":"https:\/\/cafeprensa.com.ar\/index.php\/wp-json\/wp\/v2\/posts\/10642\/revisions"}],"predecessor-version":[{"id":10648,"href":"https:\/\/cafeprensa.com.ar\/index.php\/wp-json\/wp\/v2\/posts\/10642\/revisions\/10648"}],"wp:featuredmedia":[{"embeddable":true,"href":"https:\/\/cafeprensa.com.ar\/index.php\/wp-json\/wp\/v2\/media\/10646"}],"wp:attachment":[{"href":"https:\/\/cafeprensa.com.ar\/index.php\/wp-json\/wp\/v2\/media?parent=10642"}],"wp:term":[{"taxonomy":"category","embeddable":true,"href":"https:\/\/cafeprensa.com.ar\/index.php\/wp-json\/wp\/v2\/categories?post=10642"},{"taxonomy":"post_tag","embeddable":true,"href":"https:\/\/cafeprensa.com.ar\/index.php\/wp-json\/wp\/v2\/tags?post=10642"}],"curies":[{"name":"wp","href":"https:\/\/api.w.org\/{rel}","templated":true}]}}