{"id":10668,"date":"2025-08-22T12:38:15","date_gmt":"2025-08-22T10:38:15","guid":{"rendered":"https:\/\/cafeprensa.com.ar\/?p=10668"},"modified":"2025-08-22T12:42:35","modified_gmt":"2025-08-22T10:42:35","slug":"el-senador-juan-manzur-bajo-la-lupa","status":"publish","type":"post","link":"https:\/\/cafeprensa.com.ar\/index.php\/2025\/08\/22\/el-senador-juan-manzur-bajo-la-lupa\/","title":{"rendered":"El senador Juan Manzur bajo la lupa"},"content":{"rendered":"<header class=\"entry-header\">\n<div>El exgobernador Juan Manzur enfrenta nuevas cr\u00edticas por haber otorgado un subsidio de 1.200 millones de pesos a la droguer\u00eda Suizo Argentina SA para radicarse en Tucum\u00e1n.<\/div>\n<div><strong>La empresa, adem\u00e1s, fue beneficiada con una exenci\u00f3n impositiva por cinco a\u00f1os. Hoy vuelve a estar en el centro de la escena tras ser mencionada en la causa por presunto pago de coimas a Karina Milei y Mart\u00edn Menem. <img loading=\"lazy\" decoding=\"async\" class=\"alignnone wp-image-10669 size-full\" src=\"https:\/\/cafeprensa.com.ar\/wp-content\/uploads\/2025\/08\/818x460_221125125841_19783.jpg\" alt=\"\" width=\"818\" height=\"460\" srcset=\"https:\/\/cafeprensa.com.ar\/wp-content\/uploads\/2025\/08\/818x460_221125125841_19783.jpg 818w, https:\/\/cafeprensa.com.ar\/wp-content\/uploads\/2025\/08\/818x460_221125125841_19783-300x169.jpg 300w, https:\/\/cafeprensa.com.ar\/wp-content\/uploads\/2025\/08\/818x460_221125125841_19783-768x432.jpg 768w, https:\/\/cafeprensa.com.ar\/wp-content\/uploads\/2025\/08\/818x460_221125125841_19783-390x220.jpg 390w\" sizes=\"auto, (max-width: 818px) 100vw, 818px\" \/><\/strong><\/div>\n<div class=\"entry-meta\">En 2020, el PRO Tucum\u00e1n hab\u00eda denunciado que la decisi\u00f3n de Manzur representaba un trato desigual frente a las pymes locales, que no recibieron ni alivio fiscal ni pr\u00f3rrogas en los vencimientos durante la crisis econ\u00f3mica. <strong>\u201cEs inadmisible que Manzur le regale $1.200 millones, pero a las peque\u00f1as y medianas empresas tucumanas no les dio ning\u00fan beneficio\u201d<\/strong>, plante\u00f3 en aquel entonces el partido opositor en un comunicado oficial.<\/div>\n<div><\/div>\n<\/header>\n<div class=\"entry-content\">\n<p><strong>El subsidio otorgado a Suizo Argentina SA fue financiado \u00edntegramente con recursos provinciales, es decir, con dinero de los contribuyentes tucumanos.<\/strong> La promesa de la firma hab\u00eda sido generar inversiones y puestos de trabajo, aunque con el paso de los a\u00f1os el proyecto no mostr\u00f3 resultados proporcionales a la magnitud del beneficio recibido.<img loading=\"lazy\" decoding=\"async\" class=\"alignnone wp-image-10670 size-large\" src=\"https:\/\/cafeprensa.com.ar\/wp-content\/uploads\/2025\/08\/221125115848_55717-1024x683.jpeg\" alt=\"\" width=\"1024\" height=\"683\" srcset=\"https:\/\/cafeprensa.com.ar\/wp-content\/uploads\/2025\/08\/221125115848_55717-1024x683.jpeg 1024w, https:\/\/cafeprensa.com.ar\/wp-content\/uploads\/2025\/08\/221125115848_55717-300x200.jpeg 300w, https:\/\/cafeprensa.com.ar\/wp-content\/uploads\/2025\/08\/221125115848_55717-768x512.jpeg 768w, https:\/\/cafeprensa.com.ar\/wp-content\/uploads\/2025\/08\/221125115848_55717-1536x1024.jpeg 1536w, https:\/\/cafeprensa.com.ar\/wp-content\/uploads\/2025\/08\/221125115848_55717.jpeg 1599w\" sizes=\"auto, (max-width: 1024px) 100vw, 1024px\" \/><\/p>\n<p>La pol\u00e9mica cobr\u00f3 nueva relevancia tras conocerse los audios y denuncias judiciales que vinculan a la droguer\u00eda con presuntos pagos ilegales a la secretaria general de la Presidencia, Karina Milei, y al presidente de la C\u00e1mara de Diputados, Mart\u00edn Menem. Aunque los funcionarios a\u00fan no fueron imputados, el caso salpica al coraz\u00f3n del poder pol\u00edtico nacional y reactiva cuestionamientos sobre los v\u00ednculos empresariales con la pol\u00edtica tucumana.<\/p>\n<p><strong>Para la oposici\u00f3n provincial, el episodio confirma lo que hab\u00edan advertido hace cinco a\u00f1os: que la gesti\u00f3n de Manzur priorizaba acuerdos con grandes compa\u00f1\u00edas en detrimento del entramado productivo local. El debate ahora se concentra en la necesidad de revisar los beneficios fiscales otorgados durante ese per\u00edodo y en la transparencia de las decisiones que comprometen recursos p\u00fablicos de semejante magnitud.<\/strong><\/p>\n<p><span style=\"font-size: 8pt;\"><strong>FUENTE: https:\/\/quediario.com.ar\/2025\/08\/22\/manzur-bajo-la-lupa-el-subsidio-millonario-a-la-drogueria-ahora-investigada-por-coimas\/<\/strong><\/span><\/p>\n<\/div>\n","protected":false},"excerpt":{"rendered":"<p>El exgobernador Juan Manzur enfrenta nuevas cr\u00edticas por haber otorgado un subsidio de 1.200 millones de pesos a la droguer\u00eda Suizo Argentina SA para radicarse en Tucum\u00e1n. La empresa, adem\u00e1s, fue beneficiada con una exenci\u00f3n impositiva por cinco a\u00f1os. Hoy vuelve a estar en el centro de la escena tras ser mencionada en la causa &hellip;<\/p>\n","protected":false},"author":2,"featured_media":10671,"comment_status":"open","ping_status":"open","sticky":false,"template":"","format":"standard","meta":{"footnotes":""},"categories":[54,25],"tags":[2391,143,1610],"class_list":["post-10668","post","type-post","status-publish","format-standard","has-post-thumbnail","hentry","category-interes-ganeral","category-politica","tag-drogueria-suizo-argentina-sa","tag-manzur","tag-senador"],"_links":{"self":[{"href":"https:\/\/cafeprensa.com.ar\/index.php\/wp-json\/wp\/v2\/posts\/10668","targetHints":{"allow":["GET"]}}],"collection":[{"href":"https:\/\/cafeprensa.com.ar\/index.php\/wp-json\/wp\/v2\/posts"}],"about":[{"href":"https:\/\/cafeprensa.com.ar\/index.php\/wp-json\/wp\/v2\/types\/post"}],"author":[{"embeddable":true,"href":"https:\/\/cafeprensa.com.ar\/index.php\/wp-json\/wp\/v2\/users\/2"}],"replies":[{"embeddable":true,"href":"https:\/\/cafeprensa.com.ar\/index.php\/wp-json\/wp\/v2\/comments?post=10668"}],"version-history":[{"count":2,"href":"https:\/\/cafeprensa.com.ar\/index.php\/wp-json\/wp\/v2\/posts\/10668\/revisions"}],"predecessor-version":[{"id":10674,"href":"https:\/\/cafeprensa.com.ar\/index.php\/wp-json\/wp\/v2\/posts\/10668\/revisions\/10674"}],"wp:featuredmedia":[{"embeddable":true,"href":"https:\/\/cafeprensa.com.ar\/index.php\/wp-json\/wp\/v2\/media\/10671"}],"wp:attachment":[{"href":"https:\/\/cafeprensa.com.ar\/index.php\/wp-json\/wp\/v2\/media?parent=10668"}],"wp:term":[{"taxonomy":"category","embeddable":true,"href":"https:\/\/cafeprensa.com.ar\/index.php\/wp-json\/wp\/v2\/categories?post=10668"},{"taxonomy":"post_tag","embeddable":true,"href":"https:\/\/cafeprensa.com.ar\/index.php\/wp-json\/wp\/v2\/tags?post=10668"}],"curies":[{"name":"wp","href":"https:\/\/api.w.org\/{rel}","templated":true}]}}