{"id":10675,"date":"2025-08-22T13:47:47","date_gmt":"2025-08-22T11:47:47","guid":{"rendered":"https:\/\/cafeprensa.com.ar\/?p=10675"},"modified":"2025-08-22T14:04:16","modified_gmt":"2025-08-22T12:04:16","slug":"la-fiscalia-pidio-3-anos-y-1-2-de-prision-para-andrea-del-boca-por-defraudacion-del-estado","status":"publish","type":"post","link":"https:\/\/cafeprensa.com.ar\/index.php\/2025\/08\/22\/la-fiscalia-pidio-3-anos-y-1-2-de-prision-para-andrea-del-boca-por-defraudacion-del-estado\/","title":{"rendered":"La Fiscal\u00eda pidi\u00f3 3 a\u00f1os y 1\/2 de prisi\u00f3n para Andrea del Boca, por defraudaci\u00f3n del Estado"},"content":{"rendered":"<div class=\"the-post-header s-head-modern s-head-modern-a has-share-meta-right\">\n<div class=\"post-meta post-meta-a post-meta-left post-meta-single has-below\"><em>Para el ex-ministro kirchnerista Julio de Vido, solicitaron 4 a\u00f1os y medio de c\u00e1rcel.<\/em><\/div>\n<\/div>\n<div class=\"the-post s-post-modern\">\n<article id=\"post-78074\" class=\"post-78074 post type-post status-publish format-standard has-post-thumbnail category-nacionales category-destacada-2 tag-andrea-del-boca tag-fiscal-fabiana-leon tag-julio-de-vido tag-novela-mama-corazon tag-tof-n7 tag-tribunal-oral-federal-n7\">\n<div class=\"post-content-wrap has-share-float\">\n<div class=\"post-content cf entry-content content-spacious\">\n<p>En la jornada de ayer, la fiscal federal <strong>Fabiana Le\u00f3n<\/strong>, solicit\u00f3 una\u00a0condena de\u00a0t<strong>res a\u00f1os y seis meses de prisi\u00f3n.\u00a0pa<\/strong>ra la actriz y productora\u00a0<strong>Andrea del Boca<\/strong>, acusada de\u00a0<strong>defraudaci\u00f3n al\u00a0Estado<\/strong>\u00a0en relaci\u00f3n con la telenovela\u00a0<strong>\u00abMam\u00e1 Coraz\u00f3n\u00bb<\/strong>,\u00a0financiada con fondos p\u00fablicos, (pero que nunca emitida) en el marco del juicio que se tramita en el\u00a0<strong>Tribunal Oral Federal N\u00b07<\/strong>.<img loading=\"lazy\" decoding=\"async\" class=\"alignnone wp-image-10676 size-full\" src=\"https:\/\/cafeprensa.com.ar\/wp-content\/uploads\/2025\/08\/ANDREA.jpg\" alt=\"\" width=\"728\" height=\"500\" srcset=\"https:\/\/cafeprensa.com.ar\/wp-content\/uploads\/2025\/08\/ANDREA.jpg 728w, https:\/\/cafeprensa.com.ar\/wp-content\/uploads\/2025\/08\/ANDREA-300x206.jpg 300w, https:\/\/cafeprensa.com.ar\/wp-content\/uploads\/2025\/08\/ANDREA-220x150.jpg 220w\" sizes=\"auto, (max-width: 728px) 100vw, 728px\" \/><\/p>\n<p><strong>Andrea del Boca\u00a0fue considerada\u00a0\u201cpart\u00edcipe necesaria\u201d\u00a0del\u00a0delito\u00a0de administraci\u00f3n fraudulenta. Su productora,\u00a0A+a Group S.R.L., firm\u00f3 un contrato con la\u00a0Universidad Nacional de San Mart\u00edn\u00a0(UNSAM) por el cual recibi\u00f3 m\u00e1s de\u00a0$25 millones\u00a0(equivalente al 76 % del costo total estimado de producci\u00f3n), a trav\u00e9s del Ministerio de Planificaci\u00f3n.<\/strong><\/p>\n<p>La fiscal tambi\u00e9n solicit\u00f3 que los implicados devuelvan el monto de\u00a0<strong>U$S 3.126.000<\/strong>\u00a0al Estado Nacional.<\/p>\n<p>A la actriz\/productora se la acus\u00f3 porque el contrato de adjudicaci\u00f3n a su productora, \u201ctuvo modalidad por adjudicaci\u00f3n directa\u00bb, infringiendo la modalidad de contrataci\u00f3n. <img loading=\"lazy\" decoding=\"async\" class=\"alignnone wp-image-10678 size-full\" src=\"https:\/\/cafeprensa.com.ar\/wp-content\/uploads\/2025\/08\/ARCHI_400314.jpg\" alt=\"\" width=\"630\" height=\"405\" srcset=\"https:\/\/cafeprensa.com.ar\/wp-content\/uploads\/2025\/08\/ARCHI_400314.jpg 630w, https:\/\/cafeprensa.com.ar\/wp-content\/uploads\/2025\/08\/ARCHI_400314-300x193.jpg 300w\" sizes=\"auto, (max-width: 630px) 100vw, 630px\" \/><\/p>\n<p>Tambi\u00e9n surge del informe de auditoria de la\u00a0<strong>Sindicatura General de la Naci\u00f3n<\/strong>\u00a0(SGN), que se incluyeron cl\u00e1usulas<strong>\u00a0\u201carbitrarias y leoninas\u201d<\/strong>, por la exclusividad de 60 meses para la comercializaci\u00f3n internacional de la telenovela, con una pr\u00f3rroga por otros 60 meses m\u00e1s, que se financi\u00f3 con fondos p\u00fablicos. La comercializaci\u00f3n internacional de la novela se reserv\u00f3 para su propia productora. La Fiscal\u00eda solicit\u00f3 anular esa contrataci\u00f3n, al estar\u00a0<strong>\u201cinvolucrado el inter\u00e9s publico\u201d<\/strong>, sostuvo la acusaci\u00f3n que se ley\u00f3, al inicio del juicio oral y p\u00fablico.<\/p>\n<p>Fabiana Le\u00f3n pidi\u00f3\u00a0<strong>cuatro a\u00f1os y medio de prisi\u00f3n,\u00a0<\/strong>para el ex-ministro de Planificaci\u00f3n Federal kirchnerista,<strong>\u00a0Julio De Vido,\u00a0<\/strong>adem\u00e1s de la inhabilitaci\u00f3n perpetua para ejercer cargos p\u00fablicos, por considerar que el\u00a0ex-funcionario, fue<strong>\u00a0autor de la defraudaci\u00f3n<\/strong>; y otros cuatro a\u00f1os para el ex-rector de la\u00a0<strong>UNSAM<\/strong>,\u00a0<strong>Carlos Ruta<\/strong>, como \u201cpart\u00edcipe necesario\u201d.<\/p>\n<div class=\"wp-block-image\">\n<figure class=\"aligncenter size-full\"><a href=\"https:\/\/elfederalnoticias.com.ar\/wp-content\/uploads\/2025\/08\/image-164.png\"><img loading=\"lazy\" decoding=\"async\" class=\"wp-image-78079\" src=\"https:\/\/elfederalnoticias.com.ar\/wp-content\/uploads\/2025\/08\/image-164.png\" sizes=\"auto, (max-width: 630px) 100vw, 630px\" srcset=\"https:\/\/elfederalnoticias.com.ar\/wp-content\/uploads\/2025\/08\/image-164.png 630w, https:\/\/elfederalnoticias.com.ar\/wp-content\/uploads\/2025\/08\/image-164-300x193.png 300w, https:\/\/elfederalnoticias.com.ar\/wp-content\/uploads\/2025\/08\/image-164-150x96.png 150w, https:\/\/elfederalnoticias.com.ar\/wp-content\/uploads\/2025\/08\/image-164-450x289.png 450w\" alt=\"\" width=\"630\" height=\"405\" \/><\/a><figcaption class=\"wp-element-caption\">El kirchnerista De Vido, nuevamente en el \u00abbanquillo de los acusados\u00bb.<\/figcaption><\/figure>\n<\/div>\n<p class=\"has-large-font-size\"><strong>El origen de la causa<\/strong><\/p>\n<p>La causa tuvo inicio a mediados de\u00a0<strong>2018<\/strong>, cuando el juez\u00a0<strong>Sebasti\u00e1n Ramos\u00a0<\/strong>proces\u00f3 a De Vido como<strong>\u00a0\u201cautor\u201d del delito de defraudaci\u00f3n<\/strong>; mientras que\u00a0Andrea del Boca fue procesada como \u201cpart\u00edcipe necesaria\u201d, al igual que el entonces rector de la UNSAM. En aquel momento, a la actriz se le trab\u00f3 un embargo por\u00a0<strong>$50 millones<\/strong>. Le inhibieron los bienes hasta cubrir la suma embargada. En\u00a0<strong>abril\u00a0<\/strong>de<strong>\u00a02019\u00a0<\/strong>elev\u00f3 la causa a juicio oral y p\u00fablico.<\/p>\n<p><strong>\u201cLa maniobra en cuesti\u00f3n se encontraba planificada y direccionada desde su inicio hacia la contrataci\u00f3n de la productora de Andrea del Boca\u201d<\/strong>, dijo Ramos en aquel entonces. Y agreg\u00f3: \u201c<strong>Eso respondi\u00f3 a una voluntad predominantemente pol\u00edtica y adoptada con anterioridad a que se formalizara el tr\u00e1mite de los expedientes\u201d<\/strong>.<\/p>\n<\/div>\n<\/div>\n<\/article>\n<\/div>\n","protected":false},"excerpt":{"rendered":"<p>Para el ex-ministro kirchnerista Julio de Vido, solicitaron 4 a\u00f1os y medio de c\u00e1rcel. En la jornada de ayer, la fiscal federal Fabiana Le\u00f3n, solicit\u00f3 una\u00a0condena de\u00a0tres a\u00f1os y seis meses de prisi\u00f3n.\u00a0para la actriz y productora\u00a0Andrea del Boca, acusada de\u00a0defraudaci\u00f3n al\u00a0Estado\u00a0en relaci\u00f3n con la telenovela\u00a0\u00abMam\u00e1 Coraz\u00f3n\u00bb,\u00a0financiada con fondos p\u00fablicos, (pero que nunca emitida) en &hellip;<\/p>\n","protected":false},"author":2,"featured_media":10677,"comment_status":"open","ping_status":"open","sticky":false,"template":"","format":"standard","meta":{"footnotes":""},"categories":[47,33],"tags":[2392,1542],"class_list":["post-10675","post","type-post","status-publish","format-standard","has-post-thumbnail","hentry","category-justicia","category-nacionales","tag-andrea-del-boca","tag-andrea-del-boca-y-julio-de-vido"],"_links":{"self":[{"href":"https:\/\/cafeprensa.com.ar\/index.php\/wp-json\/wp\/v2\/posts\/10675","targetHints":{"allow":["GET"]}}],"collection":[{"href":"https:\/\/cafeprensa.com.ar\/index.php\/wp-json\/wp\/v2\/posts"}],"about":[{"href":"https:\/\/cafeprensa.com.ar\/index.php\/wp-json\/wp\/v2\/types\/post"}],"author":[{"embeddable":true,"href":"https:\/\/cafeprensa.com.ar\/index.php\/wp-json\/wp\/v2\/users\/2"}],"replies":[{"embeddable":true,"href":"https:\/\/cafeprensa.com.ar\/index.php\/wp-json\/wp\/v2\/comments?post=10675"}],"version-history":[{"count":3,"href":"https:\/\/cafeprensa.com.ar\/index.php\/wp-json\/wp\/v2\/posts\/10675\/revisions"}],"predecessor-version":[{"id":10684,"href":"https:\/\/cafeprensa.com.ar\/index.php\/wp-json\/wp\/v2\/posts\/10675\/revisions\/10684"}],"wp:featuredmedia":[{"embeddable":true,"href":"https:\/\/cafeprensa.com.ar\/index.php\/wp-json\/wp\/v2\/media\/10677"}],"wp:attachment":[{"href":"https:\/\/cafeprensa.com.ar\/index.php\/wp-json\/wp\/v2\/media?parent=10675"}],"wp:term":[{"taxonomy":"category","embeddable":true,"href":"https:\/\/cafeprensa.com.ar\/index.php\/wp-json\/wp\/v2\/categories?post=10675"},{"taxonomy":"post_tag","embeddable":true,"href":"https:\/\/cafeprensa.com.ar\/index.php\/wp-json\/wp\/v2\/tags?post=10675"}],"curies":[{"name":"wp","href":"https:\/\/api.w.org\/{rel}","templated":true}]}}