{"id":10685,"date":"2025-08-22T14:46:41","date_gmt":"2025-08-22T12:46:41","guid":{"rendered":"https:\/\/cafeprensa.com.ar\/?p=10685"},"modified":"2025-08-22T14:46:41","modified_gmt":"2025-08-22T12:46:41","slug":"evo-morales-paso-de-ser-el-hombre-mas-poderoso-de-bolivia-a-estar-profugo-en-el-monte","status":"publish","type":"post","link":"https:\/\/cafeprensa.com.ar\/index.php\/2025\/08\/22\/evo-morales-paso-de-ser-el-hombre-mas-poderoso-de-bolivia-a-estar-profugo-en-el-monte\/","title":{"rendered":"Evo Morales pas\u00f3 de ser el hombre m\u00e1s poderoso de Bolivia a estar pr\u00f3fugo en el monte"},"content":{"rendered":"<div class=\"pull-left col-md-6 fotos-containers\">\n<div class=\"container-fluid noPadding galeria_fotos_nota\">\n<div class=\"\"><b style=\"font-family: arial;\">Hace apenas seis a\u00f1os caminaba por los salones del Palacio de Gobierno de La Paz, siempre custodiado por la elegante escolta presidencial, conocida como los \u201cColorados\u201d, que visten chaqueta y kepi rojo, adornado con un delicado plum\u00f3n con los colores de la bandera de Bolivia.<\/b><\/div>\n<\/div>\n<\/div>\n<p><span style=\"font-family: arial;\"><b>Hoy, para llegar al expresidente Evo Morales (2006-2019) en este pueblo de Lauca \u00d1 (\u201cLugar de pescados\u201d, en idioma yurakar\u00e9), en el monte del Tr\u00f3pico de Cochabamba, hay que atravesar al menos dos retenes de control formado por campesinos y campesinas, que usan sombrero de paja, revisan a cada persona y veh\u00edculo que se acerca a lo que ellos llaman \u201cEstado Mayor del Pueblo\u201d, y tienen como \u201carmas\u201d unos palos largos de madera que ostentan habitualmente en sus marchas.<\/b><br \/>\n\u201c\u00bfQui\u00e9nes vienen a bordo?\u201c, interrog\u00f3 una campesina del ret\u00e9n al chofer de la camioneta de partidarios de Evo que traslad\u00f3 y otros reporteros los dos kil\u00f3metros que separan Lauca \u00d1 de Shinahota -otra peque\u00f1a ciudad cercana-.<strong> \u201cPeriodistas internacionales\u201d<\/strong>, respondi\u00f3 el chofer, a lo que la campesina dio el visto bueno para el ingreso a la zona bajo su control.<br \/>\n<strong>Ya en el sal\u00f3n donde se realiz\u00f3 la entrevista, el expresidente Evo Morales explic\u00f3 al diario La Naci\u00f3n que el establecimiento de esos retenes no fue una decisi\u00f3n suya sino una medida de seguridad de los dirigentes de las Seis Federaciones del Tr\u00f3pico de Cochabamba, que representa a los productores agrarios y cocaleros de la regi\u00f3n.<\/strong><br \/>\n\u201cLo decidieron ellos despu\u00e9s del intento de asesinato contra mi persona ocurrido muy cerca de aqu\u00ed el 27 de octubre del a\u00f1o pasado, justo un d\u00eda despu\u00e9s de mi cumplea\u00f1os 65?, coment\u00f3. <strong>\u201cMe dispararon por lo menos tres balazos a la camioneta, pum, pum, pum\u201d,<\/strong> agreg\u00f3.<br \/>\nConvertida en su fortaleza con sus propias<strong> \u201cfuerzas de seguridad\u201d,<\/strong> que no controla el Estado, Morales est\u00e1 refugiado en esta localidad de Lauca \u00d1, de donde \u00fanicamente sale para alg\u00fan acto pol\u00edtico en las cercan\u00edas, o para votar el pasado domingo, mientras se encuentra en calidad de pr\u00f3fugo de la Justicia.<br \/>\nEn diciembre del a\u00f1o pasado, la fiscal departamental de Tarija dict\u00f3 una orden de arresto por \u201ctrata de personas agravado\u201d contra el exmandatario por un caso ocurrido en 2015 cuando estaba en el gobierno, con una menor con quien presuntamente tuvo una hija.<br \/>\nMorales fue imputado junto con los padres de la presunta v\u00edctima, Idelsa Pozo Saavedra y Emeterio Vargas Mamani.<br \/>\nSeg\u00fan la fiscal, los padres de la menor ten\u00edan \u201cel \u00fanico prop\u00f3sito de escalar pol\u00edticamente y obtener beneficios&#8230; a cambio de entregar a su hija menor de edad\u201d.<br \/>\n<b><u>El refugio de Evo Morales<\/u><\/b><br \/>\nHasta ahora el gobierno del presidente Luis Arce se abstuvo de ir a detenerlo para evitar un choque con los seguidores. Y la cuesti\u00f3n del eventual arresto de Morales es uno de los conflictos que heredar\u00e1 el pr\u00f3ximo gobierno.<br \/>\nEn la entrevista con el diario La Naci\u00f3n, el expresidente no esquiv\u00f3 el caso y explic\u00f3 por qu\u00e9 no se entrega a la <strong>Justicia.<\/strong><br \/>\n<strong>Pero se mostr\u00f3 mucho m\u00e1s interesado en hablar de cuestiones pol\u00edticas y celebrar como un \u201c\u00e9xito del pueblo\u201d el 19,2 % de respaldo que tuvo este domingo su consigna de anular el voto, una iniciativa que, seg\u00fan el conteo r\u00e1pido, se ubica como la tercera m\u00e1s popular, detr\u00e1s del amplio respaldo que obtuvo el candidato Dem\u00f3crata Cristiano, Rodrigo Paz Pereira, que alcanz\u00f3 el 32,14 %, y el expresidente y candidato de Alianza Libre, Jorge \u201cTuto\u201d Quiroga, con el 26,81% . Los dos ir\u00e1n a un balotaje el 19 de octubre.<\/strong><br \/>\nComo el voto nulo no es tenido en cuenta a la hora de los c\u00f3mputos, el porcentaje que obtuvieron todos los candidatos es en realidad bastante menor. Pero 1.246.836 de personas anularon su voto, como pidi\u00f3 Morales, lo que lo ubica algunos miles de votos por debajo del respaldo que recibi\u00f3 Quiroga, 1.356.370.<br \/>\nDe todas maneras, durante toda la entrevista, Morales sostuvo que finalmente el voto nulo quedar\u00e1 en \u201cel segundo lugar\u201d.<br \/>\n<\/span><\/p>\n<div><span style=\"font-family: arial;\">El apoyo a su iniciativa de anular el voto fue la segunda gran sorpresa de esta elecci\u00f3n, junto al inesperado triunfo del \u201ctapado\u201d Paz Pereira, al que ninguna encuesta dio como ganador.<\/span><span style=\"font-family: arial;\">Envalentonado por este apoyo, Morales advirti\u00f3: <strong>\u201cSi el pr\u00f3ximo gobierno se atreve a tocar los cambios sociales que hicimos durante mi gobierno con el MAS, vamos a organizar la resistencia civil\u201d.<\/strong><br \/>\n<strong>Esa misma ambici\u00f3n de perpetuarse como figura central de la pol\u00edtica boliviana fue la que determin\u00f3 su auge y ca\u00edda en estos veinte a\u00f1os. En 2006 se convirti\u00f3 en el primer presidente ind\u00edgena, con el 54% de los votos. Revalid\u00f3 ese mandato con el 64% de apoyo en 2009 -el mismo a\u00f1o en que reform\u00f3 la Constituci\u00f3n para crear un Estado Plurinacional-, y nuevamente obtuvo el 61% en 2014.<\/strong><br \/>\nCuando su figura comenz\u00f3 a decaer con las primeras se\u00f1ales de la crisis econ\u00f3mica, y aunque en 2016 un refer\u00e9ndum rechaz\u00f3 su posibilidad de la reelecci\u00f3n, volvi\u00f3 a buscar ser candidato en 2019, en unos comicios que terminaron siendo anulados por las denuncias de fraude. <strong>Y la crisis pol\u00edtica determin\u00f3 su salida y exilio.<\/strong><br \/>\n<\/span><\/div>\n<div><strong><span style=\"font-family: arial;\">Ahora que su antiguo partido, el MAS, qued\u00f3 fragmentado en varias agrupaciones de \u201ctraidores\u201d -seg\u00fan Morales- que obtuvieron un respaldo m\u00ednimo este domingo, el 19% de apoyo a la consigna de voto nulo vuelve a dar esperanzas a su hist\u00f3rica ambici\u00f3n de poder.<\/span><\/strong><\/div>\n<p><span style=\"font-family: arial;\"><b><u>Llegar a Lauca \u00d1<\/u><\/b><br \/>\nLlegar hasta Lauca \u00d1 no es tarea f\u00e1cil. Desde Cochabamba -la cuarta ciudad m\u00e1s poblada del pa\u00eds, con 900.000 habitantes- son casi cuatro horas de un camino de monta\u00f1a en muy mal estado, con sectores donde la ruta se ha desmoronado hacia el vac\u00edo.<br \/>\nLuego de cruzar esa fr\u00eda Cordillera del Tunari, con alturas que superan los 5000 metros, donde las nubes quedan por debajo de la carretera, en la \u00faltima hora de viaje se llega a la calurosa zona del Tr\u00f3pico, un lugar mas plano y selv\u00e1tico, con peque\u00f1os pueblos esparcidos a lo largo de la ruta 4.<br \/>\nEl camino oficial de las trafic que hacen ese recorrido desde Cochabamba concluye en la peque\u00f1a localidad de Shinahota, de 29.000 habitantes. Los lugare\u00f1os recorren los dos kil\u00f3metros que la separan de Lauca \u00d1 en \u201cmototaxi\u201d, unas extra\u00f1as motos que tienen una sombrilla que protege del calor la zona al conductor, y que se extiende en un volado pl\u00e1stico hacia atr\u00e1s para dar sombra tambi\u00e9n a los pasajeros.<br \/>\nPero esta vez, para la entrevista, la guardia oficial que custodia a Evo prefiri\u00f3 fijar un punto de encuentro con la prensa en Shinahota, y hacer luego el traslado en camioneta a Lauca \u00d1 para agilizar as\u00ed el paso a trav\u00e9s los retenes.<br \/>\nYa dentro del predio custodiado por los campesinos, LA NACION fue recibida por Ramiro Garc\u00eda, director de la Radio Kawsachun Coca (en quechua \u201cQue viva la coca\u201d). La emisora fue creada en 2006, el mismo d\u00eda que Morales cumpli\u00f3 47 a\u00f1os, y es la radio oficial del evismo, con un amplio alcance por FM en toda la regi\u00f3n y por streaming en La Paz.<br \/>\n<\/span><\/p>\n<div><span style=\"font-family: arial;\">Garc\u00eda explic\u00f3 que la mayor\u00eda de los campesinos del lugar pertenecen a la comunidad yuki y yurakar\u00e9, y su actividad principal es el comercio y el cultivo de coca, banana y pi\u00f1a. De hecho, a dos cuadras del lugar se pod\u00eda ver un \u201csecadero de coca\u201d, un gran terreno en el que sobre un pl\u00e1stico azul hab\u00eda esparcidas hojas de coca sec\u00e1ndose al sol durante varios d\u00edas. El organismo de la ONU contra el narcotr\u00e1fico sostiene que la mayor parte de la coca de la regi\u00f3n del Chapare \u201cno pasa por el mercado legal\u201d, destinado a la fabricaci\u00f3n de t\u00e9 de coca, medicinas y coca para masticar (acullicu). Aunque esa informaci\u00f3n es desmentida por los campesinos de la regi\u00f3n.<\/span><u><b><\/b><\/u><\/div>\n<p><span style=\"font-family: arial;\"><u><b>Despacho \u201cpresidencial\u201d<\/b><\/u><br \/>\nLa asistente de Morales hace aguardar unos minutos al diario La Naci\u00f3n en el despacho \u201cdel presidente\u201d -como lo llaman sus seguidores-. Es un sal\u00f3n con un elegante escritorio de madera sobre el que se apilan recortes y fotocopias de informaci\u00f3n que Morales mostrar\u00e1 durante la entrevista. Detr\u00e1s del escritorio est\u00e1 la bandera de Bolivia y tambi\u00e9n la colorida wiphala, de los pueblos originarios.<br \/>\nJusto frente a ese escritorio hay una gran fotograf\u00eda del exmandatario con los atributos presidenciales.<br \/>\nMorales aparece r\u00e1pidamente por una puerta del costado, vestido con una chomba a rayas y se muestra muy relajado durante toda la conversaci\u00f3n. \u201cEn octubre cumplo 66 a\u00f1os pero sigo teniendo el pelo negro. No tengo canas porque me las quitan\u201d, explic\u00f3, distendido, haciendo un gesto como de depilaci\u00f3n.<br \/>\n<b>-\u00bfPor qu\u00e9 cree que tuvo tanto apoyo su consigna de anular el voto? Hist\u00f3ricamente el voto nulo siempre rond\u00f3 el 3 % y ahora lleg\u00f3 al 19 %<\/b><br \/>\n-Esta fue una elecci\u00f3n sin el pueblo, una democracia sin la Bolivia profunda, sin el elemento ind\u00edgena, sin el movimiento pol\u00edtico m\u00e1s grande de la historia de Bolivia. Aqu\u00ed le muestro una foto de la marcha del 16 de mayo de este a\u00f1o para inscribir mi candidatura presidencial, la \u00faltima marcha de nuestro movimiento pol\u00edtico. Seg\u00fan la herramienta MapChecking, ese d\u00eda hubo 3,6 millones de asistentes [los medios bolivianos cifraron la cantidad de asistentes en \u201cunos miles de personas\u201d]. Entonces, si miramos que el padr\u00f3n tiene siete millones de votantes, podemos entender que muchos de esos 3,6 millones anularon su voto, otros votaron en blanco y tambi\u00e9n algunos fueron para la f\u00f3rmula Rodrigo Paz-Edman Lara.<br \/>\n<b>-\u00bfA qu\u00e9 atribuye el amplio respaldo que obtuvo Rodrigo Paz?<\/b><br \/>\n-La gente dijo \u201cNo\u201d a la traici\u00f3n y a la corrupci\u00f3n, a la derecha vieja y a la nueva nueva derecha. Pero yo creo que gan\u00f3 por Lara [un expolic\u00eda que fue dado de baja de la fuerza en agosto del a\u00f1o pasado luego de denunciar hechos de corrupci\u00f3n]. Paz, perd\u00f3n que le diga, pero lleva encima muchos actos de corrupci\u00f3n en Tarija. \u00bfNo le llama la atenci\u00f3n que en ese lugar donde fue alcalde, Paz qued\u00f3 en tercer lugar detr\u00e1s de Samuel Doria Medina y Quiroga? Entonces, los que lo conocen, lo conocen muy bien. Por eso creo que la clave de la victoria es la presencia de Lara. Esa f\u00f3rmula nos quit\u00f3 a nosotros un m\u00ednimo del 10% a la consigna de anular el voto.<br \/>\n<b>-\u00bfY c\u00f3mo ve ahora el futuro del MAS, que fue hist\u00f3ricamente su partido y esta vez represent\u00f3 al oficialismo de Luis Arce, a trav\u00e9s del exministro de Gobierno, Eduardo del Castillo?<\/b><br \/>\n-La sigla del MAS est\u00e1 muerta. Ahora lo que viene es el frente de movimiento pol\u00edtico \u201cEvo Pueblo\u201d. Por ahora solo sacamos el 20 %. Si Evo hubiera sido candidato [habla de s\u00ed mismo en tercera persona], estoy seguro de que gan\u00e1bamos por el 60%. Porque la gente recuerda muy bien que en mis 14 a\u00f1os de gobierno hab\u00eda movimiento econ\u00f3mico, no faltaba combustible, sobraban d\u00f3lares, el precio de la comida no sub\u00eda, y hab\u00eda cr\u00e9dito con cero por ciento de inter\u00e9s para los peque\u00f1os productores.<br \/>\n<b>-El pr\u00f3ximo gobierno va a heredar una profunda crisis econ\u00f3mica, \u00bfqu\u00e9 cree que puede pasar con la conflictividad social?<\/b><br \/>\n-Si no tocan los grandes avances sociales que hubo durante mi gobierno, y los bonos de ayuda, creo que van a poder superar bien la crisis. Pero si se atreven a tocar esos cambios sociales vamos a organizar la resistencia civil.<br \/>\n<b>-Y en cuanto a su causa judicial \u00bfQu\u00e9 har\u00e1 si el pr\u00f3ximo gobierno ordena finalmente su detenci\u00f3n?<\/b><br \/>\n-No lo s\u00e9. Pero no me voy a escapar a Cuba, como andan diciendo por ah\u00ed. Adem\u00e1s esto es una clara persecuci\u00f3n pol\u00edtica. Esa chica, la supuesta denunciante que ahora tiene m\u00e1s de 20 a\u00f1os, no ha presentado ning\u00fan cargo. Es m\u00e1s, ella hizo una declaraci\u00f3n ante el tribunal en la que dice que no fue v\u00edctima ni de trata ni de estupro. Entonces, si no hay v\u00edctima, no hay delito.<b><br \/>\n-Seguramente sus antiguos aliados, Lula da Silva en Brasil y Cristina Kirchner en la Argentina, tambi\u00e9n consideraron que su procesamiento era injusto, pero se entregaron a la Justicia y terminaron presos. \u00bfPor qu\u00e9 usted no se entrega como ellos?<\/b><br \/>\n-Porque yo no tengo garant\u00edas para mi seguridad f\u00edsica. Recuerde, por ejemplo, el atentado que hubo contra mi vida de octubre pasado. Adem\u00e1s, en Tarija, adonde supuestamente me ten\u00eda que entregar, hab\u00eda 600 oficiales armados esper\u00e1ndome. \u00bfLe parece que tengo garantizada mi seguridad en ese contexto?<br \/>\n<b>-Yendo a la situaci\u00f3n pol\u00edtica de la regi\u00f3n de Am\u00e9rica Latina \u00bfc\u00f3mo ve el avance de la derecha y lo que fue a comienzos de siglo el \u201csocialismo del siglo XXI\u201d?<\/b><br \/>\n-Aquello fue un gran momento, con Ch\u00e1vez en Venezuela, Lula en Brasil, los Kirchner en la Argentina. A mi no me preocupa tanto la situaci\u00f3n actual. <\/span><\/p>\n<p><span style=\"font-family: arial;\">Lo veo como un movimiento de oscilaci\u00f3n, cuando la gente se d\u00e9 cuenta de que la derecha no soluciona sus problemas, va a volver a dar su apoyo a la izquierda. Mire lo que pasa en la Argentina con Javier Milei. Hace poco recib\u00ed la visita de unos parlamentarios de la Unasur y me hablaron de la grave situaci\u00f3n econ\u00f3mica de los m\u00e1s necesitados en la Argentina. No quiero hablar de lo que pasa en otro pa\u00eds. Pero esa es la realidad.<br \/>\n<b>-La \u00faltima pregunta \u00bfsigue con la aspiraci\u00f3n de regresar a la presidencia? Pareciera que en Bolivia ya se le agotaron todas las v\u00edas legales para lograrlo luego que el Tribunal Constitucional ratific\u00f3 a fines del a\u00f1o pasado que un funcionario no puede buscar una segunda reelecci\u00f3n.<\/b><br \/>\n-Yo sigo sosteniendo que la clave es la palabra \u201cdiscontinuidad\u201d. En ning\u00fan lugar de la Constituci\u00f3n se proh\u00edbe una nueva postulaci\u00f3n en forma discontinua. Entonces, con el apoyo de la gente, yo voy a seguir luchando bajo la consigna \u201cEvo Pueblo\u201d.\u00a0\u00a0<a href=\"https:\/\/www.lanacion.com.ar\/el-mundo\/de-ser-el-hombre-mas-poderoso-de-bolivia-a-estar-profugo-en-el-monte-evo-morales-prepara-su-nid20082025\/\">\/La Naci\u00f3n<br \/>\n<\/a><\/span><\/p>\n","protected":false},"excerpt":{"rendered":"<p>Hace apenas seis a\u00f1os caminaba por los salones del Palacio de Gobierno de La Paz, siempre custodiado por la elegante escolta presidencial, conocida como los \u201cColorados\u201d, que visten chaqueta y kepi rojo, adornado con un delicado plum\u00f3n con los colores de la bandera de Bolivia. Hoy, para llegar al expresidente Evo Morales (2006-2019) en este &hellip;<\/p>\n","protected":false},"author":2,"featured_media":10686,"comment_status":"open","ping_status":"open","sticky":false,"template":"","format":"standard","meta":{"footnotes":""},"categories":[35,25],"tags":[1466],"class_list":["post-10685","post","type-post","status-publish","format-standard","has-post-thumbnail","hentry","category-internacionales","category-politica","tag-evo-morales"],"_links":{"self":[{"href":"https:\/\/cafeprensa.com.ar\/index.php\/wp-json\/wp\/v2\/posts\/10685","targetHints":{"allow":["GET"]}}],"collection":[{"href":"https:\/\/cafeprensa.com.ar\/index.php\/wp-json\/wp\/v2\/posts"}],"about":[{"href":"https:\/\/cafeprensa.com.ar\/index.php\/wp-json\/wp\/v2\/types\/post"}],"author":[{"embeddable":true,"href":"https:\/\/cafeprensa.com.ar\/index.php\/wp-json\/wp\/v2\/users\/2"}],"replies":[{"embeddable":true,"href":"https:\/\/cafeprensa.com.ar\/index.php\/wp-json\/wp\/v2\/comments?post=10685"}],"version-history":[{"count":1,"href":"https:\/\/cafeprensa.com.ar\/index.php\/wp-json\/wp\/v2\/posts\/10685\/revisions"}],"predecessor-version":[{"id":10687,"href":"https:\/\/cafeprensa.com.ar\/index.php\/wp-json\/wp\/v2\/posts\/10685\/revisions\/10687"}],"wp:featuredmedia":[{"embeddable":true,"href":"https:\/\/cafeprensa.com.ar\/index.php\/wp-json\/wp\/v2\/media\/10686"}],"wp:attachment":[{"href":"https:\/\/cafeprensa.com.ar\/index.php\/wp-json\/wp\/v2\/media?parent=10685"}],"wp:term":[{"taxonomy":"category","embeddable":true,"href":"https:\/\/cafeprensa.com.ar\/index.php\/wp-json\/wp\/v2\/categories?post=10685"},{"taxonomy":"post_tag","embeddable":true,"href":"https:\/\/cafeprensa.com.ar\/index.php\/wp-json\/wp\/v2\/tags?post=10685"}],"curies":[{"name":"wp","href":"https:\/\/api.w.org\/{rel}","templated":true}]}}