{"id":10714,"date":"2025-08-25T02:45:08","date_gmt":"2025-08-25T00:45:08","guid":{"rendered":"https:\/\/cafeprensa.com.ar\/?p=10714"},"modified":"2025-08-25T02:46:02","modified_gmt":"2025-08-25T00:46:02","slug":"mas-de-500-competidores-se-dieron-cita-en-el-palacio-de-los-deportes-para-clasificar-al-mundial-de-taekwon-do","status":"publish","type":"post","link":"https:\/\/cafeprensa.com.ar\/index.php\/2025\/08\/25\/mas-de-500-competidores-se-dieron-cita-en-el-palacio-de-los-deportes-para-clasificar-al-mundial-de-taekwon-do\/","title":{"rendered":"M\u00e1s de 500 competidores se dieron cita en el Palacio de los Deportes para clasificar al Mundial de Taekwon-do"},"content":{"rendered":"<section class=\"principal\">\n<div class=\"fullpost__encabezado \">\n<p class=\"fullpost__copete\">El espacio multidisciplinario del Parque 9 de Julio volvi\u00f3 a ser sede de grandes eventos deportivos. La intendenta Rossana Chahla asisti\u00f3 a la jornada inaugural del Torneo Interprovincial que, este 23 y 24 de agosto, reuni\u00f3 a artistas marciales de seis provincias.<\/p>\n<p class=\"fullpost__copete\"><strong>Este fin de semana, el Palacio de los Deportes se convirti\u00f3 en sede oficial del Torneo Interprovincial de Taekwon-do \u201cCiudad San Miguel de Tucum\u00e1n\u201d, que reuni\u00f3 a m\u00e1s de 500 competidores de diferentes cinturones y edades de Tucum\u00e1n, La Rioja, Jujuy, Santiago del Estero, Mendoza y Santa Fe.<\/strong><\/p>\n<\/div>\n<\/section>\n<section class=\"extra1\">\n<div class=\"fullpost__main \">\n<div class=\"fullpost__cuerpo\">\n<p>La intendenta\u00a0<strong>Rossana Chahla<\/strong>\u00a0acompa\u00f1\u00f3 este s\u00e1bado la jornada inaugural del evento, que es considerado la antesala del Campeonato Mundial de Taekwondo ITF 2025 en Italia, ya que en esta instancia clasificar\u00e1n representantes argentinos para la cita internacional. <img loading=\"lazy\" decoding=\"async\" class=\"alignnone wp-image-10717 size-large\" src=\"https:\/\/cafeprensa.com.ar\/wp-content\/uploads\/2025\/08\/multimedia.grande.965801a2ffc1e817.Z3JhbmRlLndlYnA-1024x683.webp\" alt=\"\" width=\"1024\" height=\"683\" srcset=\"https:\/\/cafeprensa.com.ar\/wp-content\/uploads\/2025\/08\/multimedia.grande.965801a2ffc1e817.Z3JhbmRlLndlYnA-1024x683.webp 1024w, https:\/\/cafeprensa.com.ar\/wp-content\/uploads\/2025\/08\/multimedia.grande.965801a2ffc1e817.Z3JhbmRlLndlYnA-300x200.webp 300w, https:\/\/cafeprensa.com.ar\/wp-content\/uploads\/2025\/08\/multimedia.grande.965801a2ffc1e817.Z3JhbmRlLndlYnA-768x512.webp 768w, https:\/\/cafeprensa.com.ar\/wp-content\/uploads\/2025\/08\/multimedia.grande.965801a2ffc1e817.Z3JhbmRlLndlYnA-1536x1024.webp 1536w, https:\/\/cafeprensa.com.ar\/wp-content\/uploads\/2025\/08\/multimedia.grande.965801a2ffc1e817.Z3JhbmRlLndlYnA-2048x1366.webp 2048w\" sizes=\"auto, (max-width: 1024px) 100vw, 1024px\" \/><\/p>\n<p>La ceremonia de inauguraci\u00f3n cont\u00f3 con la presencia del presidente de la Federaci\u00f3n Argentina de Asociaciones de Taekwon-do (FAAT) y vicepresidente por Am\u00e9rica de la International Taekwon-do Federation (ITF),\u00a0<strong>Adolfo Jes\u00fas Villanueva<\/strong>, entre otras autoridades.<\/p>\n<p><strong>\u201cEstoy encantada de abrir las puertas de San Miguel de Tucum\u00e1n para 500 competidores de una disciplina que habla del autocontrol, una disciplina que tiene que ver con el cuidado de la salud, del cuerpo y de la mente\u201d,<\/strong> expres\u00f3 la intendenta Chahla.<img loading=\"lazy\" decoding=\"async\" class=\"alignnone wp-image-10718 size-large\" src=\"https:\/\/cafeprensa.com.ar\/wp-content\/uploads\/2025\/08\/multimedia.grande.af1c714f79e54c8e.Z3JhbmRlLndlYnA-1024x683.webp\" alt=\"\" width=\"1024\" height=\"683\" srcset=\"https:\/\/cafeprensa.com.ar\/wp-content\/uploads\/2025\/08\/multimedia.grande.af1c714f79e54c8e.Z3JhbmRlLndlYnA-1024x683.webp 1024w, https:\/\/cafeprensa.com.ar\/wp-content\/uploads\/2025\/08\/multimedia.grande.af1c714f79e54c8e.Z3JhbmRlLndlYnA-300x200.webp 300w, https:\/\/cafeprensa.com.ar\/wp-content\/uploads\/2025\/08\/multimedia.grande.af1c714f79e54c8e.Z3JhbmRlLndlYnA-768x512.webp 768w, https:\/\/cafeprensa.com.ar\/wp-content\/uploads\/2025\/08\/multimedia.grande.af1c714f79e54c8e.Z3JhbmRlLndlYnA-1536x1024.webp 1536w, https:\/\/cafeprensa.com.ar\/wp-content\/uploads\/2025\/08\/multimedia.grande.af1c714f79e54c8e.Z3JhbmRlLndlYnA-2048x1366.webp 2048w\" sizes=\"auto, (max-width: 1024px) 100vw, 1024px\" \/><\/p>\n<p>\u201cTraer este tipo de competencias a San Miguel de Tucum\u00e1n nos abre la puerta al mundo porque estamos seleccionando talentos, chicos y j\u00f3venes que van a ir a Italia a representar a nuestra Argentina\u201d, se\u00f1al\u00f3 la jefa municipal, a la vez que enfatiz\u00f3 la importancia de \u201ctrabajar mucho para generar y apoyar estos espacios\u201d para los j\u00f3venes y sus familias. <img loading=\"lazy\" decoding=\"async\" class=\"alignnone wp-image-10715 size-large\" src=\"https:\/\/cafeprensa.com.ar\/wp-content\/uploads\/2025\/08\/multimedia.grande.9e8d930ca383e939.Z3JhbmRlLndlYnA-1024x683.webp\" alt=\"\" width=\"1024\" height=\"683\" srcset=\"https:\/\/cafeprensa.com.ar\/wp-content\/uploads\/2025\/08\/multimedia.grande.9e8d930ca383e939.Z3JhbmRlLndlYnA-1024x683.webp 1024w, https:\/\/cafeprensa.com.ar\/wp-content\/uploads\/2025\/08\/multimedia.grande.9e8d930ca383e939.Z3JhbmRlLndlYnA-300x200.webp 300w, https:\/\/cafeprensa.com.ar\/wp-content\/uploads\/2025\/08\/multimedia.grande.9e8d930ca383e939.Z3JhbmRlLndlYnA-768x512.webp 768w, https:\/\/cafeprensa.com.ar\/wp-content\/uploads\/2025\/08\/multimedia.grande.9e8d930ca383e939.Z3JhbmRlLndlYnA-1536x1024.webp 1536w, https:\/\/cafeprensa.com.ar\/wp-content\/uploads\/2025\/08\/multimedia.grande.9e8d930ca383e939.Z3JhbmRlLndlYnA-2048x1366.webp 2048w\" sizes=\"auto, (max-width: 1024px) 100vw, 1024px\" \/><\/p>\n<p>Por \u00faltimo, la intendenta de la Capital celebr\u00f3 el<strong> \u201cesp\u00edritu federal\u201d<\/strong> de los organizadores: <strong>\u201cLos pol\u00edticos y los funcionarios tenemos que visualizar que es muy importante hacer estos eventos en el interior de la Argentina, porque los chicos se entusiasman\u201d,<\/strong> sostuvo.<\/p>\n<p><strong>Por su parte, Adolfo Villanueva destac\u00f3 la puesta en valor del Palacio de los Deportes para la realizaci\u00f3n de este tipo de acontecimientos competitivos de alcance internacional. \u201cLa verdad que el Palacio, gracias a la doctora, ha cambiado totalmente. Con el gran trabajo que hizo ella hemos logrado poder estar ac\u00e1 en este selectivo que se va a hacer para Italia, es in\u00e9dito, un Palacio de primer nivel y un cuadril\u00e1tero espectacular para que puedan pelear\u201d, manifest\u00f3.\u00a0<\/strong><\/p>\n<p>El Torneo Interprovincial de Taekwon-do comenz\u00f3 este s\u00e1bado en el predio del Parque 9 de Julio con las competencias para cintos negros (Danes) y cintos de color (Gups), en las categor\u00edas juveniles, adultos y veteranos; mientras que el domingo 24 de agosto fue el turno de la competencia infantil para la categor\u00eda Gups, de todas las edades.<\/p>\n<p>Acompa\u00f1aron el evento los puestos de las ferias gastron\u00f3micas organizadas por el Municipio capitalino.<\/p>\n<h2>Un Palacio revalorizado para albergar grandes eventos<\/h2>\n<p>La realizaci\u00f3n de este torneo con proyecci\u00f3n internacional refleja los resultados de la estrategia llevada adelante por la gesti\u00f3n de la intendenta Rossana Chahla de posicionar al Palacio de los Deportes como escenario de grandes eventos deportivos y culturales.<\/p>\n<p><strong>Para lograr ese fin, la Municipalidad de San Miguel de Tucum\u00e1n encar\u00f3 un proceso de revalorizaci\u00f3n integral de las instalaciones y entorno del coliseo, que en los \u00faltimos meses ya permiti\u00f3 que miles de vecinos disfruten en el Palacio de los Deportes de conciertos de artistas de la talla de Andr\u00e9s Calamaro, Guasones y Turf, y de convocantes cert\u00e1menes deportivos como la marat\u00f3n SMT Corre, entre otros sucesos.<\/strong><\/p>\n<\/div>\n<\/div>\n<\/section>\n","protected":false},"excerpt":{"rendered":"<p>El espacio multidisciplinario del Parque 9 de Julio volvi\u00f3 a ser sede de grandes eventos deportivos. La intendenta Rossana Chahla asisti\u00f3 a la jornada inaugural del Torneo Interprovincial que, este 23 y 24 de agosto, reuni\u00f3 a artistas marciales de seis provincias. Este fin de semana, el Palacio de los Deportes se convirti\u00f3 en sede &hellip;<\/p>\n","protected":false},"author":2,"featured_media":10716,"comment_status":"open","ping_status":"open","sticky":false,"template":"","format":"standard","meta":{"footnotes":""},"categories":[29,34],"tags":[2400],"class_list":["post-10714","post","type-post","status-publish","format-standard","has-post-thumbnail","hentry","category-deportes","category-locales","tag-palacio-de-los-deportes-rossana-chahla-torneo-interprovincial-de-taekwon-do"],"_links":{"self":[{"href":"https:\/\/cafeprensa.com.ar\/index.php\/wp-json\/wp\/v2\/posts\/10714","targetHints":{"allow":["GET"]}}],"collection":[{"href":"https:\/\/cafeprensa.com.ar\/index.php\/wp-json\/wp\/v2\/posts"}],"about":[{"href":"https:\/\/cafeprensa.com.ar\/index.php\/wp-json\/wp\/v2\/types\/post"}],"author":[{"embeddable":true,"href":"https:\/\/cafeprensa.com.ar\/index.php\/wp-json\/wp\/v2\/users\/2"}],"replies":[{"embeddable":true,"href":"https:\/\/cafeprensa.com.ar\/index.php\/wp-json\/wp\/v2\/comments?post=10714"}],"version-history":[{"count":2,"href":"https:\/\/cafeprensa.com.ar\/index.php\/wp-json\/wp\/v2\/posts\/10714\/revisions"}],"predecessor-version":[{"id":10720,"href":"https:\/\/cafeprensa.com.ar\/index.php\/wp-json\/wp\/v2\/posts\/10714\/revisions\/10720"}],"wp:featuredmedia":[{"embeddable":true,"href":"https:\/\/cafeprensa.com.ar\/index.php\/wp-json\/wp\/v2\/media\/10716"}],"wp:attachment":[{"href":"https:\/\/cafeprensa.com.ar\/index.php\/wp-json\/wp\/v2\/media?parent=10714"}],"wp:term":[{"taxonomy":"category","embeddable":true,"href":"https:\/\/cafeprensa.com.ar\/index.php\/wp-json\/wp\/v2\/categories?post=10714"},{"taxonomy":"post_tag","embeddable":true,"href":"https:\/\/cafeprensa.com.ar\/index.php\/wp-json\/wp\/v2\/tags?post=10714"}],"curies":[{"name":"wp","href":"https:\/\/api.w.org\/{rel}","templated":true}]}}