{"id":10737,"date":"2025-08-25T15:14:46","date_gmt":"2025-08-25T13:14:46","guid":{"rendered":"https:\/\/cafeprensa.com.ar\/?p=10737"},"modified":"2025-08-25T15:14:46","modified_gmt":"2025-08-25T13:14:46","slug":"pongo-las-manos-en-el-fuego-por-lule-y-por-karina-milei","status":"publish","type":"post","link":"https:\/\/cafeprensa.com.ar\/index.php\/2025\/08\/25\/pongo-las-manos-en-el-fuego-por-lule-y-por-karina-milei\/","title":{"rendered":"\u201cPongo las manos en el fuego por Lule y por Karina Milei\u201d"},"content":{"rendered":"<header class=\"article-header-wrapper\">\n<div class=\"article-header\">\n<p class=\"article-subheadline text_align_left\">El presidente de la C\u00e1mara de Diputados y hombre clave del oficialismo, <b>Mart\u00edn Menem<\/b>, habl\u00f3 por primera vez sobre el esc\u00e1ndalo originado a partir de la difusi\u00f3n de un audio atribuido al extitular de la Agencia de Discapacidad, Diego Spagnuolo.<\/p>\n<\/div>\n<\/header>\n<article class=\"article\">\n<div class=\"body-article \">\n<p class=\"paragraph\" data-mrf-recirculation=\"Links inline\">Menem aparece mencionado como uno de los hombres del poder que participar\u00eda en un esquema de coimas relacionado a la compra de medicamentos para personas con discapacidad.<\/p>\n<p class=\"paragraph\" data-mrf-recirculation=\"Links inline\">\u201c<b>Esto es una monumental operaci\u00f3n a dos semanas de las elecciones<\/b>\u201d, asegur\u00f3 Menem en di\u00e1logo con el periodista Antonio Laje en A24.<\/p>\n<div class=\"argentina-conversa-ctn\">\n<div class=\"iframe-election\"><iframe id=\"iframe\" title=\"Elecciones Infobae\" src=\"https:\/\/app.mycountrytalks.org\/talks\/af9f572e-59d0-4d95-ae44-47cb29badd94\/join?starting_question=1365\" scrolling=\"no\" data-mce-fragment=\"1\"><\/iframe><\/div>\n<\/div>\n<p class=\"paragraph\" data-mrf-recirculation=\"Links inline\">Y agreg\u00f3: \u201c<b>Yo no puedo asegurar la autenticidad o no de los audios, s\u00ed puedo asegurar que el contenido es falso y pongo las manos en el fuego por \u201dLule\u00bb Menem y por Karina Milei<\/b>\u201c.<\/p>\n<p class=\"paragraph\" data-mrf-recirculation=\"Links inline\">\u201cLule\u201d es primo de Mart\u00edn y asesor de la secretaria general y hermana del presidente. Al igual que Mart\u00edn Menem, ambos funcionarios son mencionados en las presuntas grabaciones de Spagnuolo como part\u00edcipes de una red de recaudaci\u00f3n ilegal que exig\u00eda retornos a droguer\u00edas. La grabaci\u00f3n atribuida al exfuncionario de donde surgen las acusaciones fue difundida la semana pasada por el programa Data Clave en el canal de streaming Carnaval.<\/p>\n<p class=\"paragraph\" data-mrf-recirculation=\"Links inline\">A lo largo de la entrevista de esta ma\u00f1ana, la frase\u00a0<b>\u201cpongo las manos en el fuego\u201d<\/b>\u00a0se convirti\u00f3 en el\u00a0<b>eje de la defensa p\u00fablica de Mart\u00edn Menem<\/b>\u00a0frente al esc\u00e1ndalo de los audios atribuidos a Diego Spagnuolo. El presidente de la C\u00e1mara de Diputados utiliz\u00f3 la expresi\u00f3n textual o variantes directas en\u00a0<b>siete ocasiones<\/b>\u00a0para respaldar a Karina Milei y a Lule Menem.<\/p>\n<p class=\"paragraph\" data-mrf-recirculation=\"Links inline\">\u201cSe trata de una maniobra para ensuciar a un gobierno que est\u00e1 a dos semanas de las elecciones\u201d, insisti\u00f3 el titular de la C\u00e1mara baja, quien atribuy\u00f3 la maniobra a sectores que buscan \u201cllevarte al barro\u201d ante la imposibilidad de atacar la gesti\u00f3n de la administraci\u00f3n libertaria.<\/p>\n<p class=\"paragraph\" data-mrf-recirculation=\"Links inline\">Adem\u00e1s, Menem tambi\u00e9n destac\u00f3 el respeto del Poder Ejecutivo a la divisi\u00f3n de poderes y la r\u00e1pida reacci\u00f3n que tuvo para desplazar a Spagnuolo de su cargo: \u201c<b>Se separa a un funcionario y eventualmente tendr\u00e1 que dar las explicaciones en la justicia<\/b>; a diferencia del kirchnerismo, que es nuestro contrincante.\u00a0<b>\u00bfQu\u00e9 hubieran hecho ellos? Estar\u00edan ac\u00e1 diciendo que la justicia arma el lawfare<\/b>, que los atacan judicialmente. Nosotros no cuestionamos para nada el accionar de la justicia. Si tiene que actuar, que act\u00fae y Spagnolo dar\u00e1 las explicaciones. Ya fue separado del cargo. No tengo m\u00e1s para decir\u201d, argument\u00f3.<\/p>\n<div class=\"headline-wrapper\">\n<p class=\"header headline-class-h2\"><strong>La pelea contra la corporaci\u00f3n pol\u00edtica<\/strong><\/p>\n<\/div>\n<p class=\"paragraph\" data-mrf-recirculation=\"Links inline\">Cuando fue consultado sobre si esta podr\u00eda ser la primera causa de corrupci\u00f3n del gobierno de Javier Milei, el presidente de la C\u00e1mara de Diputados vincul\u00f3 el ataque a la magnitud del cambio pol\u00edtico que, seg\u00fan \u00e9l, est\u00e1 en marcha: <strong>\u201cVinimos a cambiar la Argentina para siempre y a eliminar al kirchnerismo, sacarlo de la cancha para siempre, entonces vamos a estar sujetos a todo tipo de ataques\u201d.<\/strong><\/p>\n<p class=\"paragraph\" data-mrf-recirculation=\"Links inline\">La entrevista deriv\u00f3 entonces hacia el trasfondo de las tensiones pol\u00edticas y la resistencia de sectores tradicionales. En ese contexto, Menem describi\u00f3 el proceso como una confrontaci\u00f3n para romper con estructuras enquistadas: <strong>\u201cTodo lo viejo de la pol\u00edtica est\u00e1 en jaque y cada vez estamos m\u00e1s cerca del d\u00eda que un sector de esa pol\u00edtica se va a jubilar. Y esto es lo que pone tan tenso y genera todo este tipo de maniobras que las viene generando todo este tiempo\u201d.<\/strong><\/p>\n<p class=\"paragraph\" data-mrf-recirculation=\"Links inline\">En otro momento de la charla, el entrevistador indag\u00f3 sobre la posibilidad de que la interna de La Libertad Avanza haya influido en la crisis. Entonces, Menem reconoci\u00f3 que hay tensiones, pero las atribuy\u00f3 a la magnitud de la transformaci\u00f3n: \u201cNo digo que esto sea parte de la interna, para nada, pero s\u00ed se generan tensiones con gente de otros partidos, gente propia, del territorio. Hay mucha voluntad y muchas ganas de participar y de ser parte de esta gran transformaci\u00f3n de la Argentina y eso, lamentablemente, genera tensiones\u201d.<\/p>\n<p class=\"paragraph\" data-mrf-recirculation=\"Links inline\">El objetivo de fondo, seg\u00fan Menem, es terminar con un ciclo pol\u00edtico:<strong> \u201cVinimos a terminar con la Argentina del pasado, vinimos a terminar con el kirchnerismo y estamos trabajando para eso todos los d\u00edas. Y eso les duele, eso les cuesta. Vinimos a hacer las cosas distinto. Los resultados est\u00e1n a la vista\u201d.<\/strong><\/p>\n<p class=\"paragraph\" data-mrf-recirculation=\"Links inline\">El diputado tambi\u00e9n vincul\u00f3 la resistencia a la transformaci\u00f3n con la defensa de privilegios hist\u00f3ricos: <strong>\u201c\u00bfA vos te parece que es f\u00e1cil meterte en los municipios, en las provincias, ir contra feudos hist\u00f3ricos donde oficialismo y oposici\u00f3n son siempre los mismos y han mantenido sus privilegios? Que los estamos atacando, estamos peg\u00e1ndole en el coraz\u00f3n y estamos pintando de violeta un mont\u00f3n de lugares y eso no lo pueden entender, cuesta\u201d.<\/strong><\/p>\n<p class=\"paragraph\" data-mrf-recirculation=\"Links inline\">La entrevista cerr\u00f3 con una reafirmaci\u00f3n de la confianza en la transparencia del gobierno y en la actuaci\u00f3n de la justicia: <strong>\u201cEstoy cien por ciento seguro. Por m\u00e1s que aparezca lo que aparezca, yo estoy convencido y pongo la mano en el fuego por la transparencia de Lula Menem y de Carina Milei\u201d<\/strong>, concluy\u00f3 Mart\u00edn Menem.<\/p>\n<\/div>\n<\/article>\n","protected":false},"excerpt":{"rendered":"<p>El presidente de la C\u00e1mara de Diputados y hombre clave del oficialismo, Mart\u00edn Menem, habl\u00f3 por primera vez sobre el esc\u00e1ndalo originado a partir de la difusi\u00f3n de un audio atribuido al extitular de la Agencia de Discapacidad, Diego Spagnuolo. Menem aparece mencionado como uno de los hombres del poder que participar\u00eda en un esquema &hellip;<\/p>\n","protected":false},"author":2,"featured_media":10738,"comment_status":"open","ping_status":"open","sticky":false,"template":"","format":"standard","meta":{"footnotes":""},"categories":[33,25],"tags":[1552],"class_list":["post-10737","post","type-post","status-publish","format-standard","has-post-thumbnail","hentry","category-nacionales","category-politica","tag-karina-milei-y-martin-menem"],"_links":{"self":[{"href":"https:\/\/cafeprensa.com.ar\/index.php\/wp-json\/wp\/v2\/posts\/10737","targetHints":{"allow":["GET"]}}],"collection":[{"href":"https:\/\/cafeprensa.com.ar\/index.php\/wp-json\/wp\/v2\/posts"}],"about":[{"href":"https:\/\/cafeprensa.com.ar\/index.php\/wp-json\/wp\/v2\/types\/post"}],"author":[{"embeddable":true,"href":"https:\/\/cafeprensa.com.ar\/index.php\/wp-json\/wp\/v2\/users\/2"}],"replies":[{"embeddable":true,"href":"https:\/\/cafeprensa.com.ar\/index.php\/wp-json\/wp\/v2\/comments?post=10737"}],"version-history":[{"count":1,"href":"https:\/\/cafeprensa.com.ar\/index.php\/wp-json\/wp\/v2\/posts\/10737\/revisions"}],"predecessor-version":[{"id":10739,"href":"https:\/\/cafeprensa.com.ar\/index.php\/wp-json\/wp\/v2\/posts\/10737\/revisions\/10739"}],"wp:featuredmedia":[{"embeddable":true,"href":"https:\/\/cafeprensa.com.ar\/index.php\/wp-json\/wp\/v2\/media\/10738"}],"wp:attachment":[{"href":"https:\/\/cafeprensa.com.ar\/index.php\/wp-json\/wp\/v2\/media?parent=10737"}],"wp:term":[{"taxonomy":"category","embeddable":true,"href":"https:\/\/cafeprensa.com.ar\/index.php\/wp-json\/wp\/v2\/categories?post=10737"},{"taxonomy":"post_tag","embeddable":true,"href":"https:\/\/cafeprensa.com.ar\/index.php\/wp-json\/wp\/v2\/tags?post=10737"}],"curies":[{"name":"wp","href":"https:\/\/api.w.org\/{rel}","templated":true}]}}