{"id":10743,"date":"2025-08-25T15:54:10","date_gmt":"2025-08-25T13:54:10","guid":{"rendered":"https:\/\/cafeprensa.com.ar\/?p=10743"},"modified":"2025-08-25T15:54:49","modified_gmt":"2025-08-25T13:54:49","slug":"reaparecio-el-gordo-mortero","status":"publish","type":"post","link":"https:\/\/cafeprensa.com.ar\/index.php\/2025\/08\/25\/reaparecio-el-gordo-mortero\/","title":{"rendered":"Reapareci\u00f3 el \u00abGordo Mortero\u00bb"},"content":{"rendered":"<p><strong>\u00abHice Uber y el auto se rompi\u00f3, soy desempleado\u00bb<\/strong><\/p>\n<p class=\"bajada\">Vive en Rosario y volvi\u00f3 a la escena p\u00fablica por el un reclamo de corte de agua. Popular por los disturbios del 19 de diciembre de 2017, expres\u00f3: <strong>\u00abNo me arrepiento para nada\u00bb. <\/strong><\/p>\n<p class=\"bajada\"><strong>Sebasti\u00e1n Romero<\/strong>, conocido como el \u00abGordo Mortero\u00bb por su participaci\u00f3n en las protestas del 18 de diciembre de 2017, se encuentra actualmente en\u00a0<strong>Rosario<\/strong>, donde representa a los\u00a0<strong>\u00abVecinos sin Agua de la Zona Oeste\u00bb<\/strong>\u00a0en\u00a0<strong>Rosario<\/strong>\u00a0(<a href=\"https:\/\/www.cadena3.com\/noticia\/radioinforme-3-rosario\/mil-familias-no-tienen-agua-desde-hace-mas-de-un-mes-nos-estan-matando_457810\" target=\"_blank\" rel=\"noopener\">mil familias que no tienen agua desde hace m\u00e1s de un mes<\/a>). En\u00a0<strong>Radioinforme 3<\/strong>, por\u00a0<strong>Cadena 3 Rosario<\/strong>,\u00a0<strong>Romero<\/strong>\u00a0habl\u00f3 sobre su experiencia con la Justicia y su lucha por los derechos de los trabajadores.<\/p>\n<div class=\"overflow-hidden\">\n<div id=\"contenedor-nota\">\n<div id=\"cuerpo-nota\">\n<p><strong>Romero<\/strong>\u00a0declar\u00f3: <strong>\u00abSoy un obrero que siempre luch\u00f3 por los derechos de los trabajadores y soy un militante de causas sociales\u00bb<\/strong>. A pesar de haber cumplido condena y haber estado bajo seguimiento judicial, dijo que contin\u00faa sinti\u00e9ndose hostigado por el actual gobierno de\u00a0<strong>Javier Milei<\/strong>. \u00abMe hacen un seguimiento telef\u00f3nico donde me llaman y tengo que decir d\u00f3nde vivo, qu\u00e9 estoy haciendo\u00bb, a\u00f1adi\u00f3.<\/p>\n<p>Respecto a su pasado,\u00a0<strong>Romero<\/strong>\u00a0afirm\u00f3: <strong>\u00abNo me arrepiento para nada. Creo que es un derecho de todos los trabajadores defenderse de la represi\u00f3n policial cuando est\u00e1n pidiendo un derecho genuino\u00bb.<\/strong> En relaci\u00f3n a su imagen, reconoci\u00f3 que ha cambiado f\u00edsicamente, pero su compromiso con la comunidad sigue intacto. \u00abSiempre me organic\u00e9 para exigir los derechos que necesitamos en el barrio\u00bb, sostuvo.<\/p>\n<div id=\"nota-embebida\" class=\"nota-embebida bloque-notas\"><\/div>\n<p>En la actualidad,\u00a0<strong>Romero<\/strong>\u00a0enfrenta dificultades econ\u00f3micas.<strong> \u00abYo estaba haciendo\u00a0Uber, pero el auto se me rompi\u00f3, entonces ahora estoy desempleado\u00bb, explic\u00f3. A pesar de ello, sigue siendo reconocido por los vecinos que recuerdan su papel en las manifestaciones. \u00abLa gente que tiene un poquito m\u00e1s de conciencia o memoria fotogr\u00e1fica me reconoc\u00eda y me preguntaba\u00bb,<\/strong> coment\u00f3.<\/p>\n<p><strong>Romero<\/strong>\u00a0tambi\u00e9n critic\u00f3 las pol\u00edticas gubernamentales que afectan a los trabajadores. <strong>\u00abNo hay mayor violencia que quitarles un derecho a los trabajadores\u00bb, afirm\u00f3. En un contexto de crisis econ\u00f3mica, enfatiz\u00f3 la lucha por la dignidad y los derechos laborales, se\u00f1alando que \u00abla gente tiene que salir y ser consciente que eso es causa de las pol\u00edticas nefastas de los distintos gobiernos\u00bb.<\/strong><\/p>\n<p>Finalmente,\u00a0<strong>Romero<\/strong>\u00a0concluy\u00f3: \u00abCon un sueldo de 800 mil pesos no se puede vivir. Estamos en din\u00e1mica, en la indigencia\u00bb.<\/p>\n<p>Entrevista de\u00a0<strong>Hern\u00e1n Funes<\/strong>.<\/p>\n<\/div>\n<\/div>\n<\/div>\n","protected":false},"excerpt":{"rendered":"<p>\u00abHice Uber y el auto se rompi\u00f3, soy desempleado\u00bb Vive en Rosario y volvi\u00f3 a la escena p\u00fablica por el un reclamo de corte de agua. Popular por los disturbios del 19 de diciembre de 2017, expres\u00f3: \u00abNo me arrepiento para nada\u00bb. Sebasti\u00e1n Romero, conocido como el \u00abGordo Mortero\u00bb por su participaci\u00f3n en las protestas &hellip;<\/p>\n","protected":false},"author":2,"featured_media":10744,"comment_status":"open","ping_status":"open","sticky":false,"template":"","format":"standard","meta":{"footnotes":""},"categories":[54,33],"tags":[2405],"class_list":["post-10743","post","type-post","status-publish","format-standard","has-post-thumbnail","hentry","category-interes-ganeral","category-nacionales","tag-gordo-mortero"],"_links":{"self":[{"href":"https:\/\/cafeprensa.com.ar\/index.php\/wp-json\/wp\/v2\/posts\/10743","targetHints":{"allow":["GET"]}}],"collection":[{"href":"https:\/\/cafeprensa.com.ar\/index.php\/wp-json\/wp\/v2\/posts"}],"about":[{"href":"https:\/\/cafeprensa.com.ar\/index.php\/wp-json\/wp\/v2\/types\/post"}],"author":[{"embeddable":true,"href":"https:\/\/cafeprensa.com.ar\/index.php\/wp-json\/wp\/v2\/users\/2"}],"replies":[{"embeddable":true,"href":"https:\/\/cafeprensa.com.ar\/index.php\/wp-json\/wp\/v2\/comments?post=10743"}],"version-history":[{"count":2,"href":"https:\/\/cafeprensa.com.ar\/index.php\/wp-json\/wp\/v2\/posts\/10743\/revisions"}],"predecessor-version":[{"id":10746,"href":"https:\/\/cafeprensa.com.ar\/index.php\/wp-json\/wp\/v2\/posts\/10743\/revisions\/10746"}],"wp:featuredmedia":[{"embeddable":true,"href":"https:\/\/cafeprensa.com.ar\/index.php\/wp-json\/wp\/v2\/media\/10744"}],"wp:attachment":[{"href":"https:\/\/cafeprensa.com.ar\/index.php\/wp-json\/wp\/v2\/media?parent=10743"}],"wp:term":[{"taxonomy":"category","embeddable":true,"href":"https:\/\/cafeprensa.com.ar\/index.php\/wp-json\/wp\/v2\/categories?post=10743"},{"taxonomy":"post_tag","embeddable":true,"href":"https:\/\/cafeprensa.com.ar\/index.php\/wp-json\/wp\/v2\/tags?post=10743"}],"curies":[{"name":"wp","href":"https:\/\/api.w.org\/{rel}","templated":true}]}}