{"id":10762,"date":"2025-08-26T13:27:05","date_gmt":"2025-08-26T11:27:05","guid":{"rendered":"https:\/\/cafeprensa.com.ar\/?p=10762"},"modified":"2025-08-26T13:27:05","modified_gmt":"2025-08-26T11:27:05","slug":"maximo-kirchner-cuestiono-a-axel-kicillof","status":"publish","type":"post","link":"https:\/\/cafeprensa.com.ar\/index.php\/2025\/08\/26\/maximo-kirchner-cuestiono-a-axel-kicillof\/","title":{"rendered":"M\u00e1ximo Kirchner cuestion\u00f3 a Axel Kicillof"},"content":{"rendered":"<header class=\"news-headline\">\n<p class=\"news-headline__title\">\u00abOjal\u00e1 ponga el mismo dinero en Quilmes que en La Plata\u00bb. <strong>El diputado cuestion\u00f3 al gobernador de Buenos Aires por la inversi\u00f3n en obras.<\/strong> La queja se dio en un acto en Quilmes. El diputado nacional <a class=\"agrupador\" href=\"https:\/\/www.losandes.com.ar\/temas\/maximo-kirchner\" rel=\"1579\">M\u00e1ximo Kirchner<\/a>\u00a0le reclam\u00f3 p\u00fablicamente al gobernador\u00a0<a class=\"agrupador\" href=\"https:\/\/www.losandes.com.ar\/temas\/axel-kicillof\" rel=\"1090\">Axel Kicillof<\/a>\u00a0la\u00a0<strong>distribuci\u00f3n de fondos para obras<\/strong>. En un video que se viraliz\u00f3 en las redes sociales, se escucha al legislador acusar al mandatario provincial de privilegiar a\u00a0<a class=\"agrupador\" href=\"https:\/\/www.losandes.com.ar\/temas\/la-plata\" rel=\"370\">La Plata<\/a> en detrimento de otros municipios del conurbano.<\/p>\n<article class=\"article-body article-body--third-paragraph\">\n<div id=\"embed2_wrap\" class=\"embed_cont type_freetext\" contenteditable=\"false\">\n<div id=\"embed2_content\" class=\"embed_content\">\n<div id=\"embed2_embed\">\n<div class=\"twitter-tweet twitter-tweet-rendered\"><iframe id=\"twitter-widget-0\" class=\"\" title=\"X Post\" src=\"https:\/\/platform.twitter.com\/embed\/Tweet.html?creatorScreenName=LosAndesDiario&amp;dnt=false&amp;embedId=twitter-widget-0&amp;features=eyJ0ZndfdGltZWxpbmVfbGlzdCI6eyJidWNrZXQiOltdLCJ2ZXJzaW9uIjpudWxsfSwidGZ3X2ZvbGxvd2VyX2NvdW50X3N1bnNldCI6eyJidWNrZXQiOnRydWUsInZlcnNpb24iOm51bGx9LCJ0ZndfdHdlZXRfZWRpdF9iYWNrZW5kIjp7ImJ1Y2tldCI6Im9uIiwidmVyc2lvbiI6bnVsbH0sInRmd19yZWZzcmNfc2Vzc2lvbiI6eyJidWNrZXQiOiJvbiIsInZlcnNpb24iOm51bGx9LCJ0ZndfZm9zbnJfc29mdF9pbnRlcnZlbnRpb25zX2VuYWJsZWQiOnsiYnVja2V0Ijoib24iLCJ2ZXJzaW9uIjpudWxsfSwidGZ3X21peGVkX21lZGlhXzE1ODk3Ijp7ImJ1Y2tldCI6InRyZWF0bWVudCIsInZlcnNpb24iOm51bGx9LCJ0ZndfZXhwZXJpbWVudHNfY29va2llX2V4cGlyYXRpb24iOnsiYnVja2V0IjoxMjA5NjAwLCJ2ZXJzaW9uIjpudWxsfSwidGZ3X3Nob3dfYmlyZHdhdGNoX3Bpdm90c19lbmFibGVkIjp7ImJ1Y2tldCI6Im9uIiwidmVyc2lvbiI6bnVsbH0sInRmd19kdXBsaWNhdGVfc2NyaWJlc190b19zZXR0aW5ncyI6eyJidWNrZXQiOiJvbiIsInZlcnNpb24iOm51bGx9LCJ0ZndfdXNlX3Byb2ZpbGVfaW1hZ2Vfc2hhcGVfZW5hYmxlZCI6eyJidWNrZXQiOiJvbiIsInZlcnNpb24iOm51bGx9LCJ0ZndfdmlkZW9faGxzX2R5bmFtaWNfbWFuaWZlc3RzXzE1MDgyIjp7ImJ1Y2tldCI6InRydWVfYml0cmF0ZSIsInZlcnNpb24iOm51bGx9LCJ0ZndfbGVnYWN5X3RpbWVsaW5lX3N1bnNldCI6eyJidWNrZXQiOnRydWUsInZlcnNpb24iOm51bGx9LCJ0ZndfdHdlZXRfZWRpdF9mcm9udGVuZCI6eyJidWNrZXQiOiJvbiIsInZlcnNpb24iOm51bGx9fQ%3D%3D&amp;frame=false&amp;hideCard=false&amp;hideThread=false&amp;id=1960114070104760379&amp;lang=es&amp;maxWidth=560px&amp;origin=https%3A%2F%2Fwww.losandes.com.ar%2Fpolitica%2Fmaximo-kirchner-cuestiono-axel-kicillof-ojala-ponga-el-mismo-dinero-quilmes-que-la-plata-n5960468&amp;sessionId=e4844b3993da3a68e83f8e8fd43c951632468bc4&amp;siteScreenName=LosAndesDiario&amp;theme=light&amp;widgetsVersion=2615f7e52b7e0%3A1702314776716&amp;width=550px\" frameborder=\"0\" scrolling=\"no\" allowfullscreen=\"allowfullscreen\" data-tweet-id=\"1960114070104760379\" data-mce-fragment=\"1\"><\/iframe><\/div>\n<\/div>\n<\/div>\n<\/div>\n<\/article>\n<\/header>\n<div class=\"container\">\n<article class=\"article-body article-body--second-paragraph\">De esta manera, se reaviva la interna en el peronismo a menos de dos semanas de las elecciones. Aunque el clip se difundi\u00f3 este lunes, el hecho ocurri\u00f3 la semana pasada durante la<strong>\u00a0inauguraci\u00f3n del polideportivo Diego Armando Maradona en\u00a0<a class=\"agrupador\" href=\"https:\/\/www.losandes.com.ar\/temas\/quilmes\" rel=\"2004\">Quilmes<\/a><\/strong>.<\/article>\n<article class=\"article-body article-body--third-paragraph\">Se trat\u00f3 de un acto que el diputado comparti\u00f3 con la intendenta\u00a0<strong>Mayra Mendoza<\/strong>\u00a0y el primer candidato a diputado nacional de Fuerza Patria,\u00a0<strong>Jorge Taiana<\/strong>. En su discurso, Kirchner apunt\u00f3 directamente a la inversi\u00f3n provincial en la capital bonaerense, donde recientemente se renovaron plazas y edificios ic\u00f3nicos.<\/article>\n<article class=\"article-body article-body--fourth-paragraph\">\u00ab<strong>Hace un a\u00f1o atr\u00e1s<\/strong>, en un acto que hac\u00edas en la ciudad de La Plata\u00a0<strong>me dec\u00edan \u2018qu\u00e9 linda est\u00e1 La Ciudad de La Plata\u2019<\/strong>. Ojal\u00e1 el gobernador ponga la misma plata en Quilmes que pone en la ciudad de La Plata\u00bb, se quej\u00f3 el hijo de la expresidenta. Y destac\u00f3:<strong>\u00a0\u00abMe va a encantar, Quilmes lo necesita\u00bb<\/strong>.<\/article>\n<article class=\"article-body article-body--fifth-paragraph\">La paradoja del reclamo es que, unas horas antes de ese mismo acto,<strong>\u00a0el propio Axel Kicillof hab\u00eda estado en Quilmes junto a la intendenta Mayra Mendoza<\/strong>. Ambos inauguraron una nueva alcaid\u00eda, en el marco de una importante obra de infraestructura para el distrito.<\/article>\n<\/div>\n","protected":false},"excerpt":{"rendered":"<p>\u00abOjal\u00e1 ponga el mismo dinero en Quilmes que en La Plata\u00bb. El diputado cuestion\u00f3 al gobernador de Buenos Aires por la inversi\u00f3n en obras. La queja se dio en un acto en Quilmes. El diputado nacional M\u00e1ximo Kirchner\u00a0le reclam\u00f3 p\u00fablicamente al gobernador\u00a0Axel Kicillof\u00a0la\u00a0distribuci\u00f3n de fondos para obras. En un video que se viraliz\u00f3 en las &hellip;<\/p>\n","protected":false},"author":2,"featured_media":10763,"comment_status":"open","ping_status":"open","sticky":false,"template":"","format":"standard","meta":{"footnotes":""},"categories":[33,25],"tags":[64],"class_list":["post-10762","post","type-post","status-publish","format-standard","has-post-thumbnail","hentry","category-nacionales","category-politica","tag-maximo-kirchner"],"_links":{"self":[{"href":"https:\/\/cafeprensa.com.ar\/index.php\/wp-json\/wp\/v2\/posts\/10762","targetHints":{"allow":["GET"]}}],"collection":[{"href":"https:\/\/cafeprensa.com.ar\/index.php\/wp-json\/wp\/v2\/posts"}],"about":[{"href":"https:\/\/cafeprensa.com.ar\/index.php\/wp-json\/wp\/v2\/types\/post"}],"author":[{"embeddable":true,"href":"https:\/\/cafeprensa.com.ar\/index.php\/wp-json\/wp\/v2\/users\/2"}],"replies":[{"embeddable":true,"href":"https:\/\/cafeprensa.com.ar\/index.php\/wp-json\/wp\/v2\/comments?post=10762"}],"version-history":[{"count":1,"href":"https:\/\/cafeprensa.com.ar\/index.php\/wp-json\/wp\/v2\/posts\/10762\/revisions"}],"predecessor-version":[{"id":10764,"href":"https:\/\/cafeprensa.com.ar\/index.php\/wp-json\/wp\/v2\/posts\/10762\/revisions\/10764"}],"wp:featuredmedia":[{"embeddable":true,"href":"https:\/\/cafeprensa.com.ar\/index.php\/wp-json\/wp\/v2\/media\/10763"}],"wp:attachment":[{"href":"https:\/\/cafeprensa.com.ar\/index.php\/wp-json\/wp\/v2\/media?parent=10762"}],"wp:term":[{"taxonomy":"category","embeddable":true,"href":"https:\/\/cafeprensa.com.ar\/index.php\/wp-json\/wp\/v2\/categories?post=10762"},{"taxonomy":"post_tag","embeddable":true,"href":"https:\/\/cafeprensa.com.ar\/index.php\/wp-json\/wp\/v2\/tags?post=10762"}],"curies":[{"name":"wp","href":"https:\/\/api.w.org\/{rel}","templated":true}]}}