{"id":10772,"date":"2025-08-26T16:52:45","date_gmt":"2025-08-26T14:52:45","guid":{"rendered":"https:\/\/cafeprensa.com.ar\/?p=10772"},"modified":"2025-08-26T16:53:17","modified_gmt":"2025-08-26T14:53:17","slug":"brutal-violencia-policial-contra-un-vendedor-de-verduras-videos","status":"publish","type":"post","link":"https:\/\/cafeprensa.com.ar\/index.php\/2025\/08\/26\/brutal-violencia-policial-contra-un-vendedor-de-verduras-videos\/","title":{"rendered":"Brutal violencia de la policia de Tucum\u00e1n contra un vendedor de verduras (videos)"},"content":{"rendered":"<h1 class=\"page-header\">\u00abAnca Juli parece Venezuela\u00bb:<\/h1>\n<div><b>\u00abUna verg\u00fcenza lo que pas\u00f3 en Anca Juli. Lamentablemente, Anca Juli parece Venezuela por el abuso de la polic\u00eda\u00bb, public\u00f3 Valeria Rasjido en Facebook.<\/b><\/div>\n<div>\u00abMe pregunto cu\u00e1l es el rol de la polic\u00eda para detener sin motivo al verdulero solo por orden de una persona que se cree due\u00f1a del pueblo solo por no simpatizar con \u00e9l\u00bb, a\u00f1adi\u00f3.<\/div>\n<div><strong>\u00abEsto no puede ser, es una verg\u00fcenza el atropello de la polic\u00eda. Por eso no funciona la educaci\u00f3n, porqu\u00e9 nos quieren tontos y con analfabetismo. Una verg\u00fcenza el momento horrible y triste que vivi\u00f3 esta gente\u00bb<\/strong>, a\u00f1adi\u00f3, al tiempo que public\u00f3 videos sobre lo ocurrido.<\/div>\n<div><\/div>\n<div><iframe loading=\"lazy\" src=\"https:\/\/www.facebook.com\/plugins\/video.php?height=316&amp;href=https%3A%2F%2Fwww.facebook.com%2Fvaleria.rasjido.773%2Fvideos%2F4166083757004277%2F&amp;show_text=true&amp;width=560&amp;t=0\" width=\"560\" height=\"431\" frameborder=\"0\" scrolling=\"no\" allowfullscreen=\"allowfullscreen\" data-mce-fragment=\"1\"><\/iframe><\/div>\n<div><iframe loading=\"lazy\" src=\"https:\/\/www.facebook.com\/plugins\/video.php?height=316&amp;href=https%3A%2F%2Fwww.facebook.com%2Fvaleria.rasjido.773%2Fvideos%2F2334424153655475%2F&amp;show_text=true&amp;width=560&amp;t=0\" width=\"560\" height=\"431\" frameborder=\"0\" scrolling=\"no\" allowfullscreen=\"allowfullscreen\" data-mce-fragment=\"1\"><\/iframe><\/div>\n<div><iframe loading=\"lazy\" src=\"https:\/\/www.facebook.com\/plugins\/video.php?height=316&amp;href=https%3A%2F%2Fwww.facebook.com%2Fvaleria.rasjido.773%2Fvideos%2F596917906688586%2F&amp;show_text=false&amp;width=560&amp;t=0\" width=\"560\" height=\"316\" frameborder=\"0\" scrolling=\"no\" allowfullscreen=\"allowfullscreen\" data-mce-fragment=\"1\"><\/iframe><\/div>\n<div><\/div>\n<div><span style=\"font-size: 8pt;\">FUENTE: CONTEXTO https:\/\/www.contextotucuman.com\/nota\/357738\/yquot;anca-juli-parece-venezuelayquot;-brutal-violencia-policial-contra-un-vendedor-de-verduras-videos.html<\/span><\/div>\n","protected":false},"excerpt":{"rendered":"<p>\u00abAnca Juli parece Venezuela\u00bb: \u00abUna verg\u00fcenza lo que pas\u00f3 en Anca Juli. Lamentablemente, Anca Juli parece Venezuela por el abuso de la polic\u00eda\u00bb, public\u00f3 Valeria Rasjido en Facebook. \u00abMe pregunto cu\u00e1l es el rol de la polic\u00eda para detener sin motivo al verdulero solo por orden de una persona que se cree due\u00f1a del pueblo &hellip;<\/p>\n","protected":false},"author":2,"featured_media":10773,"comment_status":"open","ping_status":"open","sticky":false,"template":"","format":"standard","meta":{"footnotes":""},"categories":[34,26],"tags":[2409,138,2410],"class_list":["post-10772","post","type-post","status-publish","format-standard","has-post-thumbnail","hentry","category-locales","category-policiales","tag-anca-juli","tag-policia","tag-verdulero"],"_links":{"self":[{"href":"https:\/\/cafeprensa.com.ar\/index.php\/wp-json\/wp\/v2\/posts\/10772","targetHints":{"allow":["GET"]}}],"collection":[{"href":"https:\/\/cafeprensa.com.ar\/index.php\/wp-json\/wp\/v2\/posts"}],"about":[{"href":"https:\/\/cafeprensa.com.ar\/index.php\/wp-json\/wp\/v2\/types\/post"}],"author":[{"embeddable":true,"href":"https:\/\/cafeprensa.com.ar\/index.php\/wp-json\/wp\/v2\/users\/2"}],"replies":[{"embeddable":true,"href":"https:\/\/cafeprensa.com.ar\/index.php\/wp-json\/wp\/v2\/comments?post=10772"}],"version-history":[{"count":2,"href":"https:\/\/cafeprensa.com.ar\/index.php\/wp-json\/wp\/v2\/posts\/10772\/revisions"}],"predecessor-version":[{"id":10775,"href":"https:\/\/cafeprensa.com.ar\/index.php\/wp-json\/wp\/v2\/posts\/10772\/revisions\/10775"}],"wp:featuredmedia":[{"embeddable":true,"href":"https:\/\/cafeprensa.com.ar\/index.php\/wp-json\/wp\/v2\/media\/10773"}],"wp:attachment":[{"href":"https:\/\/cafeprensa.com.ar\/index.php\/wp-json\/wp\/v2\/media?parent=10772"}],"wp:term":[{"taxonomy":"category","embeddable":true,"href":"https:\/\/cafeprensa.com.ar\/index.php\/wp-json\/wp\/v2\/categories?post=10772"},{"taxonomy":"post_tag","embeddable":true,"href":"https:\/\/cafeprensa.com.ar\/index.php\/wp-json\/wp\/v2\/tags?post=10772"}],"curies":[{"name":"wp","href":"https:\/\/api.w.org\/{rel}","templated":true}]}}