{"id":10786,"date":"2025-08-27T13:21:19","date_gmt":"2025-08-27T11:21:19","guid":{"rendered":"https:\/\/cafeprensa.com.ar\/?p=10786"},"modified":"2025-08-27T13:21:19","modified_gmt":"2025-08-27T11:21:19","slug":"tienen-miedo-de-que-la-gente-elija-libremente-juri-respaldo-la-candidatura-de-jaldo-y-disparo-contra-sanchez","status":"publish","type":"post","link":"https:\/\/cafeprensa.com.ar\/index.php\/2025\/08\/27\/tienen-miedo-de-que-la-gente-elija-libremente-juri-respaldo-la-candidatura-de-jaldo-y-disparo-contra-sanchez\/","title":{"rendered":"Tienen miedo de que la gente elija libremente: Juri respald\u00f3 la candidatura de Jaldo y dispar\u00f3 contra S\u00e1nchez"},"content":{"rendered":"<div dir=\"auto\">El presidente del Concejo Deliberante de San Miguel de Tucuman, <strong>Fernando Juri,<\/strong> rechaz\u00f3 la presentaci\u00f3n de un espacio opositor contra la lista del PJ. \u00ab<strong>No nos sorprende que desde la oposici\u00f3n busquen frenar en la Justicia las candidaturas en el peronismo. La presentaci\u00f3n realizada por el espacio que lidera el diputado Roberto S\u00e1nchez simplemente busca evitar que sea la gente la que elija libremente y con su voto qu\u00e9 modelo de gesti\u00f3n prefiere: Jaldo o Milei. Estado eficiente, equilibrado y sensato o la crueldad destructora de lo que funciona, como la educaci\u00f3n o el Garrahan, mirando planillas pero no personas como acostumbra la Naci\u00f3n\u00bb<\/strong>, expres\u00f3 Juri.<\/div>\n<div dir=\"auto\"><\/div>\n<div dir=\"auto\"><strong>\u00abLa distancia en las urnas evidentemente se anticipa irremontable entre el PJ y esta lista de lo que fue Juntos por el Cambio,<\/strong> por eso hacen esta presentaci\u00f3n: fueron a pedir que por favor no enfrentarse a Jaldo.<\/div>\n<div dir=\"auto\">De todas formas, como republicanos que somos, siempre respetaremos lo que defina la Justicia y ganaremos el 26 de octubre aqu\u00ed en Tucum\u00e1n\u00bb, <strong>finaliz\u00f3 el presidente del Concejo.<\/strong><\/div>\n","protected":false},"excerpt":{"rendered":"<p>El presidente del Concejo Deliberante de San Miguel de Tucuman, Fernando Juri, rechaz\u00f3 la presentaci\u00f3n de un espacio opositor contra la lista del PJ. \u00abNo nos sorprende que desde la oposici\u00f3n busquen frenar en la Justicia las candidaturas en el peronismo. La presentaci\u00f3n realizada por el espacio que lidera el diputado Roberto S\u00e1nchez simplemente busca &hellip;<\/p>\n","protected":false},"author":2,"featured_media":10787,"comment_status":"open","ping_status":"open","sticky":false,"template":"","format":"standard","meta":{"footnotes":""},"categories":[34,25],"tags":[1050,94,189,121,684],"class_list":["post-10786","post","type-post","status-publish","format-standard","has-post-thumbnail","hentry","category-locales","category-politica","tag-elecciones-2025","tag-jaldo","tag-juri","tag-pj","tag-sanchez"],"_links":{"self":[{"href":"https:\/\/cafeprensa.com.ar\/index.php\/wp-json\/wp\/v2\/posts\/10786","targetHints":{"allow":["GET"]}}],"collection":[{"href":"https:\/\/cafeprensa.com.ar\/index.php\/wp-json\/wp\/v2\/posts"}],"about":[{"href":"https:\/\/cafeprensa.com.ar\/index.php\/wp-json\/wp\/v2\/types\/post"}],"author":[{"embeddable":true,"href":"https:\/\/cafeprensa.com.ar\/index.php\/wp-json\/wp\/v2\/users\/2"}],"replies":[{"embeddable":true,"href":"https:\/\/cafeprensa.com.ar\/index.php\/wp-json\/wp\/v2\/comments?post=10786"}],"version-history":[{"count":1,"href":"https:\/\/cafeprensa.com.ar\/index.php\/wp-json\/wp\/v2\/posts\/10786\/revisions"}],"predecessor-version":[{"id":10788,"href":"https:\/\/cafeprensa.com.ar\/index.php\/wp-json\/wp\/v2\/posts\/10786\/revisions\/10788"}],"wp:featuredmedia":[{"embeddable":true,"href":"https:\/\/cafeprensa.com.ar\/index.php\/wp-json\/wp\/v2\/media\/10787"}],"wp:attachment":[{"href":"https:\/\/cafeprensa.com.ar\/index.php\/wp-json\/wp\/v2\/media?parent=10786"}],"wp:term":[{"taxonomy":"category","embeddable":true,"href":"https:\/\/cafeprensa.com.ar\/index.php\/wp-json\/wp\/v2\/categories?post=10786"},{"taxonomy":"post_tag","embeddable":true,"href":"https:\/\/cafeprensa.com.ar\/index.php\/wp-json\/wp\/v2\/tags?post=10786"}],"curies":[{"name":"wp","href":"https:\/\/api.w.org\/{rel}","templated":true}]}}