{"id":10794,"date":"2025-08-27T13:53:19","date_gmt":"2025-08-27T11:53:19","guid":{"rendered":"https:\/\/cafeprensa.com.ar\/?p=10794"},"modified":"2025-08-27T13:54:38","modified_gmt":"2025-08-27T11:54:38","slug":"edith-hermida-la-panelista-de-bendita-llega-al-rosita-avila","status":"publish","type":"post","link":"https:\/\/cafeprensa.com.ar\/index.php\/2025\/08\/27\/edith-hermida-la-panelista-de-bendita-llega-al-rosita-avila\/","title":{"rendered":"La panelista de Bendita llega al Rosita Avila"},"content":{"rendered":"<p>El s\u00e1bado 30 de agosto, a las 19 h y a las 21 h, Edith Hermida llega con su unipersonal de humor\u201cTeneme paciencia\u201d.<\/p>\n<p>En el show, la conductora, locutora, actriz y panelista de Bendita invita a desdramatizar, identificarse y disfrutar sin ansiedades. <strong>C\u00f3mo ser hija y madre en esta \u00e9poca, la tecnolog\u00eda, la m\u00fasica, el ritmo cotidiano, los clich\u00e9s, los mandatos y volver al ruedo despu\u00e9s de los 50 son algunos de los temas que aborda.<\/strong> El libreto y la direcci\u00f3n est\u00e1n a cargo de la comediante y dramaturga Vero Lorca.<\/p>\n<p>Teatro Municipal Rosita \u00c1vila (Las Piedras 1550) San Miguel de Tucum\u00e1n<\/p>\n<p><strong>Entrada general: $ 15.000.<\/strong><\/p>\n","protected":false},"excerpt":{"rendered":"<p>El s\u00e1bado 30 de agosto, a las 19 h y a las 21 h, Edith Hermida llega con su unipersonal de humor\u201cTeneme paciencia\u201d. En el show, la conductora, locutora, actriz y panelista de Bendita invita a desdramatizar, identificarse y disfrutar sin ansiedades. C\u00f3mo ser hija y madre en esta \u00e9poca, la tecnolog\u00eda, la m\u00fasica, el &hellip;<\/p>\n","protected":false},"author":2,"featured_media":10795,"comment_status":"open","ping_status":"open","sticky":false,"template":"","format":"standard","meta":{"footnotes":""},"categories":[30,34],"tags":[2411],"class_list":["post-10794","post","type-post","status-publish","format-standard","has-post-thumbnail","hentry","category-cultura-y-espectaculos","category-locales","tag-edith-hermida"],"_links":{"self":[{"href":"https:\/\/cafeprensa.com.ar\/index.php\/wp-json\/wp\/v2\/posts\/10794","targetHints":{"allow":["GET"]}}],"collection":[{"href":"https:\/\/cafeprensa.com.ar\/index.php\/wp-json\/wp\/v2\/posts"}],"about":[{"href":"https:\/\/cafeprensa.com.ar\/index.php\/wp-json\/wp\/v2\/types\/post"}],"author":[{"embeddable":true,"href":"https:\/\/cafeprensa.com.ar\/index.php\/wp-json\/wp\/v2\/users\/2"}],"replies":[{"embeddable":true,"href":"https:\/\/cafeprensa.com.ar\/index.php\/wp-json\/wp\/v2\/comments?post=10794"}],"version-history":[{"count":4,"href":"https:\/\/cafeprensa.com.ar\/index.php\/wp-json\/wp\/v2\/posts\/10794\/revisions"}],"predecessor-version":[{"id":10799,"href":"https:\/\/cafeprensa.com.ar\/index.php\/wp-json\/wp\/v2\/posts\/10794\/revisions\/10799"}],"wp:featuredmedia":[{"embeddable":true,"href":"https:\/\/cafeprensa.com.ar\/index.php\/wp-json\/wp\/v2\/media\/10795"}],"wp:attachment":[{"href":"https:\/\/cafeprensa.com.ar\/index.php\/wp-json\/wp\/v2\/media?parent=10794"}],"wp:term":[{"taxonomy":"category","embeddable":true,"href":"https:\/\/cafeprensa.com.ar\/index.php\/wp-json\/wp\/v2\/categories?post=10794"},{"taxonomy":"post_tag","embeddable":true,"href":"https:\/\/cafeprensa.com.ar\/index.php\/wp-json\/wp\/v2\/tags?post=10794"}],"curies":[{"name":"wp","href":"https:\/\/api.w.org\/{rel}","templated":true}]}}