{"id":10814,"date":"2025-08-27T15:54:05","date_gmt":"2025-08-27T13:54:05","guid":{"rendered":"https:\/\/cafeprensa.com.ar\/?p=10814"},"modified":"2025-08-27T15:56:29","modified_gmt":"2025-08-27T13:56:29","slug":"confirman-el-monto-que-recibiran-las-autoridades-de-mesa-en-las-elecciones-del-26-de-octubre","status":"publish","type":"post","link":"https:\/\/cafeprensa.com.ar\/index.php\/2025\/08\/27\/confirman-el-monto-que-recibiran-las-autoridades-de-mesa-en-las-elecciones-del-26-de-octubre\/","title":{"rendered":"Confirman el monto que recibir\u00e1n las autoridades de mesa en las elecciones del 26 de octubre"},"content":{"rendered":"<div class=\"pull-left col-md-6 fotos-containers\">El Gobierno estableci\u00f3 los montos que recibir\u00e1n aquellos que participen como autoridades de mesa, delegados judiciales y tecnol\u00f3gicos en los comicios del pr\u00f3ximo 26 de octubre<\/div>\n<p><strong>A dos meses de los comicios, el Gobierno estableci\u00f3 los montos que percibir\u00e1n las autoridades de mesa, delegados judiciales y delegados tecnol\u00f3gicos que participen en las elecciones nacionales del 26 de octubre.<\/strong><\/p>\n<p>Los valores fueron oficializados a trav\u00e9s de la publicaci\u00f3n de la Resoluci\u00f3n 347\/2025 en el Bolet\u00edn Oficial, con la firma de Lisandro Catal\u00e1n, vicejefe de Gabinete del Interior. <strong>De esta manera, fijaron en $40.000 el pago por vi\u00e1ticos para cada ciudadano que se desempe\u00f1e como autoridad de mesa y cumpla efectivamente esa funci\u00f3n durante los comicios. Adem\u00e1s, quienes participen en las actividades de capacitaci\u00f3n reconocidas por la Justicia Nacional Electoral recibir\u00e1n un adicional de $40.000.<\/strong><\/p>\n<p>El Gobierno justific\u00f3 este plus al se\u00f1alar que <strong>\u201cresulta conveniente estimular la participaci\u00f3n en actividades de capacitaci\u00f3n por parte de dichos ciudadanos, mediante la asignaci\u00f3n de una compensaci\u00f3n adicional a los efectos de propender a la mejora del desenvolvimiento de los comicios\u201d. <\/strong>Por otro lado, precisaron que los delegados designados por la <strong>Justicia Nacional Electoral en los locales de votaci\u00f3n percibir\u00e1n $80.000, mientras que los delegados judiciales que remitan los reportes requeridos por la C\u00e1mara Nacional Electoral recibir\u00e1n un adicional de $40.000.<\/strong><\/p>\n<p><img decoding=\"async\" class=\"img-responsive\" src=\"https:\/\/www.infobae.com\/resizer\/v2\/TQ7UJRMIMNGN3CZHJF2CJZ22YU.jpg?auth=655f06b12b533662dc05ffd4977ee2604dc4f92d4d256937151c2c5e0001a8e1&amp;smart=true&amp;width=992&amp;height=558&amp;quality=85\" width=\"700\" \/><\/p>\n<p><strong>Por su parte, aquellos que est\u00e9n encargados de la verificaci\u00f3n biom\u00e9trica de identidad cobrar\u00e1n $120.000 en concepto de vi\u00e1tico y capacitaci\u00f3n.<\/strong><\/p>\n<p><strong>La decisi\u00f3n se fundamenta en el art\u00edculo 72 del C\u00f3digo Electoral Nacional (Ley 19.945), que establece la compensaci\u00f3n para quienes cumplen funciones como autoridades de mesa, y en diversas acordadas de la C\u00e1mara Nacional Electoral que regulan las tareas y condiciones para el cobro de estos vi\u00e1ticos.<\/strong><\/p>\n<p>En cuanto a los delegados judiciales, la C\u00e1mara Nacional Electoral recomend\u00f3 que una parte del vi\u00e1tico se abone solo a quienes cumplan con la remisi\u00f3n de reportes de eventos e incidencias durante la jornada electoral.<\/p>\n<p><strong>\u201cUn porcentaje o al\u00edcuota de aproximadamente un 30% del monto total previsto\u2014 se haga efectivo \u00fanicamente para aquellos agentes que, de acuerdo con lo que informe la C\u00e1mara Nacional Electoral, hubiesen dado cumplimiento a la remisi\u00f3n de reportes de eventos, incidencias o datos adicionales solicitados por dicho Tribunal\u201d<\/strong>, detalla la resoluci\u00f3n.<\/p>\n<p><strong>Seg\u00fan precisaron, el pago de los vi\u00e1ticos se realizar\u00e1 despu\u00e9s de las elecciones y los beneficiarios podr\u00e1n optar por diferentes modalidades: aplicaci\u00f3n del Correo Argentino, transferencia bancaria, billetera virtual, o cobro presencial en una sede del Correo Argentino. El derecho a percibir el vi\u00e1tico prescribir\u00e1 a los doce meses de la fecha de la elecci\u00f3n. <\/strong>La Justicia Nacional Electoral ser\u00e1 la encargada de verificar el cumplimiento de las funciones y de informar al Correo Oficial de la Rep\u00fablica Argentina S.A. la n\u00f3mina de personas con derecho a percibir las compensaciones, con indicaci\u00f3n del n\u00famero de mesa en que se desempe\u00f1aron.<\/p>\n<p><u><strong>\u00bfQu\u00e9 se vota en las elecciones de octubre?<\/strong><\/u><\/p>\n<p>En las elecciones del 26 de octubre se renovar\u00e1n parcialmente ambas c\u00e1maras del Congreso. Como ocurre cada dos a\u00f1os, los ciudadanos elegir\u00e1n representantes para ocupar la mitad de la C\u00e1mara de Diputados y un tercio del Senado, por lo que estar\u00e1n en juego 127 bancas de diputados nacionales y 24 de senadores.<\/p>\n<p><strong>Los esca\u00f1os que se renuevan en el Senado corresponden a las provincias de R\u00edo Negro, Salta, Neuqu\u00e9n, Tierra del Fuego, Santiago del Estero, Entre R\u00edos, Chaco y la Ciudad Aut\u00f3noma de Buenos Aires, mientras que en Diputados el esquema se basa en la asignaci\u00f3n de bancas seg\u00fan el caudal poblacional de cada provincia.<\/strong><\/p>\n<p>Adem\u00e1s, durante estas elecciones nacionales de 2025 ser\u00e1 primera vez que se implementa la Boleta \u00danica de Papel (BUP) en todo el territorio para la elecci\u00f3n de cargos legislativos. Esta nueva modalidad, establecida por la Ley N.\u00ba 27.781, busca sumar mayor transparencia y simplicidad al proceso electoral. A trav\u00e9s de la BUP, todos los candidatos de los diferentes partidos y alianzas se presentan en una \u00fanica hoja oficial, lo que reemplaza al tradicional sistema de boletas partidarias m\u00faltiples y busca reducir las dificultades asociadas a la manipulaci\u00f3n y falta de boletas en los cuartos oscuros. \/<a href=\"https:\/\/www.infobae.com\/politica\/2025\/08\/27\/cuanto-cobraran-las-autoridades-de-mesa-en-las-elecciones-nacionales-de-octubre\/\">Infobae<\/a><\/p>\n","protected":false},"excerpt":{"rendered":"<p>El Gobierno estableci\u00f3 los montos que recibir\u00e1n aquellos que participen como autoridades de mesa, delegados judiciales y tecnol\u00f3gicos en los comicios del pr\u00f3ximo 26 de octubre A dos meses de los comicios, el Gobierno estableci\u00f3 los montos que percibir\u00e1n las autoridades de mesa, delegados judiciales y delegados tecnol\u00f3gicos que participen en las elecciones nacionales del &hellip;<\/p>\n","protected":false},"author":2,"featured_media":10815,"comment_status":"open","ping_status":"open","sticky":false,"template":"","format":"standard","meta":{"footnotes":""},"categories":[33,25],"tags":[1050],"class_list":["post-10814","post","type-post","status-publish","format-standard","has-post-thumbnail","hentry","category-nacionales","category-politica","tag-elecciones-2025"],"_links":{"self":[{"href":"https:\/\/cafeprensa.com.ar\/index.php\/wp-json\/wp\/v2\/posts\/10814","targetHints":{"allow":["GET"]}}],"collection":[{"href":"https:\/\/cafeprensa.com.ar\/index.php\/wp-json\/wp\/v2\/posts"}],"about":[{"href":"https:\/\/cafeprensa.com.ar\/index.php\/wp-json\/wp\/v2\/types\/post"}],"author":[{"embeddable":true,"href":"https:\/\/cafeprensa.com.ar\/index.php\/wp-json\/wp\/v2\/users\/2"}],"replies":[{"embeddable":true,"href":"https:\/\/cafeprensa.com.ar\/index.php\/wp-json\/wp\/v2\/comments?post=10814"}],"version-history":[{"count":3,"href":"https:\/\/cafeprensa.com.ar\/index.php\/wp-json\/wp\/v2\/posts\/10814\/revisions"}],"predecessor-version":[{"id":10818,"href":"https:\/\/cafeprensa.com.ar\/index.php\/wp-json\/wp\/v2\/posts\/10814\/revisions\/10818"}],"wp:featuredmedia":[{"embeddable":true,"href":"https:\/\/cafeprensa.com.ar\/index.php\/wp-json\/wp\/v2\/media\/10815"}],"wp:attachment":[{"href":"https:\/\/cafeprensa.com.ar\/index.php\/wp-json\/wp\/v2\/media?parent=10814"}],"wp:term":[{"taxonomy":"category","embeddable":true,"href":"https:\/\/cafeprensa.com.ar\/index.php\/wp-json\/wp\/v2\/categories?post=10814"},{"taxonomy":"post_tag","embeddable":true,"href":"https:\/\/cafeprensa.com.ar\/index.php\/wp-json\/wp\/v2\/tags?post=10814"}],"curies":[{"name":"wp","href":"https:\/\/api.w.org\/{rel}","templated":true}]}}