{"id":10844,"date":"2025-08-28T12:59:14","date_gmt":"2025-08-28T10:59:14","guid":{"rendered":"https:\/\/cafeprensa.com.ar\/?p=10844"},"modified":"2025-08-28T12:59:14","modified_gmt":"2025-08-28T10:59:14","slug":"graneros-tiene-puente-nuevo-sobre-el-rio-marapa","status":"publish","type":"post","link":"https:\/\/cafeprensa.com.ar\/index.php\/2025\/08\/28\/graneros-tiene-puente-nuevo-sobre-el-rio-marapa\/","title":{"rendered":"Graneros tiene puente nuevo sobre el R\u00edo Marapa"},"content":{"rendered":"<div class=\"row ts-gutter-30 noticia\">\n<div class=\"col-lg-8 nota-left-section\">\n<div id=\"details-news-236599\" class=\"single-post\">\n<div class=\"post-content-area\">\n<div class=\"post-media\">\n<div class=\"post-header-area\">\n<p class=\"sumario\">La infraestructura vial une a la ciudad de Graneros con las localidades de La Tala, Taco Rodeo y Alto El Puesto.<img loading=\"lazy\" decoding=\"async\" class=\"alignnone wp-image-10846 size-large\" src=\"https:\/\/cafeprensa.com.ar\/wp-content\/uploads\/2025\/08\/250827204009_28796-1024x683.jpeg\" alt=\"\" width=\"1024\" height=\"683\" srcset=\"https:\/\/cafeprensa.com.ar\/wp-content\/uploads\/2025\/08\/250827204009_28796-1024x683.jpeg 1024w, https:\/\/cafeprensa.com.ar\/wp-content\/uploads\/2025\/08\/250827204009_28796-300x200.jpeg 300w, https:\/\/cafeprensa.com.ar\/wp-content\/uploads\/2025\/08\/250827204009_28796-768x512.jpeg 768w, https:\/\/cafeprensa.com.ar\/wp-content\/uploads\/2025\/08\/250827204009_28796.jpeg 1032w\" sizes=\"auto, (max-width: 1024px) 100vw, 1024px\" \/><\/p>\n<\/div>\n<\/div>\n<div class=\"articleBody\">\n<p id=\"isPasted\" data-start=\"165\" data-end=\"343\">El gobernador,\u00a0<strong data-start=\"180\" data-end=\"197\">Osvaldo Jaldo<\/strong>, dej\u00f3 inaugurado este mi\u00e9rcoles el nuevo puente sobre el\u00a0<strong data-start=\"255\" data-end=\"269\">r\u00edo Marapa<\/strong>, una obra clave para mejorar la conectividad en el sur de la provincia.<\/p>\n<p data-start=\"345\" data-end=\"565\">La infraestructura vial une a la ciudad de\u00a0<strong data-start=\"388\" data-end=\"400\">Graneros<\/strong>\u00a0con las localidades de\u00a0<strong data-start=\"424\" data-end=\"464\">La Tala, Taco Rodeo y Alto El Puesto<\/strong>, garantizando un tr\u00e1nsito m\u00e1s \u00e1gil y seguro para vecinos, productores y transportistas de la zona.\u00a0<strong>La inversi\u00f3n supera los 900 millones de pesos.<img loading=\"lazy\" decoding=\"async\" class=\"alignnone wp-image-10849 size-large\" src=\"https:\/\/cafeprensa.com.ar\/wp-content\/uploads\/2025\/08\/250827204913_81405-1024x576.jpeg\" alt=\"\" width=\"1024\" height=\"576\" srcset=\"https:\/\/cafeprensa.com.ar\/wp-content\/uploads\/2025\/08\/250827204913_81405-1024x576.jpeg 1024w, https:\/\/cafeprensa.com.ar\/wp-content\/uploads\/2025\/08\/250827204913_81405-300x169.jpeg 300w, https:\/\/cafeprensa.com.ar\/wp-content\/uploads\/2025\/08\/250827204913_81405-768x432.jpeg 768w, https:\/\/cafeprensa.com.ar\/wp-content\/uploads\/2025\/08\/250827204913_81405-390x220.jpeg 390w, https:\/\/cafeprensa.com.ar\/wp-content\/uploads\/2025\/08\/250827204913_81405.jpeg 1280w\" sizes=\"auto, (max-width: 1024px) 100vw, 1024px\" \/><\/strong><\/p>\n<p data-start=\"567\" data-end=\"978\">El mandatario provincial estuvo acompa\u00f1ado por el\u00a0ministro del Interior<strong data-start=\"617\" data-end=\"658\">, Dar\u00edo Monteros<\/strong>;\u00a0<strong data-start=\"663\" data-end=\"702\">\u00a0<\/strong>de Salud<strong data-start=\"663\" data-end=\"702\">, Luis Medina Ruiz<\/strong>; la\u00a0diputada naciona<strong data-start=\"707\" data-end=\"742\">l Gladys Medina<\/strong>; el\u00a0vicepresidente primero de la Honorable Legislatura<strong data-start=\"747\" data-end=\"815\">, Aldo Salom\u00f3n<\/strong>; los\u00a0intendentes de Graneros,<strong data-start=\"820\" data-end=\"863\">\u00a0Raquel Graneros<\/strong>; de Aguilares,\u00a0<strong>Gimena Mansilla;<\/strong>\u00a0de Alderetes,\u00a0<strong>Graciela Guti\u00e9rrez<\/strong>, de Simoca,\u00a0<strong>Elvio Salazar;<\/strong>\u00a0adem\u00e1s de los legisladores\u00a0<strong>Alejandra Cejas, Cacho Gomez, Walter Herrera, Leopoldo Rodr\u00edguez, Nancy Bulacios, Javier Noguera, Alejandro Figueroa<\/strong>, concejales y comisionados comunales.<\/p>\n<p data-start=\"567\" data-end=\"978\"><img decoding=\"async\" class=\"img-responsive\" src=\"https:\/\/www.comunicaciontucuman.gob.ar\/fotos\/notas\/2025\/08\/27\/250827204834_30889.jpeg\" \/><\/p>\n<p data-start=\"980\" data-end=\"1243\">Con la puesta en funcionamiento del puente, se busca no solo\u00a0<strong data-start=\"1041\" data-end=\"1096\">optimizar la comunicaci\u00f3n entre localidades vecinas<\/strong>, sino tambi\u00e9n\u00a0<strong data-start=\"1111\" data-end=\"1174\">favorecer el desarrollo productivo y econ\u00f3mico de la regi\u00f3n<\/strong>, al facilitar el acceso a rutas y centros urbanos de mayor escala. El gobernador record\u00f3 que en menos de dos a\u00f1os de gesti\u00f3n se avanz\u00f3 en infraestructura clave como \u201cla ampliaci\u00f3n de establecimientos educativos para garantizar presencialidad plena\u201d.<\/p>\n<p>En Seguridad, \u201chubo una reducci\u00f3n de \u00edndices delictivos y ampliaci\u00f3n del sistema penitenciario, que pas\u00f3 de 1.200 a 3.000 plazas\u201d. Mientras que, en obras p\u00fablicas, \u201cmejoramos en rutas provinciales, construcci\u00f3n de escuelas y nuevas c\u00e1rceles\u201d.<\/p>\n<p><img decoding=\"async\" class=\"img-responsive\" src=\"https:\/\/www.comunicaciontucuman.gob.ar\/fotos\/notas\/2025\/08\/27\/250827204857_80814.jpeg\" \/><\/p>\n<p>Por su parte, Monteros afirm\u00f3 que<strong> \u00abhoy celebramos una obra que no solo mejora la conectividad, sino que tambi\u00e9n facilita el acceso a servicios esenciales como la salud y la educaci\u00f3n\u00bb,<\/strong> afirm\u00f3.<\/p>\n<p>Medina elogi\u00f3 el trabajo de la intendenta y la legisladora local, quienes han sido fundamentales en la gesti\u00f3n de este proyecto. \u00abEstas obras son una inversi\u00f3n del gobierno provincial que piensa en el progreso y avance de sus ciudades y pueblos\u00bb, agreg\u00f3. Medina subray\u00f3 que el nuevo puente facilitar\u00e1 la conectividad para los vecinos, permitiendo a los ni\u00f1os asistir a la escuela y mejorando la relaci\u00f3n entre las comunidades.<\/p>\n<p><img loading=\"lazy\" decoding=\"async\" class=\"alignnone wp-image-10845 size-large\" src=\"https:\/\/cafeprensa.com.ar\/wp-content\/uploads\/2025\/08\/250827203938_16195-1024x682.jpeg\" alt=\"\" width=\"1024\" height=\"682\" srcset=\"https:\/\/cafeprensa.com.ar\/wp-content\/uploads\/2025\/08\/250827203938_16195-1024x682.jpeg 1024w, https:\/\/cafeprensa.com.ar\/wp-content\/uploads\/2025\/08\/250827203938_16195-300x200.jpeg 300w, https:\/\/cafeprensa.com.ar\/wp-content\/uploads\/2025\/08\/250827203938_16195-768x512.jpeg 768w, https:\/\/cafeprensa.com.ar\/wp-content\/uploads\/2025\/08\/250827203938_16195-1536x1023.jpeg 1536w, https:\/\/cafeprensa.com.ar\/wp-content\/uploads\/2025\/08\/250827203938_16195.jpeg 1600w\" sizes=\"auto, (max-width: 1024px) 100vw, 1024px\" \/><\/p>\n<p>Noguera manifest\u00f3 que <strong>\u00abeste momento es hist\u00f3rico para nuestra comunidad, ya que el puente no solo representa una obra de gran envergadura, sino que tambi\u00e9n facilita el acceso a la salud, la educaci\u00f3n y la recreaci\u00f3n para los vecinos que durante a\u00f1os han estado postergados\u00bb.<\/strong><\/p>\n<p>El legislador, expres\u00f3 que \u00abeste puente es un punto de encuentro y uni\u00f3n que beneficiar\u00e1 a todos, especialmente a aquellos que han enfrentado dificultades para cruzar el r\u00edo que divide nuestras comunidades\u00bb, agreg\u00f3.<\/p>\n<p><strong>La intendenta Graneros dijo que \u201cestoy muy feliz por esta obra, despu\u00e9s de tantos a\u00f1os poder realizar esta obra es muy gratificante\u201d.<\/strong><\/p>\n<\/div>\n<\/div>\n<\/div>\n<\/div>\n<\/div>\n","protected":false},"excerpt":{"rendered":"<p>La infraestructura vial une a la ciudad de Graneros con las localidades de La Tala, Taco Rodeo y Alto El Puesto. El gobernador,\u00a0Osvaldo Jaldo, dej\u00f3 inaugurado este mi\u00e9rcoles el nuevo puente sobre el\u00a0r\u00edo Marapa, una obra clave para mejorar la conectividad en el sur de la provincia. La infraestructura vial une a la ciudad de\u00a0Graneros\u00a0con &hellip;<\/p>\n","protected":false},"author":2,"featured_media":10847,"comment_status":"open","ping_status":"open","sticky":false,"template":"","format":"standard","meta":{"footnotes":""},"categories":[54,34],"tags":[2419,94,2418,2417],"class_list":["post-10844","post","type-post","status-publish","format-standard","has-post-thumbnail","hentry","category-interes-ganeral","category-locales","tag-graberos","tag-jaldo","tag-puente","tag-rio-marapa"],"_links":{"self":[{"href":"https:\/\/cafeprensa.com.ar\/index.php\/wp-json\/wp\/v2\/posts\/10844","targetHints":{"allow":["GET"]}}],"collection":[{"href":"https:\/\/cafeprensa.com.ar\/index.php\/wp-json\/wp\/v2\/posts"}],"about":[{"href":"https:\/\/cafeprensa.com.ar\/index.php\/wp-json\/wp\/v2\/types\/post"}],"author":[{"embeddable":true,"href":"https:\/\/cafeprensa.com.ar\/index.php\/wp-json\/wp\/v2\/users\/2"}],"replies":[{"embeddable":true,"href":"https:\/\/cafeprensa.com.ar\/index.php\/wp-json\/wp\/v2\/comments?post=10844"}],"version-history":[{"count":2,"href":"https:\/\/cafeprensa.com.ar\/index.php\/wp-json\/wp\/v2\/posts\/10844\/revisions"}],"predecessor-version":[{"id":10851,"href":"https:\/\/cafeprensa.com.ar\/index.php\/wp-json\/wp\/v2\/posts\/10844\/revisions\/10851"}],"wp:featuredmedia":[{"embeddable":true,"href":"https:\/\/cafeprensa.com.ar\/index.php\/wp-json\/wp\/v2\/media\/10847"}],"wp:attachment":[{"href":"https:\/\/cafeprensa.com.ar\/index.php\/wp-json\/wp\/v2\/media?parent=10844"}],"wp:term":[{"taxonomy":"category","embeddable":true,"href":"https:\/\/cafeprensa.com.ar\/index.php\/wp-json\/wp\/v2\/categories?post=10844"},{"taxonomy":"post_tag","embeddable":true,"href":"https:\/\/cafeprensa.com.ar\/index.php\/wp-json\/wp\/v2\/tags?post=10844"}],"curies":[{"name":"wp","href":"https:\/\/api.w.org\/{rel}","templated":true}]}}