{"id":10852,"date":"2025-08-28T13:10:17","date_gmt":"2025-08-28T11:10:17","guid":{"rendered":"https:\/\/cafeprensa.com.ar\/?p=10852"},"modified":"2025-08-28T13:10:40","modified_gmt":"2025-08-28T11:10:40","slug":"el-ministro-masso-visito-la-ciudad-de-concepcion","status":"publish","type":"post","link":"https:\/\/cafeprensa.com.ar\/index.php\/2025\/08\/28\/el-ministro-masso-visito-la-ciudad-de-concepcion\/","title":{"rendered":"El Ministro Masso, visit\u00f3 la ciudad de Concepci\u00f3n"},"content":{"rendered":"<div class=\"td-post-header\">\n<header class=\"td-post-title\">\n<div class=\"td-module-meta-info\">Como ya es habitual, durante su gesti\u00f3n, el Ministro de Desarrollo, <strong><span class=\"html-span xdj266r x14z9mp xat24cr x1lziwak xexx8yu xyri2b x18d9i69 x1c1uobl x1hl2dhg x16tdsg8 x1vvkbs\">Federico Masso<\/span><\/strong>\u00a0recorri\u00f3 las instalaciones del DCI <strong>25 de Mayo ubicado en Concepci\u00f3n,<\/strong> donde fue recibido por la directora,\u00a0<strong>Leyla Ramad\u00e1n<\/strong><\/div>\n<\/header>\n<\/div>\n<div class=\"td-post-content\">\n<div class=\"x14z9mp xat24cr x1lziwak x1vvkbs xtlvy1s x126k92a\">\n<div dir=\"auto\">Durante su estad\u00eda, hizo un recorrido por las instalaciones y se inform\u00f3 sobre las necesidades y las acciones futuras para mejorar la atenci\u00f3n de los menores.<img loading=\"lazy\" decoding=\"async\" class=\"alignnone wp-image-10855 size-large\" src=\"https:\/\/cafeprensa.com.ar\/wp-content\/uploads\/2025\/08\/WhatsApp-Image-2025-08-20-at-9.04.58-PM-2-1068x713-1-1024x684.jpeg\" alt=\"\" width=\"1024\" height=\"684\" srcset=\"https:\/\/cafeprensa.com.ar\/wp-content\/uploads\/2025\/08\/WhatsApp-Image-2025-08-20-at-9.04.58-PM-2-1068x713-1-1024x684.jpeg 1024w, https:\/\/cafeprensa.com.ar\/wp-content\/uploads\/2025\/08\/WhatsApp-Image-2025-08-20-at-9.04.58-PM-2-1068x713-1-300x200.jpeg 300w, https:\/\/cafeprensa.com.ar\/wp-content\/uploads\/2025\/08\/WhatsApp-Image-2025-08-20-at-9.04.58-PM-2-1068x713-1-768x513.jpeg 768w, https:\/\/cafeprensa.com.ar\/wp-content\/uploads\/2025\/08\/WhatsApp-Image-2025-08-20-at-9.04.58-PM-2-1068x713-1.jpeg 1068w\" sizes=\"auto, (max-width: 1024px) 100vw, 1024px\" \/><\/div>\n<div dir=\"auto\"><strong>En este Dispositivo se encuentran residiendo 24 ni\u00f1os y ni\u00f1as, 2 de la cuales tienen discapacidad y cuentan con un cuidado especial<\/strong><\/div>\n<\/div>\n<div class=\"x14z9mp xat24cr x1lziwak x1vvkbs xtlvy1s x126k92a\">\n<div dir=\"auto\"><strong>Adem\u00e1s, durante su permanencia dialog\u00f3 con los empleados, quienes se acercaron para manifestarle al ministro sus inquietudes laborales. Fue un di\u00e1logo ameno, con claridad en las solicitudes y en las respuestas.<img loading=\"lazy\" decoding=\"async\" class=\"alignnone wp-image-10854 size-large\" src=\"https:\/\/cafeprensa.com.ar\/wp-content\/uploads\/2025\/08\/WhatsApp-Image-2025-08-20-at-9.04.58-PM-1024x684.jpeg\" alt=\"\" width=\"1024\" height=\"684\" srcset=\"https:\/\/cafeprensa.com.ar\/wp-content\/uploads\/2025\/08\/WhatsApp-Image-2025-08-20-at-9.04.58-PM-1024x684.jpeg 1024w, https:\/\/cafeprensa.com.ar\/wp-content\/uploads\/2025\/08\/WhatsApp-Image-2025-08-20-at-9.04.58-PM-300x200.jpeg 300w, https:\/\/cafeprensa.com.ar\/wp-content\/uploads\/2025\/08\/WhatsApp-Image-2025-08-20-at-9.04.58-PM-768x513.jpeg 768w, https:\/\/cafeprensa.com.ar\/wp-content\/uploads\/2025\/08\/WhatsApp-Image-2025-08-20-at-9.04.58-PM-1536x1025.jpeg 1536w, https:\/\/cafeprensa.com.ar\/wp-content\/uploads\/2025\/08\/WhatsApp-Image-2025-08-20-at-9.04.58-PM.jpeg 1600w\" sizes=\"auto, (max-width: 1024px) 100vw, 1024px\" \/><\/strong><\/div>\n<div dir=\"auto\">Masso, se expres\u00f3:\u00a0<em><strong>\u00abMuy contento en primer lugar ustedes han podido apreciar con el cari\u00f1o y el afecto y la vocaci\u00f3n de servicio que hemos visto lo m\u00e1s importante de las ni\u00f1as y ni\u00f1as que est\u00e1n bajo nuestro cuidado ac\u00e1. Uno ve cuando realmente el equipo pone lo que hay que poner. Para realmente estas ni\u00f1as y ni\u00f1os puedan. Lo que no han podido tener en su casa por distintos motivos lo tengan ac\u00e1 y hoy lo hemos visto\u00bb. <img loading=\"lazy\" decoding=\"async\" class=\"alignnone wp-image-10853 size-large\" src=\"https:\/\/cafeprensa.com.ar\/wp-content\/uploads\/2025\/08\/WhatsApp-Image-2025-08-20-at-9.04.57-PM-1024x684.jpeg\" alt=\"\" width=\"1024\" height=\"684\" srcset=\"https:\/\/cafeprensa.com.ar\/wp-content\/uploads\/2025\/08\/WhatsApp-Image-2025-08-20-at-9.04.57-PM-1024x684.jpeg 1024w, https:\/\/cafeprensa.com.ar\/wp-content\/uploads\/2025\/08\/WhatsApp-Image-2025-08-20-at-9.04.57-PM-300x200.jpeg 300w, https:\/\/cafeprensa.com.ar\/wp-content\/uploads\/2025\/08\/WhatsApp-Image-2025-08-20-at-9.04.57-PM-768x513.jpeg 768w, https:\/\/cafeprensa.com.ar\/wp-content\/uploads\/2025\/08\/WhatsApp-Image-2025-08-20-at-9.04.57-PM-1536x1025.jpeg 1536w, https:\/\/cafeprensa.com.ar\/wp-content\/uploads\/2025\/08\/WhatsApp-Image-2025-08-20-at-9.04.57-PM.jpeg 1600w\" sizes=\"auto, (max-width: 1024px) 100vw, 1024px\" \/><\/strong><\/em><\/div>\n<\/div>\n<div dir=\"auto\">Y sostuvo:<em><strong>\u00a0\u00abEste es el estado presente, que venimos trabajando hace un a\u00f1o y diez meses, y que no nos vamos a correr un cent\u00edmetro porque en tiempos de crisis econ\u00f3mica y social, el estado es el igualador de oportunidades, y cuando uno ve estos 23 ni\u00f1os y ni\u00f1as que realmente nos cuentan que hoy han ido a la escuela, que est\u00e1n haciendo los deberes, que los tratan bien, bueno, qu\u00e9 m\u00e1s que seguir trabajando 14 horas por d\u00eda para que ellos tengan un futuro, la Argentina es un pa\u00eds con grandes riquezas y realmente esta ni\u00f1ez se merece, el futuro que les corresponde y ese futuro es el que le debemos moldear a trav\u00e9s de la educaci\u00f3n, a trav\u00e9s de la salud y sobre todo de la contenci\u00f3n afectiva que es lo que le brindamos ac\u00e1 durante su paso por el Centro de Cuidados 25 de Mayo en esta querida ciudad de Concepci\u00f3n\u00bb.<\/strong><\/em><\/div>\n<div dir=\"auto\"><\/div>\n<div dir=\"auto\">Ramad\u00e1n, indic\u00f3:<strong><em>\u00a0\u00abMuy orgullosos, de tenerlo ac\u00e1 en nuestra casa. Complacidos de recibirlo, y lo esperamos, esta es la primera de muchas oportunidades que queremos que concurra, al hogar. Ya hicimos los pedidos correspondientes de las necesidades que tenemos, nos dijo que prontamente vamos a tener una respuesta favorable a nuestros pedidos, contentas digamos que se vaya mejorando todo y darles a los chicos la mejor calidad de vida que es lo importante y por lo que velamos digamos todo lo que trabajamos ac\u00e1 en esta instituci\u00f3n\u00bb.<\/em><\/strong><\/div>\n<div dir=\"auto\"><\/div>\n<div class=\"x14z9mp xat24cr x1lziwak x1vvkbs xtlvy1s x126k92a\">\n<div dir=\"auto\">Siguiendo los lineamientos de cuidado del Gobierno Provincial que encabeza\u00a0<strong><span class=\"html-span xdj266r x14z9mp xat24cr x1lziwak xexx8yu xyri2b x18d9i69 x1c1uobl x1hl2dhg x16tdsg8 x1vvkbs\">Osvaldo Jaldo<\/span><\/strong>, desde Desarrollo Social, se trabaja permanentemente para seguir dando una buena calidad de vida las personas que se encuentran en los Dispositivos de Cuidado Institucional.<\/div>\n<\/div>\n<\/div>\n<footer>\n<div class=\"td-post-sharing td-post-sharing-bottom \">\n<div class=\"td-default-sharing\"><\/div>\n<\/div>\n<\/footer>\n","protected":false},"excerpt":{"rendered":"<p>Como ya es habitual, durante su gesti\u00f3n, el Ministro de Desarrollo, Federico Masso\u00a0recorri\u00f3 las instalaciones del DCI 25 de Mayo ubicado en Concepci\u00f3n, donde fue recibido por la directora,\u00a0Leyla Ramad\u00e1n Durante su estad\u00eda, hizo un recorrido por las instalaciones y se inform\u00f3 sobre las necesidades y las acciones futuras para mejorar la atenci\u00f3n de los &hellip;<\/p>\n","protected":false},"author":2,"featured_media":10856,"comment_status":"open","ping_status":"open","sticky":false,"template":"","format":"standard","meta":{"footnotes":""},"categories":[34,25],"tags":[230],"class_list":["post-10852","post","type-post","status-publish","format-standard","has-post-thumbnail","hentry","category-locales","category-politica","tag-federico-masso"],"_links":{"self":[{"href":"https:\/\/cafeprensa.com.ar\/index.php\/wp-json\/wp\/v2\/posts\/10852","targetHints":{"allow":["GET"]}}],"collection":[{"href":"https:\/\/cafeprensa.com.ar\/index.php\/wp-json\/wp\/v2\/posts"}],"about":[{"href":"https:\/\/cafeprensa.com.ar\/index.php\/wp-json\/wp\/v2\/types\/post"}],"author":[{"embeddable":true,"href":"https:\/\/cafeprensa.com.ar\/index.php\/wp-json\/wp\/v2\/users\/2"}],"replies":[{"embeddable":true,"href":"https:\/\/cafeprensa.com.ar\/index.php\/wp-json\/wp\/v2\/comments?post=10852"}],"version-history":[{"count":2,"href":"https:\/\/cafeprensa.com.ar\/index.php\/wp-json\/wp\/v2\/posts\/10852\/revisions"}],"predecessor-version":[{"id":10858,"href":"https:\/\/cafeprensa.com.ar\/index.php\/wp-json\/wp\/v2\/posts\/10852\/revisions\/10858"}],"wp:featuredmedia":[{"embeddable":true,"href":"https:\/\/cafeprensa.com.ar\/index.php\/wp-json\/wp\/v2\/media\/10856"}],"wp:attachment":[{"href":"https:\/\/cafeprensa.com.ar\/index.php\/wp-json\/wp\/v2\/media?parent=10852"}],"wp:term":[{"taxonomy":"category","embeddable":true,"href":"https:\/\/cafeprensa.com.ar\/index.php\/wp-json\/wp\/v2\/categories?post=10852"},{"taxonomy":"post_tag","embeddable":true,"href":"https:\/\/cafeprensa.com.ar\/index.php\/wp-json\/wp\/v2\/tags?post=10852"}],"curies":[{"name":"wp","href":"https:\/\/api.w.org\/{rel}","templated":true}]}}