{"id":10876,"date":"2025-08-28T16:40:42","date_gmt":"2025-08-28T14:40:42","guid":{"rendered":"https:\/\/cafeprensa.com.ar\/?p=10876"},"modified":"2025-08-28T16:40:42","modified_gmt":"2025-08-28T14:40:42","slug":"el-pj-analiza-llevar-el-caso-de-cristina-a-la-onu-quieren-que-sea-candidata-en-2027","status":"publish","type":"post","link":"https:\/\/cafeprensa.com.ar\/index.php\/2025\/08\/28\/el-pj-analiza-llevar-el-caso-de-cristina-a-la-onu-quieren-que-sea-candidata-en-2027\/","title":{"rendered":"El PJ analiza llevar el caso de Cristina a la ONU: quieren que sea candidata en 2027"},"content":{"rendered":"<div class=\"nota-header\">\n<div id=\"title-news\" class=\"title\">Impulsar\u00e1n la creaci\u00f3n de comit\u00e9s \u00abCristina Libre\u00bb en todo el mundo.<\/div>\n<\/div>\n<div class=\"zleft z75\">\n<div id=\"vsmcontent\" class=\"body vsmcontent\">\n<p><strong>El peronismo avanza con la campa\u00f1a Cristina Libre y buscan que la ex presidenta tenga la posibilidad de competir en las elecciones de 2027.<img loading=\"lazy\" decoding=\"async\" class=\"alignnone wp-image-10877 size-full\" src=\"https:\/\/cafeprensa.com.ar\/wp-content\/uploads\/2025\/08\/11-1jpg.webp\" alt=\"\" width=\"1000\" height=\"560\" srcset=\"https:\/\/cafeprensa.com.ar\/wp-content\/uploads\/2025\/08\/11-1jpg.webp 1000w, https:\/\/cafeprensa.com.ar\/wp-content\/uploads\/2025\/08\/11-1jpg-300x168.webp 300w, https:\/\/cafeprensa.com.ar\/wp-content\/uploads\/2025\/08\/11-1jpg-768x430.webp 768w\" sizes=\"auto, (max-width: 1000px) 100vw, 1000px\" \/><\/strong><\/p>\n<p>La campa\u00f1a tiene dos v\u00edas: una judicial y otra pol\u00edtica. En el Comit\u00e9 describen la condena contra la ex presidenta como un <strong>\u00abdeterioro de la democracia y del estado de Derecho\u00bb<\/strong> en la Argentina y buscan instalar el reclamo por la proscripci\u00f3n en todo el mundo.<\/p>\n<p><strong>\u00abEn ning\u00fan pa\u00eds del mundo consideran como algo normal que la principal l\u00edder de la oposici\u00f3n est\u00e9 presa\u00bb<\/strong>, se\u00f1alaron desde el peronismo.<\/p>\n<p>El Comit\u00e9 fue invitado a participar en la Marcha de la Paz en Italia, en donde el tema principal ser\u00e1 la situaci\u00f3n en Palestina. Para el 17 de octubre est\u00e1 previsto lanzar el comit\u00e9 Cristina Libre de Madrid.<\/p>\n<p>\u00abHay miles argentinos viviendo en el exterior y muchos nos preguntan c\u00f3mo colaborar con la campa\u00f1a. La idea es nuclear el reclamo en comit\u00e9s ciudadanos en distintos pa\u00edses\u00bb, explicaron en el PJ. Otra de las ideas es llevar la demanda por la liberaci\u00f3n de Cristina a universidades de EEUU y Europa a trav\u00e9s de acad\u00e9micos argentinos.<\/p>\n<p>En el justicialismo ven un espejo con la situaci\u00f3n que vivi\u00f3 Lula en Brasil, que fue liberado tras cumplir 18 meses de una condena a 12 a\u00f1os. Creen que el deterioro de la imagen de Javier Milei, al igual que sucedi\u00f3 con Jair Bolsonaro, puede hacer que el Comit\u00e9 reciba apoyos que en otro contexto ser\u00edan inesperados.<\/p>\n<p>Si bien reconocen que existen en el mundo prejuicios contra el peronismo y que ser\u00e1 complicado erradicar la idea que existe en el hemisferio norte sobre la corrupci\u00f3n en pa\u00edses del tercer mundo, tambi\u00e9n destacan que la Argentina es una de las naciones m\u00e1s respetadas en cuestiones de Derechos Humanos.<\/p>\n<figure class=\"vsmimage\" contenteditable=\"false\"><img loading=\"lazy\" decoding=\"async\" id=\"vsmv91742v37\" src=\"https:\/\/www.lapoliticaonline.com\/files\/image\/259\/259969\/6866cb72932a8_798_526!.jpg?s=f09094d19791a3222db945ee5c7e06c1&amp;d=1751567220\" alt=\"En encuentro entre Cristina y Lula fue el comienzo de la campa\u00f1a.\" width=\"798\" height=\"526\" data-vsmid=\"259969\" data-owidth=\"1280\" data-oheight=\"853\" data-index=\"0\" \/><\/p>\n<div class=\"media-footer gallery\">\n<div class=\"caption\">En encuentro entre Cristina y Lula fue el comienzo de la campa\u00f1a.<\/div>\n<\/div>\n<\/figure>\n<p>En paralelo, en el Comit\u00e9 prestar\u00e1n la causa en tribunales internacionales. \u00abHay dos caminos y a\u00fan no se decidi\u00f3 cu\u00e1l seguir. Uno es ir a trav\u00e9s del sistema interamericano y el otro v\u00eda el sistema de Naciones Unidas\u00bb, explicaron.<\/p>\n<p><strong>Aclararon que el recurso no puede presentarse en la Comisi\u00f3n Interamericana de Derechos Humanos y en Naciones Unidas al mismo tiempo. \u00abHay cuestiones geopol\u00edticas y jur\u00eddicas a considerar antes de avanzar en uno o en otro\u00bb, dijeron. El comit\u00e9 est\u00e1 encabezado por Jorge Taiana, Oscar Parrilli, Juan Mart\u00edn Mena, Horacio Pietragalla, Franco Metaza, parlamentario del Mercosur, y Soledad Magno, secretaria de Integraci\u00f3n Regional del PJ. Tambi\u00e9n participan los abogados de Cristina Kirchner.<\/strong><\/p>\n<p>En el partido mencionaron la importancia de exponer la detenci\u00f3n y proscripci\u00f3n de la ex presidenta en los cuatro parlamentos latinoamericanos y adelantaron que habr\u00e1 novedades en la pr\u00f3xima sesi\u00f3n del Parlasur. Desde el PJ se mostraron conformes con el apoyo al reclamo de <strong>los gobiernos Brasil, M\u00e9xico y Colombia<\/strong>, que son junto con la Argentina, las principales econom\u00edas del continente. Tambi\u00e9n destacaron la predisposici\u00f3n bloques socialista, verde y de izquierda del parlamento europeo y de<strong> su vicepresidente, Javi L\u00f3pez.<\/strong><\/p>\n<p><strong>El 18 y 19 de septiembre se realizar\u00e1 en la Argentina la reuni\u00f3n del board de la Alianza Progresista, que re\u00fane a partidos socialistas de todo el mundo. Si bien el peronismo no forma parte de la alianza, el Comit\u00e9 fue invitado a exponer el caso de Cristina Kirchner.<\/strong><\/p>\n<\/div>\n<\/div>\n","protected":false},"excerpt":{"rendered":"<p>Impulsar\u00e1n la creaci\u00f3n de comit\u00e9s \u00abCristina Libre\u00bb en todo el mundo. El peronismo avanza con la campa\u00f1a Cristina Libre y buscan que la ex presidenta tenga la posibilidad de competir en las elecciones de 2027. La campa\u00f1a tiene dos v\u00edas: una judicial y otra pol\u00edtica. En el Comit\u00e9 describen la condena contra la ex presidenta &hellip;<\/p>\n","protected":false},"author":2,"featured_media":10878,"comment_status":"open","ping_status":"open","sticky":false,"template":"","format":"standard","meta":{"footnotes":""},"categories":[33,25],"tags":[1902],"class_list":["post-10876","post","type-post","status-publish","format-standard","has-post-thumbnail","hentry","category-nacionales","category-politica","tag-cristina-2025"],"_links":{"self":[{"href":"https:\/\/cafeprensa.com.ar\/index.php\/wp-json\/wp\/v2\/posts\/10876","targetHints":{"allow":["GET"]}}],"collection":[{"href":"https:\/\/cafeprensa.com.ar\/index.php\/wp-json\/wp\/v2\/posts"}],"about":[{"href":"https:\/\/cafeprensa.com.ar\/index.php\/wp-json\/wp\/v2\/types\/post"}],"author":[{"embeddable":true,"href":"https:\/\/cafeprensa.com.ar\/index.php\/wp-json\/wp\/v2\/users\/2"}],"replies":[{"embeddable":true,"href":"https:\/\/cafeprensa.com.ar\/index.php\/wp-json\/wp\/v2\/comments?post=10876"}],"version-history":[{"count":1,"href":"https:\/\/cafeprensa.com.ar\/index.php\/wp-json\/wp\/v2\/posts\/10876\/revisions"}],"predecessor-version":[{"id":10879,"href":"https:\/\/cafeprensa.com.ar\/index.php\/wp-json\/wp\/v2\/posts\/10876\/revisions\/10879"}],"wp:featuredmedia":[{"embeddable":true,"href":"https:\/\/cafeprensa.com.ar\/index.php\/wp-json\/wp\/v2\/media\/10878"}],"wp:attachment":[{"href":"https:\/\/cafeprensa.com.ar\/index.php\/wp-json\/wp\/v2\/media?parent=10876"}],"wp:term":[{"taxonomy":"category","embeddable":true,"href":"https:\/\/cafeprensa.com.ar\/index.php\/wp-json\/wp\/v2\/categories?post=10876"},{"taxonomy":"post_tag","embeddable":true,"href":"https:\/\/cafeprensa.com.ar\/index.php\/wp-json\/wp\/v2\/tags?post=10876"}],"curies":[{"name":"wp","href":"https:\/\/api.w.org\/{rel}","templated":true}]}}