{"id":10885,"date":"2025-08-30T14:32:43","date_gmt":"2025-08-30T12:32:43","guid":{"rendered":"https:\/\/cafeprensa.com.ar\/?p=10885"},"modified":"2025-08-30T14:32:43","modified_gmt":"2025-08-30T12:32:43","slug":"sanchez-y-el-peligro-de-los-radicales-libres","status":"publish","type":"post","link":"https:\/\/cafeprensa.com.ar\/index.php\/2025\/08\/30\/sanchez-y-el-peligro-de-los-radicales-libres\/","title":{"rendered":"S\u00e1nchez y el peligro de los \u201cradicales libres\u201d"},"content":{"rendered":"<p>En las elecciones de octubre 2025, el Frente Juntos por Tucum\u00e1n, liderado por el diputado radical Roberto S\u00e1nchez, enfrenta un desaf\u00edo crucial: alcanzar los 150.000 votos necesarios para poder asegurarse una banca en la C\u00e1mara de Diputados. Con encuestas que lo ubican por debajo del 10% de intenci\u00f3n de voto, el ex intendente de Concepci\u00f3n no puede permitirse ignorar, como ocurre con el cuerpo humano mismo, a los \u201cradicales libres\u201d que no forman parte del actual frente electoral conformado por socialistas y ex alfaristas.<\/p>\n<p>Dirigentes como los hermanos <strong>Agust\u00edn y Federico Romano Norri, Ariel Garc\u00eda<\/strong>, los hermanos <strong>Mend\u00eda, Luis Gonz\u00e1lez, Jos\u00e9 Luis Avignone, Teresita Villavicencio, Exequiel Luna<\/strong> y otros referentes hist\u00f3ricos que, seg\u00fan los resultados electorales de 2023, suman entre todos m\u00e1s de 30.000 votos. En un escenario electoral donde cada sufragio cuenta, estos votos son vitales para que S\u00e1nchez pueda pelear por alcanzar el umbral del 15%. Todo esto sumado a que <strong>Sebasti\u00e1n Salazar, Mariano Campero y Jos\u00e9 Seleme<\/strong> son radicales pero que ya juegan abiertamente con <strong>Javier Milei<\/strong>.<\/p>\n<p>Pero, al igual que los \u201cradicales libres\u201d que causan da\u00f1o en el organismo si no se controlan, estos radicales sueltos pueden desestabilizar el frente si no se integran estrat\u00e9gicamente.<\/p>\n<p>En el cuerpo humano, los radicales libres son mol\u00e9culas inestables que, al no estar neutralizadas, generan un efecto en cadena que da\u00f1a c\u00e9lulas y tejidos, acelerando el envejecimiento y debilitando el organismo. En el cuerpo pol\u00edtico de Juntos por Tucum\u00e1n, los radicales sueltos funcionan de manera similar: son fuerzas dispersas que, sin una direcci\u00f3n clara, pueden fragmentar la estructura del frente y debilitar sus chances electorales.<\/p>\n<p>En 2023, S\u00e1nchez obtuvo el 34,93% de los votos (unos 350.000) como candidato a gobernador por Juntos por el Cambio, pero la divisi\u00f3n actual del voto opositor, con Fuerza Republicana y CREO compitiendo por el mismo electorado, reduce su base. Los radicales sueltos, como los Romano Norri, con arraigo en la capital, o Ariel Garc\u00eda, con peso en la secci\u00f3n Oeste, representan un caudal que, seg\u00fan los n\u00fameros de 2023, superar\u00edan los 30.000 votos.<\/p>\n<p>El paralelismo es claro. As\u00ed como el cuerpo necesita antioxidantes para neutralizar los radicales libres y proteger su salud, S\u00e1nchez necesita una estrategia de unidad para incorporar a estos dirigentes y fortalecer su frente. Figuras como<strong> Luis Gonz\u00e1lez<\/strong>, ex intendente de Simoca, o el ex concejal<strong> Jos\u00e9 Luis Avignone<\/strong> aportan estructuras de poder que podr\u00edan ser decisivas. Teresita Villavicencio y Exequiel Luna, aunque menos prominentes, suman votos en circuitos clave.<\/p>\n<p>Sin embargo, la dispersi\u00f3n de estos radicales sueltos amenaza con oxidar las chances de Juntos por Tucum\u00e1n, especialmente en un contexto donde el peronismo de<strong> Osvaldo Jaldo<\/strong>, con su maquinaria electoral, apunta a los 450.000 votos y La Libertad Avanza (LLA) compite por el voto antiperonista. Si S\u00e1nchez no logra integrar a estos sectores, los 30.000 votos que representan podr\u00edan perderse en la fragmentaci\u00f3n.<\/p>\n<p>En las elecciones pasadas Juntos por el Cambio demostr\u00f3 que la unidad puede ser competitiva. El \u00e9xito del ex piloto de rally depende de su capacidad para recomponer la base radical y atraer a los desencantados de LLA y otros espacios opositores. En un escenario donde cada voto cuenta, S\u00e1nchez debe entender que la banca no se gana s\u00f3lo con su nombre, sino con la suma de todas las voluntades de correligionarios que, hoy por hoy, est\u00e1n fuera de su frente.<\/p>\n<p><strong>*Por Juan Pablo Dur\u00e1n &#8211; Consultor Pol\u00edtico\u00a0<\/strong><\/p>\n<p>&nbsp;<\/p>\n","protected":false},"excerpt":{"rendered":"<p>En las elecciones de octubre 2025, el Frente Juntos por Tucum\u00e1n, liderado por el diputado radical Roberto S\u00e1nchez, enfrenta un desaf\u00edo crucial: alcanzar los 150.000 votos necesarios para poder asegurarse una banca en la C\u00e1mara de Diputados. Con encuestas que lo ubican por debajo del 10% de intenci\u00f3n de voto, el ex intendente de Concepci\u00f3n &hellip;<\/p>\n","protected":false},"author":2,"featured_media":10886,"comment_status":"open","ping_status":"open","sticky":false,"template":"","format":"standard","meta":{"footnotes":""},"categories":[34],"tags":[1034,2426,2427,2424,2297,493,474,160,2425],"class_list":["post-10885","post","type-post","status-publish","format-standard","has-post-thumbnail","hentry","category-locales","tag-campero","tag-elecciones-nacionales","tag-intermedias-de-octubre","tag-locales","tag-radicales","tag-roberto-sanchez","tag-romano-norri","tag-tucuman","tag-ucr-tucuman"],"_links":{"self":[{"href":"https:\/\/cafeprensa.com.ar\/index.php\/wp-json\/wp\/v2\/posts\/10885","targetHints":{"allow":["GET"]}}],"collection":[{"href":"https:\/\/cafeprensa.com.ar\/index.php\/wp-json\/wp\/v2\/posts"}],"about":[{"href":"https:\/\/cafeprensa.com.ar\/index.php\/wp-json\/wp\/v2\/types\/post"}],"author":[{"embeddable":true,"href":"https:\/\/cafeprensa.com.ar\/index.php\/wp-json\/wp\/v2\/users\/2"}],"replies":[{"embeddable":true,"href":"https:\/\/cafeprensa.com.ar\/index.php\/wp-json\/wp\/v2\/comments?post=10885"}],"version-history":[{"count":1,"href":"https:\/\/cafeprensa.com.ar\/index.php\/wp-json\/wp\/v2\/posts\/10885\/revisions"}],"predecessor-version":[{"id":10887,"href":"https:\/\/cafeprensa.com.ar\/index.php\/wp-json\/wp\/v2\/posts\/10885\/revisions\/10887"}],"wp:featuredmedia":[{"embeddable":true,"href":"https:\/\/cafeprensa.com.ar\/index.php\/wp-json\/wp\/v2\/media\/10886"}],"wp:attachment":[{"href":"https:\/\/cafeprensa.com.ar\/index.php\/wp-json\/wp\/v2\/media?parent=10885"}],"wp:term":[{"taxonomy":"category","embeddable":true,"href":"https:\/\/cafeprensa.com.ar\/index.php\/wp-json\/wp\/v2\/categories?post=10885"},{"taxonomy":"post_tag","embeddable":true,"href":"https:\/\/cafeprensa.com.ar\/index.php\/wp-json\/wp\/v2\/tags?post=10885"}],"curies":[{"name":"wp","href":"https:\/\/api.w.org\/{rel}","templated":true}]}}