{"id":10894,"date":"2025-08-31T20:30:28","date_gmt":"2025-08-31T18:30:28","guid":{"rendered":"https:\/\/cafeprensa.com.ar\/?p=10894"},"modified":"2025-08-31T20:30:28","modified_gmt":"2025-08-31T18:30:28","slug":"colombres-nos-presenta-su-nuevo-libro-la-vida-misma-es-una-invitacion-a-hacer-algo-por-uno-mismo","status":"publish","type":"post","link":"https:\/\/cafeprensa.com.ar\/index.php\/2025\/08\/31\/colombres-nos-presenta-su-nuevo-libro-la-vida-misma-es-una-invitacion-a-hacer-algo-por-uno-mismo\/","title":{"rendered":"Colombres nos presenta su nuevo libro \u00abLa vida misma\u00bb: \u00abEs una invitaci\u00f3n a hacer algo por uno mismo\u00bb"},"content":{"rendered":"<p data-start=\"167\" data-end=\"363\">El escritor <strong>Domingo Jos\u00e9 Colombres<\/strong>, autor de <em data-start=\"212\" data-end=\"227\">La vida misma<\/em>, dialog\u00f3 con <em data-start=\"241\" data-end=\"254\">Caf\u00e9 Prensa<\/em> sobre su reciente obra. Adem\u00e1s, detall\u00f3 c\u00f3mo fue el proceso creativo del libro y el mensaje que transmite.<\/p>\n<p data-start=\"365\" data-end=\"960\">\u00abEsta obra viene con un mensaje que se plasma en un diario cotidiano. Surgi\u00f3 en medio de la pandemia, cuando me di cuenta de que ya no pensaba igual\u00bb, expres\u00f3 Colombres. \u00abViv\u00ed ciertas experiencias que se convirtieron en la gota que rebals\u00f3 el vaso. En alg\u00fan momento me consideraba un superhombre en el \u00e1mbito empresarial, hasta que enfrent\u00e9 problemas de salud que me llevaron a reflexionar. A partir de ah\u00ed hice un cambio importante y comenc\u00e9 con estas anotaciones que finalmente me dieron algo para contarle a las personas\u00bb, relat\u00f3 sobre la experiencia que lo impuls\u00f3 a escribir esta entrega.<\/p>\n<p data-start=\"962\" data-end=\"1261\">\u00abDe alguna manera te puedo decir que uno va aprendiendo. No es un manual de nada, pero es una invitaci\u00f3n a hacer algo por uno mismo\u00bb, reflexion\u00f3 el autor. \u00abEn este camino encontr\u00e9 la meditaci\u00f3n y el yoga, como una respuesta que estaba dentro m\u00edo. Esto es algo que depende de cada persona\u00bb, agreg\u00f3.<\/p>\n<p data-start=\"1263\" data-end=\"1588\">\u00abCualquier persona atraviesa dilemas en la vida y, muchas veces, se siente superada y se pregunta c\u00f3mo salir de ese trance\u00bb, se\u00f1al\u00f3. \u00abUno piensa que no tiene herramientas y se siente atolondrado. Esta lectura busca que, mediante la meditaci\u00f3n, cada uno pueda encontrar esas herramientas en su interior\u00bb, concluy\u00f3 Colombres.<\/p>\n<h4 data-start=\"1590\" data-end=\"1610\"><strong data-start=\"1590\" data-end=\"1608\">Sobre el autor<\/strong><\/h4>\n<p data-start=\"1612\" data-end=\"2026\">Domingo Jos\u00e9 Colombres es escritor, Contador P\u00fablico Nacional por la Universidad Nacional de Tucum\u00e1n, empresario, productor agropecuario, casado y padre de cuatro hijos. Presenta su primer libro, <em data-start=\"1808\" data-end=\"1823\">La vida misma<\/em>. Esta obra no es solo un libro: constituye el primer eslab\u00f3n de un proyecto m\u00e1s amplio que busca crear un espacio de formaci\u00f3n para acompa\u00f1ar y profundizar las experiencias que estas p\u00e1ginas proponen.<\/p>\n","protected":false},"excerpt":{"rendered":"<p>El escritor Domingo Jos\u00e9 Colombres, autor de La vida misma, dialog\u00f3 con Caf\u00e9 Prensa sobre su reciente obra. Adem\u00e1s, detall\u00f3 c\u00f3mo fue el proceso creativo del libro y el mensaje que transmite. \u00abEsta obra viene con un mensaje que se plasma en un diario cotidiano. Surgi\u00f3 en medio de la pandemia, cuando me di cuenta &hellip;<\/p>\n","protected":false},"author":2,"featured_media":10913,"comment_status":"open","ping_status":"open","sticky":false,"template":"","format":"standard","meta":{"footnotes":""},"categories":[34],"tags":[2439,2438,2437,708,160],"class_list":["post-10894","post","type-post","status-publish","format-standard","has-post-thumbnail","hentry","category-locales","tag-autor-tucumano","tag-jose-domingo-colombres","tag-la-vida-misma","tag-libro","tag-tucuman"],"_links":{"self":[{"href":"https:\/\/cafeprensa.com.ar\/index.php\/wp-json\/wp\/v2\/posts\/10894","targetHints":{"allow":["GET"]}}],"collection":[{"href":"https:\/\/cafeprensa.com.ar\/index.php\/wp-json\/wp\/v2\/posts"}],"about":[{"href":"https:\/\/cafeprensa.com.ar\/index.php\/wp-json\/wp\/v2\/types\/post"}],"author":[{"embeddable":true,"href":"https:\/\/cafeprensa.com.ar\/index.php\/wp-json\/wp\/v2\/users\/2"}],"replies":[{"embeddable":true,"href":"https:\/\/cafeprensa.com.ar\/index.php\/wp-json\/wp\/v2\/comments?post=10894"}],"version-history":[{"count":3,"href":"https:\/\/cafeprensa.com.ar\/index.php\/wp-json\/wp\/v2\/posts\/10894\/revisions"}],"predecessor-version":[{"id":10914,"href":"https:\/\/cafeprensa.com.ar\/index.php\/wp-json\/wp\/v2\/posts\/10894\/revisions\/10914"}],"wp:featuredmedia":[{"embeddable":true,"href":"https:\/\/cafeprensa.com.ar\/index.php\/wp-json\/wp\/v2\/media\/10913"}],"wp:attachment":[{"href":"https:\/\/cafeprensa.com.ar\/index.php\/wp-json\/wp\/v2\/media?parent=10894"}],"wp:term":[{"taxonomy":"category","embeddable":true,"href":"https:\/\/cafeprensa.com.ar\/index.php\/wp-json\/wp\/v2\/categories?post=10894"},{"taxonomy":"post_tag","embeddable":true,"href":"https:\/\/cafeprensa.com.ar\/index.php\/wp-json\/wp\/v2\/tags?post=10894"}],"curies":[{"name":"wp","href":"https:\/\/api.w.org\/{rel}","templated":true}]}}