{"id":10903,"date":"2025-08-30T21:28:02","date_gmt":"2025-08-30T19:28:02","guid":{"rendered":"https:\/\/cafeprensa.com.ar\/?p=10903"},"modified":"2025-08-30T21:28:02","modified_gmt":"2025-08-30T19:28:02","slug":"albornoz-escuche-al-intendente-molinuevo-decir-que-el-gobernador-jaldo-no-era-transparente-y-como-andamos-por-casa","status":"publish","type":"post","link":"https:\/\/cafeprensa.com.ar\/index.php\/2025\/08\/30\/albornoz-escuche-al-intendente-molinuevo-decir-que-el-gobernador-jaldo-no-era-transparente-y-como-andamos-por-casa\/","title":{"rendered":"Albornoz: \u00abEscuche al intendente Molinuevo decir que el gobernador Jaldo no era transparente y \u00bfc\u00f3mo andamos por casa?\u00bb"},"content":{"rendered":"<p data-start=\"192\" data-end=\"416\">El concejal de Concepci\u00f3n,<strong> Pedro Nicol\u00e1s Albornoz,<\/strong> se refiri\u00f3 al conflicto de la Ruta Provincial 329 y al pedido de rendici\u00f3n de cuentas por el Festival del Locro del a\u00f1o pasado. Finalmente, el edil respondi\u00f3 al Ping Pong.<\/p>\n<p data-start=\"418\" data-end=\"1011\">Respecto al conflicto de la Ruta Provincial 329, Albornoz desestim\u00f3 que Jaldo no tuviera intenci\u00f3n de continuar con la obra. Explic\u00f3 que el mandatario solo cancel\u00f3 \u00ablos contratos con las empresas que no hab\u00edan cumplido con lo prometido\u00bb. \u00abTodo ese sector es una ruta interpueblo que atraviesa la zona por donde circulan la ca\u00f1a y los camiones pesados. Son 40 kil\u00f3metros que ser\u00e1n inaugurados, y de Concepci\u00f3n corresponden solo 3 km de los que todo el mundo habla. Cuando en todo el pa\u00eds la obra p\u00fablica est\u00e1 paralizada, el gobernador Jaldo se puso los pantalones para mantenerla\u00bb, argument\u00f3.<\/p>\n<p data-start=\"1013\" data-end=\"1615\">\u00abVivo cerca de la obra, que abarca desde la zona del r\u00edo Gastona hasta la ruta 138, donde vive una gran cantidad de vecinos que necesitan de la ruta. Ayer pude ver que se estaba haciendo el cord\u00f3n cuneta, una tarea que le correspond\u00eda al municipio y que no se hab\u00eda realizado en su momento\u00bb, explic\u00f3 sobre el avance de los trabajos. \u00abUna vez concluida esa parte, Vialidad dispuso la maquinaria para continuar con el resto. El gobernador en ning\u00fan momento tuvo la intenci\u00f3n de paralizar la obra; hubo algunos p\u00edcaros de empresas que la abandonaron y quer\u00edan cobrar por trabajos inconclusos\u00bb, concluy\u00f3.<\/p>\n<h4 data-start=\"1617\" data-end=\"1676\"><strong data-start=\"1617\" data-end=\"1674\">El pedido de informe sobre el Festival del Locro 2024<\/strong><\/h4>\n<p data-start=\"1678\" data-end=\"2280\">\u00abEn la edici\u00f3n del a\u00f1o pasado hubo mucha gente, pero el intendente Molinuevo no puede afirmar que se vendieron 37 mil entradas cuando en la documentaci\u00f3n figura que fueron 9 mil, las cuales habr\u00edan generado p\u00e9rdidas de aproximadamente 300 millones de pesos\u00bb, se\u00f1al\u00f3. \u00abEse es el motivo por el que, desde la Comisi\u00f3n de Hacienda y Presupuesto, la cual presido, realizamos un pedido de informe. Hasta el d\u00eda de hoy no tenemos respuesta, ya que en el expediente de 500 p\u00e1ginas que nos enviaron no figura d\u00f3nde est\u00e1n las entradas faltantes, que eran las que cubr\u00edan los costos del evento\u00bb, agreg\u00f3 el edil.<\/p>\n<p data-start=\"2282\" data-end=\"2667\">Luego, Albornoz aclar\u00f3 que la realizaci\u00f3n de este tipo de eventos es positiva para la comunidad, porque genera puestos de trabajo en la fecha, aunque remarc\u00f3 la necesidad de ser \u00abcoherentes con el dinero que se recauda y con el sobrante\u00bb. \u00abEste dinero debe volcarse en la ciudad, en cuestiones como la seguridad, la inversi\u00f3n en c\u00e1maras y el trabajo conjunto con la polic\u00eda\u00bb, a\u00f1adi\u00f3.<\/p>\n<p data-start=\"2669\" data-end=\"2991\">\u00abEscuch\u00e9 al intendente decir que el gobernador no era transparente, y me pregunto: \u00bfc\u00f3mo andamos por casa? No se rindi\u00f3 el dinero de los festivales, ni de las recaudaciones de a\u00f1os anteriores, ni tampoco el desglose de esos fondos. Entonces, no somos tan transparentes\u00bb, cuestion\u00f3 Albornoz sobre la gesti\u00f3n de Molinuevo.<\/p>\n<h4 data-start=\"2993\" data-end=\"3008\"><strong data-start=\"2993\" data-end=\"3006\">Ping Pong<\/strong><\/h4>\n<p data-start=\"3010\" data-end=\"3353\">Albornoz respondi\u00f3 que \u00abel presidente del PJ tucumano debe ser el gobernador\u00bb y que estaba de acuerdo con que el Festival del Locro se extienda a dos d\u00edas, porque genera trabajo. Adem\u00e1s, expres\u00f3 que el presidente del PJ de Concepci\u00f3n debe ser la persona mejor posicionada para ocupar ese lugar y calific\u00f3 la administraci\u00f3n de Jaldo con un 8.<\/p>\n<p>&nbsp;<\/p>\n<p>&nbsp;<\/p>\n","protected":false},"excerpt":{"rendered":"<p>El concejal de Concepci\u00f3n, Pedro Nicol\u00e1s Albornoz, se refiri\u00f3 al conflicto de la Ruta Provincial 329 y al pedido de rendici\u00f3n de cuentas por el Festival del Locro del a\u00f1o pasado. Finalmente, el edil respondi\u00f3 al Ping Pong. Respecto al conflicto de la Ruta Provincial 329, Albornoz desestim\u00f3 que Jaldo no tuviera intenci\u00f3n de continuar &hellip;<\/p>\n","protected":false},"author":2,"featured_media":10911,"comment_status":"open","ping_status":"open","sticky":false,"template":"","format":"standard","meta":{"footnotes":""},"categories":[34],"tags":[379,2333,265,1761,1873,82,1384],"class_list":["post-10903","post","type-post","status-publish","format-standard","has-post-thumbnail","hentry","category-locales","tag-concepcion","tag-festival-del-locro","tag-osvaldo-jaldo","tag-pedido-de-informe","tag-pedro-albornoz","tag-politica","tag-ruta-329"],"_links":{"self":[{"href":"https:\/\/cafeprensa.com.ar\/index.php\/wp-json\/wp\/v2\/posts\/10903","targetHints":{"allow":["GET"]}}],"collection":[{"href":"https:\/\/cafeprensa.com.ar\/index.php\/wp-json\/wp\/v2\/posts"}],"about":[{"href":"https:\/\/cafeprensa.com.ar\/index.php\/wp-json\/wp\/v2\/types\/post"}],"author":[{"embeddable":true,"href":"https:\/\/cafeprensa.com.ar\/index.php\/wp-json\/wp\/v2\/users\/2"}],"replies":[{"embeddable":true,"href":"https:\/\/cafeprensa.com.ar\/index.php\/wp-json\/wp\/v2\/comments?post=10903"}],"version-history":[{"count":4,"href":"https:\/\/cafeprensa.com.ar\/index.php\/wp-json\/wp\/v2\/posts\/10903\/revisions"}],"predecessor-version":[{"id":10912,"href":"https:\/\/cafeprensa.com.ar\/index.php\/wp-json\/wp\/v2\/posts\/10903\/revisions\/10912"}],"wp:featuredmedia":[{"embeddable":true,"href":"https:\/\/cafeprensa.com.ar\/index.php\/wp-json\/wp\/v2\/media\/10911"}],"wp:attachment":[{"href":"https:\/\/cafeprensa.com.ar\/index.php\/wp-json\/wp\/v2\/media?parent=10903"}],"wp:term":[{"taxonomy":"category","embeddable":true,"href":"https:\/\/cafeprensa.com.ar\/index.php\/wp-json\/wp\/v2\/categories?post=10903"},{"taxonomy":"post_tag","embeddable":true,"href":"https:\/\/cafeprensa.com.ar\/index.php\/wp-json\/wp\/v2\/tags?post=10903"}],"curies":[{"name":"wp","href":"https:\/\/api.w.org\/{rel}","templated":true}]}}