{"id":10915,"date":"2025-09-01T12:29:52","date_gmt":"2025-09-01T10:29:52","guid":{"rendered":"https:\/\/cafeprensa.com.ar\/?p=10915"},"modified":"2025-09-01T12:29:52","modified_gmt":"2025-09-01T10:29:52","slug":"pablo-walter-expulsado-del-pro-por-ausencias-y-vetado-por-milei","status":"publish","type":"post","link":"https:\/\/cafeprensa.com.ar\/index.php\/2025\/09\/01\/pablo-walter-expulsado-del-pro-por-ausencias-y-vetado-por-milei\/","title":{"rendered":"Pablo Walter, expulsado del PRO por ausencias y vetado por Milei"},"content":{"rendered":"<header class=\"entry-header\">\n<div class=\"entry-meta\">El hist\u00f3rico referente del PRO en Tucum\u00e1n, Pablo H\u00e9ctor Walter, fue expulsado del partido por decisi\u00f3n de Mauricio Macri. <strong>El motivo: reiteradas inasistencias a las reuniones del Consejo, en incumplimiento de la Carta Org\u00e1nica. El golpe llega poco despu\u00e9s de que Karina Milei tambi\u00e9n lo vetara como candidato de La Libertad Avanza en Buenos Aires.<\/strong><\/div>\n<\/header>\n<div class=\"entry-content\">\n<p>Walter construy\u00f3 una extensa trayectoria en la pol\u00edtica tucumana. <strong>Fue legislador provincial, senador nacional por Tucum\u00e1n (1999-2001), presidente del PRO en la provincia y secretario general del Consejo Nacional del partido.<\/strong><\/p>\n<p>Su figura estuvo vinculada a Fuerza Republicana en los inicios, para luego consolidarse dentro del macrismo como uno de sus hombres de confianza en el interior.<\/p>\n<p><strong>La expulsi\u00f3n resuelta por Macri ahora deber\u00e1 ser revisada por el Tribunal de Disciplina, aunque en la pr\u00e1ctica marca su salida definitiva del espacio. A este rev\u00e9s se suma la reciente decisi\u00f3n de Karina Milei<\/strong>, que bloque\u00f3 su candidatura a diputado nacional pese a haber sido promovido por Patricia Bullrich.<\/p>\n<p><strong>As\u00ed, Walter qued\u00f3 sin lugar ni en el PRO ni en la alianza libertaria. Su caso expone la nueva l\u00f3gica de poder en la oposici\u00f3n: las trayectorias personales pesan menos que la disciplina partidaria y la voluntad de los liderazgos nacionales.<\/strong><\/p>\n<\/div>\n","protected":false},"excerpt":{"rendered":"<p>El hist\u00f3rico referente del PRO en Tucum\u00e1n, Pablo H\u00e9ctor Walter, fue expulsado del partido por decisi\u00f3n de Mauricio Macri. El motivo: reiteradas inasistencias a las reuniones del Consejo, en incumplimiento de la Carta Org\u00e1nica. El golpe llega poco despu\u00e9s de que Karina Milei tambi\u00e9n lo vetara como candidato de La Libertad Avanza en Buenos Aires. &hellip;<\/p>\n","protected":false},"author":2,"featured_media":10916,"comment_status":"open","ping_status":"open","sticky":false,"template":"","format":"standard","meta":{"footnotes":""},"categories":[33,25],"tags":[200,871,243],"class_list":["post-10915","post","type-post","status-publish","format-standard","has-post-thumbnail","hentry","category-nacionales","category-politica","tag-javier-milei","tag-pablo-walter","tag-pro"],"_links":{"self":[{"href":"https:\/\/cafeprensa.com.ar\/index.php\/wp-json\/wp\/v2\/posts\/10915","targetHints":{"allow":["GET"]}}],"collection":[{"href":"https:\/\/cafeprensa.com.ar\/index.php\/wp-json\/wp\/v2\/posts"}],"about":[{"href":"https:\/\/cafeprensa.com.ar\/index.php\/wp-json\/wp\/v2\/types\/post"}],"author":[{"embeddable":true,"href":"https:\/\/cafeprensa.com.ar\/index.php\/wp-json\/wp\/v2\/users\/2"}],"replies":[{"embeddable":true,"href":"https:\/\/cafeprensa.com.ar\/index.php\/wp-json\/wp\/v2\/comments?post=10915"}],"version-history":[{"count":1,"href":"https:\/\/cafeprensa.com.ar\/index.php\/wp-json\/wp\/v2\/posts\/10915\/revisions"}],"predecessor-version":[{"id":10917,"href":"https:\/\/cafeprensa.com.ar\/index.php\/wp-json\/wp\/v2\/posts\/10915\/revisions\/10917"}],"wp:featuredmedia":[{"embeddable":true,"href":"https:\/\/cafeprensa.com.ar\/index.php\/wp-json\/wp\/v2\/media\/10916"}],"wp:attachment":[{"href":"https:\/\/cafeprensa.com.ar\/index.php\/wp-json\/wp\/v2\/media?parent=10915"}],"wp:term":[{"taxonomy":"category","embeddable":true,"href":"https:\/\/cafeprensa.com.ar\/index.php\/wp-json\/wp\/v2\/categories?post=10915"},{"taxonomy":"post_tag","embeddable":true,"href":"https:\/\/cafeprensa.com.ar\/index.php\/wp-json\/wp\/v2\/tags?post=10915"}],"curies":[{"name":"wp","href":"https:\/\/api.w.org\/{rel}","templated":true}]}}