{"id":10918,"date":"2025-09-01T12:44:57","date_gmt":"2025-09-01T10:44:57","guid":{"rendered":"https:\/\/cafeprensa.com.ar\/?p=10918"},"modified":"2025-09-01T12:44:57","modified_gmt":"2025-09-01T10:44:57","slug":"el-gobierno-de-milei-castiga-a-los-mas-vulnerables-y-abandona-sus-obligaciones","status":"publish","type":"post","link":"https:\/\/cafeprensa.com.ar\/index.php\/2025\/09\/01\/el-gobierno-de-milei-castiga-a-los-mas-vulnerables-y-abandona-sus-obligaciones\/","title":{"rendered":"\u201cEl gobierno de Milei castiga a los m\u00e1s vulnerables y abandona sus obligaciones\u201d"},"content":{"rendered":"<div>\n<div class=\"bajadaVerNoticia\">El concejal capitalino, Carlos Arnedo, lanz\u00f3 fuertes definiciones sobre la crisis que atraviesa el pa\u00eds, la falta de respuestas del gobierno de Javier Milei, y detall\u00f3 una bater\u00eda de proyectos de ordenanza aprobados y en tr\u00e1mite, que buscan mejorar la vida de los vecinos de San Miguel de Tucum\u00e1n.<\/div>\n<\/div>\n<div class=\"cuerpoVerNoticia\">\n<div><strong>Arnedo celebr\u00f3 la aprobaci\u00f3n un\u00e1nime en la \u00faltima sesi\u00f3n del Honorable Concejo Deliberante de tres ordenanzas clave que se transformaron en pol\u00edtica p\u00fablica municipal: Acceso gratuito a peri\u00f3dicos digitales para la comunidad educativa, para fomentar el h\u00e1bito de la lectura y el pensamiento cr\u00edtico.\u00a0<\/strong><\/p>\n<div>Programa de educaci\u00f3n financiera destinado a estudiantes, docentes y familias, en respuesta a la crisis econ\u00f3mica:<strong> \u201cHoy m\u00e1s que nunca hay que ense\u00f1ar a cuidar los pocos pesos que entran al hogar\u201d.<\/strong><\/p>\n<div>Uso responsable del celular en las aulas, iniciativa que complementa la Ley Provincial N\u00b0 8652, para garantizar la atenci\u00f3n en clase y evitar distracciones:<strong> \u201cEl celular debe ser una herramienta pedag\u00f3gica, no un obst\u00e1culo para aprender\u201d.<\/strong><\/p>\n<div>El concejal tambi\u00e9n detall\u00f3 una serie de iniciativas con fuerte presencia barrial: Colocaci\u00f3n de sem\u00e1foros en puntos cr\u00edticos como Av. Belgrano y Ciudad del Norte, en respuesta al reclamo vecinal.<\/p>\n<div>Propuesta para instalar destacamentos policiales en el Parque Guillermina, en convenio con el Ministerio de Seguridad Ciudadana.<\/p>\n<div>Acciones de salud comunitaria y ambiental en distintos barrios, adem\u00e1s de capacitaciones en neurodiversidad y TDAH, con apoyo de expertos internacionales:<strong>\u201cLa inclusi\u00f3n educativa real empieza por preparar a los docentes para entender y acompa\u00f1ar\u201d.<\/strong><\/p>\n<div>Consultado sobre el comportamiento urbano, Arnedo critic\u00f3 la falta de apego a las normas: <strong>\u201cMuchos tucumanos aceleran cuando ven a un peat\u00f3n cruzar. Otros andan en moto por la vereda. Hay ordenanzas, pero no se respetan\u201d.<\/strong><\/p>\n<div>El concejal propuso intensificar controles y sanciones econ\u00f3micas: \u201cHay que tocar el bolsillo de los infractores. Es la \u00fanica forma de generar conciencia real\u201d.<\/p>\n<div>El tramo m\u00e1s fuerte de la entrevista fue sin dudas el dedicado a la situaci\u00f3n nacional. Arnedo carg\u00f3 contra la administraci\u00f3n Milei: <strong>\u201cVinieron a combatir la casta y terminaron siendo peores. Abandonaron a los jubilados, a las personas con discapacidad, cortaron toda obra p\u00fablica y dejaron al pa\u00eds en ruinas\u201d.<\/strong><\/p>\n<div>Con cifras preocupantes sobre la inflaci\u00f3n, la paralizaci\u00f3n econ\u00f3mica y el aumento de la pobreza, el concejal denunci\u00f3: \u201cNo hay consumo, no hay producci\u00f3n, no hay trabajo. Nadie vende, nadie compra. La econom\u00eda est\u00e1 completamente detenida\u201d.<\/p>\n<div>Tambi\u00e9n fue cr\u00edtico del pasado reciente, pero diferenciando responsabilidades: <strong>\u201cS\u00e9 muy bien qui\u00e9n fue Alberto Fern\u00e1ndez, Massa y los Kirchner. Pero eso no justifica que hoy se castigue a toda la sociedad. La gente no puede pagar por la corrupci\u00f3n de antes\u201d.<\/strong><\/p>\n<div>Arnedo respald\u00f3 la gesti\u00f3n del gobernador\u00a0<strong>Osvaldo Jaldo<\/strong>, quien \u2014seg\u00fan dijo\u2014 <strong>\u201cha puesto el cuerpo\u201d para sostener servicios esenciales ante el abandono de Naci\u00f3n: \u201cLa provincia se hizo cargo del FONID, de la salud, de la seguridad. No se puede gobernar con un l\u00e1tigo en la mano como hace Naci\u00f3n. Tucum\u00e1n est\u00e1 haciendo lo que puede para que esto no explote\u201d.<\/strong><\/p>\n<div><strong>Carlos Arnedo<\/strong>\u00a0dej\u00f3 en claro que su agenda pol\u00edtica tiene ejes claros: educaci\u00f3n, inclusi\u00f3n, seguridad y compromiso territorial. Pero su voz se alz\u00f3 m\u00e1s fuerte cuando apunt\u00f3 al gobierno nacional, al que acus\u00f3 de haber abandonado al pueblo: <strong>\u201cEstamos en un ajuste despiadado, sin sensibilidad ni planificaci\u00f3n. No hay un horizonte. Esto no es gobernar, es resistir\u201d.<\/strong><\/p>\n<div>Con estas declaraciones, el concejal se posiciona como una voz cr\u00edtica reclamando un modelo de pa\u00eds m\u00e1s humano, justo y presente.<\/div>\n<div><\/div>\n<div><span style=\"font-size: 8pt;\"><strong>FUENTE: https:\/\/www.partedeprensa.com\/inicio\/noticia\/10369\/Carlos-Arnedo-El-gobierno-de-Milei-castiga-a-los-ms-vulnerables-y.html<\/strong><\/span><\/div>\n<\/div>\n<\/div>\n<\/div>\n<\/div>\n<\/div>\n<\/div>\n<\/div>\n<\/div>\n<\/div>\n<\/div>\n<\/div>\n<\/div>\n<\/div>\n<\/div>\n","protected":false},"excerpt":{"rendered":"<p>El concejal capitalino, Carlos Arnedo, lanz\u00f3 fuertes definiciones sobre la crisis que atraviesa el pa\u00eds, la falta de respuestas del gobierno de Javier Milei, y detall\u00f3 una bater\u00eda de proyectos de ordenanza aprobados y en tr\u00e1mite, que buscan mejorar la vida de los vecinos de San Miguel de Tucum\u00e1n. Arnedo celebr\u00f3 la aprobaci\u00f3n un\u00e1nime en &hellip;<\/p>\n","protected":false},"author":2,"featured_media":10919,"comment_status":"open","ping_status":"open","sticky":false,"template":"","format":"standard","meta":{"footnotes":""},"categories":[1707,34],"tags":[477],"class_list":["post-10918","post","type-post","status-publish","format-standard","has-post-thumbnail","hentry","category-concejales-de-tucuman","category-locales","tag-arnedo"],"_links":{"self":[{"href":"https:\/\/cafeprensa.com.ar\/index.php\/wp-json\/wp\/v2\/posts\/10918","targetHints":{"allow":["GET"]}}],"collection":[{"href":"https:\/\/cafeprensa.com.ar\/index.php\/wp-json\/wp\/v2\/posts"}],"about":[{"href":"https:\/\/cafeprensa.com.ar\/index.php\/wp-json\/wp\/v2\/types\/post"}],"author":[{"embeddable":true,"href":"https:\/\/cafeprensa.com.ar\/index.php\/wp-json\/wp\/v2\/users\/2"}],"replies":[{"embeddable":true,"href":"https:\/\/cafeprensa.com.ar\/index.php\/wp-json\/wp\/v2\/comments?post=10918"}],"version-history":[{"count":1,"href":"https:\/\/cafeprensa.com.ar\/index.php\/wp-json\/wp\/v2\/posts\/10918\/revisions"}],"predecessor-version":[{"id":10920,"href":"https:\/\/cafeprensa.com.ar\/index.php\/wp-json\/wp\/v2\/posts\/10918\/revisions\/10920"}],"wp:featuredmedia":[{"embeddable":true,"href":"https:\/\/cafeprensa.com.ar\/index.php\/wp-json\/wp\/v2\/media\/10919"}],"wp:attachment":[{"href":"https:\/\/cafeprensa.com.ar\/index.php\/wp-json\/wp\/v2\/media?parent=10918"}],"wp:term":[{"taxonomy":"category","embeddable":true,"href":"https:\/\/cafeprensa.com.ar\/index.php\/wp-json\/wp\/v2\/categories?post=10918"},{"taxonomy":"post_tag","embeddable":true,"href":"https:\/\/cafeprensa.com.ar\/index.php\/wp-json\/wp\/v2\/tags?post=10918"}],"curies":[{"name":"wp","href":"https:\/\/api.w.org\/{rel}","templated":true}]}}