{"id":11020,"date":"2025-09-05T13:23:40","date_gmt":"2025-09-05T11:23:40","guid":{"rendered":"https:\/\/cafeprensa.com.ar\/?p=11020"},"modified":"2025-09-05T13:33:31","modified_gmt":"2025-09-05T11:33:31","slug":"desregulacion-kioscos-de-diarios-podran-operar-como-servicios-postales","status":"publish","type":"post","link":"https:\/\/cafeprensa.com.ar\/index.php\/2025\/09\/05\/desregulacion-kioscos-de-diarios-podran-operar-como-servicios-postales\/","title":{"rendered":"Desregulaci\u00f3n: kioscos de diarios podr\u00e1n operar como servicios postales"},"content":{"rendered":"<div class=\"np-article-thumb\">El Gobierno elimin\u00f3 restricciones vigentes desde el a\u00f1o 2000 y habilit\u00f3 a los kioscos de diarios a inscribirse como operadores postales.<\/div>\n<header class=\"entry-header\">\n<div class=\"entry-meta\">La medida busca modernizar la actividad, abrir competencia y dar una salida al sector en crisis.<\/div>\n<\/header>\n<div class=\"entry-content\">\n<p><strong>Una nueva funci\u00f3n para tiempos dif\u00edciles<\/strong><\/p>\n<p><strong>Con el Decreto 629\/2025, el Ejecutivo derog\u00f3 el r\u00e9gimen jur\u00eddico que regulaba la venta y distribuci\u00f3n de diarios y revistas, y devolvi\u00f3 a los municipios la potestad sobre la gesti\u00f3n del espacio p\u00fablico. <\/strong><\/p>\n<p><strong>La norma habilita a los kioscos de diarios a transformarse en puntos de distribuci\u00f3n de correspondencia,<\/strong> paqueter\u00eda y productos de comercio electr\u00f3nico, un giro estrat\u00e9gico en medio de la fuerte ca\u00edda de ventas por el avance de la lectura digital.<\/p>\n<p><strong>El ministro de Desregulaci\u00f3n y Transformaci\u00f3n del Estado, Federico Sturzenegger, explic\u00f3 que la medida \u201clibera la venta de diarios y revistas y restituye competencias municipales\u201d.<\/strong> Con este marco, los kioscos podr\u00e1n inscribirse en el ENACOM como operadores postales o asociarse a empresas ya autorizadas, ampliando as\u00ed su utilidad en un escenario econ\u00f3mico cambiante.<\/p>\n<p><strong>Del papel a la log\u00edstica<\/strong><\/p>\n<p>La normativa tambi\u00e9n establece la disoluci\u00f3n del <strong>Registro Nacional de Vendedores y Distribuidores de Diarios y Revistas,<\/strong> al considerar obsoletos los derechos de parada y las zonas de influencia. El trasfondo es claro: un Estado m\u00e1s \u00e1gil y menos intrusivo, que facilite la libre circulaci\u00f3n de bienes, servicios y trabajo.<\/p>\n<p>Para el sector, golpeado por la disminuci\u00f3n progresiva de ventas y el cierre de numerosos puestos, la reconversi\u00f3n aparece como una oportunidad de supervivencia. <strong>En esp\u00edritu estoico, lo que parec\u00eda el fin de una actividad tradicional puede ser el inicio de un nuevo rol: de vendedores de papel a nodos de log\u00edstica en la era digital. Adaptarse ya no es una opci\u00f3n, sino la \u00fanica forma de persistir.<\/strong><\/p>\n<\/div>\n","protected":false},"excerpt":{"rendered":"<p>El Gobierno elimin\u00f3 restricciones vigentes desde el a\u00f1o 2000 y habilit\u00f3 a los kioscos de diarios a inscribirse como operadores postales. La medida busca modernizar la actividad, abrir competencia y dar una salida al sector en crisis. Una nueva funci\u00f3n para tiempos dif\u00edciles Con el Decreto 629\/2025, el Ejecutivo derog\u00f3 el r\u00e9gimen jur\u00eddico que regulaba &hellip;<\/p>\n","protected":false},"author":2,"featured_media":11021,"comment_status":"open","ping_status":"open","sticky":false,"template":"","format":"standard","meta":{"footnotes":""},"categories":[33,25],"tags":[2453],"class_list":["post-11020","post","type-post","status-publish","format-standard","has-post-thumbnail","hentry","category-nacionales","category-politica","tag-kioscos-de-diarios"],"_links":{"self":[{"href":"https:\/\/cafeprensa.com.ar\/index.php\/wp-json\/wp\/v2\/posts\/11020","targetHints":{"allow":["GET"]}}],"collection":[{"href":"https:\/\/cafeprensa.com.ar\/index.php\/wp-json\/wp\/v2\/posts"}],"about":[{"href":"https:\/\/cafeprensa.com.ar\/index.php\/wp-json\/wp\/v2\/types\/post"}],"author":[{"embeddable":true,"href":"https:\/\/cafeprensa.com.ar\/index.php\/wp-json\/wp\/v2\/users\/2"}],"replies":[{"embeddable":true,"href":"https:\/\/cafeprensa.com.ar\/index.php\/wp-json\/wp\/v2\/comments?post=11020"}],"version-history":[{"count":3,"href":"https:\/\/cafeprensa.com.ar\/index.php\/wp-json\/wp\/v2\/posts\/11020\/revisions"}],"predecessor-version":[{"id":11024,"href":"https:\/\/cafeprensa.com.ar\/index.php\/wp-json\/wp\/v2\/posts\/11020\/revisions\/11024"}],"wp:featuredmedia":[{"embeddable":true,"href":"https:\/\/cafeprensa.com.ar\/index.php\/wp-json\/wp\/v2\/media\/11021"}],"wp:attachment":[{"href":"https:\/\/cafeprensa.com.ar\/index.php\/wp-json\/wp\/v2\/media?parent=11020"}],"wp:term":[{"taxonomy":"category","embeddable":true,"href":"https:\/\/cafeprensa.com.ar\/index.php\/wp-json\/wp\/v2\/categories?post=11020"},{"taxonomy":"post_tag","embeddable":true,"href":"https:\/\/cafeprensa.com.ar\/index.php\/wp-json\/wp\/v2\/tags?post=11020"}],"curies":[{"name":"wp","href":"https:\/\/api.w.org\/{rel}","templated":true}]}}