{"id":11104,"date":"2025-09-09T13:06:08","date_gmt":"2025-09-09T11:06:08","guid":{"rendered":"https:\/\/cafeprensa.com.ar\/?p=11104"},"modified":"2025-09-09T13:06:08","modified_gmt":"2025-09-09T11:06:08","slug":"les-rompieron-bien-el-ort","status":"publish","type":"post","link":"https:\/\/cafeprensa.com.ar\/index.php\/2025\/09\/09\/les-rompieron-bien-el-ort\/","title":{"rendered":"\u201cLes rompieron bien el ort&#8230;\u201d"},"content":{"rendered":"<p class=\"page-header\">Viviana Canosa lanz\u00f3 todo su veneno contra Javier Milei. La conductora, ahora distanciada del presidente Javier Milei, cuestion\u00f3 con dureza al oficialismo tras el rev\u00e9s electoral en la provincia de Buenos Aires<\/p>\n<p><strong>La derrota de La Libertad Avanza en la provincia de Buenos Aires sigue generando repercusiones, tanto en el oficialismo como en los medios que alguna vez le dieron respaldo al actual presidente.<\/strong><\/p>\n<p>Entre ellos aparece Viviana Canosa, que en su programa del stream Carnaval apunt\u00f3 fuerte contra el gobierno de Javier Milei con declaraciones sin matices.<img loading=\"lazy\" decoding=\"async\" class=\"alignnone wp-image-11105 size-full\" src=\"https:\/\/cafeprensa.com.ar\/wp-content\/uploads\/2025\/09\/47518_35.webp\" alt=\"\" width=\"755\" height=\"412\" srcset=\"https:\/\/cafeprensa.com.ar\/wp-content\/uploads\/2025\/09\/47518_35.webp 755w, https:\/\/cafeprensa.com.ar\/wp-content\/uploads\/2025\/09\/47518_35-300x164.webp 300w\" sizes=\"auto, (max-width: 755px) 100vw, 755px\" \/><\/p>\n<p><strong>\u201cLes rompieron bien el orto ayer\u201d<\/strong>, lanz\u00f3 la conductora al hablar de la diferencia de votos que dej\u00f3 a la fuerza libertaria muy por detr\u00e1s del peronismo. Y agreg\u00f3:<strong> \u201cTanta mentira y traici\u00f3n se paga\u201d.<\/strong><\/p>\n<p>Sin embargo, el giro de Canosa resulta llamativo: fue una de las principales voces medi\u00e1ticas que respald\u00f3 abiertamente a Milei desde el comienzo de su carrera pol\u00edtica. Lo entrevist\u00f3, lo impuls\u00f3 y lo defendi\u00f3 en p\u00fablico cuando era apenas un outsider. Reci\u00e9n antes de las elecciones presidenciales de 2023, cuando las encuestas y los grandes medios lo daban como perdedor, la periodista decidi\u00f3 dar un vuelco y empezar a distanciarse.<\/p>\n<div class=\"twitter-tweet twitter-tweet-rendered\"><iframe id=\"twitter-widget-0\" class=\"\" title=\"X Post\" src=\"https:\/\/platform.twitter.com\/embed\/Tweet.html?creatorScreenName=contextotuc&amp;dnt=false&amp;embedId=twitter-widget-0&amp;features=eyJ0ZndfdGltZWxpbmVfbGlzdCI6eyJidWNrZXQiOltdLCJ2ZXJzaW9uIjpudWxsfSwidGZ3X2ZvbGxvd2VyX2NvdW50X3N1bnNldCI6eyJidWNrZXQiOnRydWUsInZlcnNpb24iOm51bGx9LCJ0ZndfdHdlZXRfZWRpdF9iYWNrZW5kIjp7ImJ1Y2tldCI6Im9uIiwidmVyc2lvbiI6bnVsbH0sInRmd19yZWZzcmNfc2Vzc2lvbiI6eyJidWNrZXQiOiJvbiIsInZlcnNpb24iOm51bGx9LCJ0ZndfZm9zbnJfc29mdF9pbnRlcnZlbnRpb25zX2VuYWJsZWQiOnsiYnVja2V0Ijoib24iLCJ2ZXJzaW9uIjpudWxsfSwidGZ3X21peGVkX21lZGlhXzE1ODk3Ijp7ImJ1Y2tldCI6InRyZWF0bWVudCIsInZlcnNpb24iOm51bGx9LCJ0ZndfZXhwZXJpbWVudHNfY29va2llX2V4cGlyYXRpb24iOnsiYnVja2V0IjoxMjA5NjAwLCJ2ZXJzaW9uIjpudWxsfSwidGZ3X3Nob3dfYmlyZHdhdGNoX3Bpdm90c19lbmFibGVkIjp7ImJ1Y2tldCI6Im9uIiwidmVyc2lvbiI6bnVsbH0sInRmd19kdXBsaWNhdGVfc2NyaWJlc190b19zZXR0aW5ncyI6eyJidWNrZXQiOiJvbiIsInZlcnNpb24iOm51bGx9LCJ0ZndfdXNlX3Byb2ZpbGVfaW1hZ2Vfc2hhcGVfZW5hYmxlZCI6eyJidWNrZXQiOiJvbiIsInZlcnNpb24iOm51bGx9LCJ0ZndfdmlkZW9faGxzX2R5bmFtaWNfbWFuaWZlc3RzXzE1MDgyIjp7ImJ1Y2tldCI6InRydWVfYml0cmF0ZSIsInZlcnNpb24iOm51bGx9LCJ0ZndfbGVnYWN5X3RpbWVsaW5lX3N1bnNldCI6eyJidWNrZXQiOnRydWUsInZlcnNpb24iOm51bGx9LCJ0ZndfdHdlZXRfZWRpdF9mcm9udGVuZCI6eyJidWNrZXQiOiJvbiIsInZlcnNpb24iOm51bGx9fQ%3D%3D&amp;frame=false&amp;hideCard=false&amp;hideThread=false&amp;id=1965172157220327908&amp;lang=es&amp;origin=https%3A%2F%2Fwww.contextotucuman.com%2Fnota%2F359177%2Fviviana-canosa-lanzo-todo-su-veneno-contra-javier-milei-les-rompieron-bien-el-ort-.html&amp;sessionId=bf578dd2f4f27c49c7566a3f22ec1c2db98acd35&amp;siteScreenName=contextotuc&amp;theme=light&amp;widgetsVersion=2615f7e52b7e0%3A1702314776716&amp;width=550px\" frameborder=\"0\" scrolling=\"no\" allowfullscreen=\"allowfullscreen\" data-tweet-id=\"1965172157220327908\" data-mce-fragment=\"1\"><\/iframe><\/div>\n<p>Ese cambio de postura, m\u00e1s ligado al c\u00e1lculo pol\u00edtico que a la coherencia, le resta credibilidad a sus cr\u00edticas actuales.<strong> Hoy Canosa se muestra como una opositora sin concesiones, pero su pasado reciente demuestra que primero lo apoy\u00f3 con entusiasmo y solo se corri\u00f3 cuando crey\u00f3 que el barco se hund\u00eda<\/strong>. En ese marco, sus frases lapidarias contra el oficialismo no solo exponen la crisis de La Libertad Avanza, sino tambi\u00e9n la inconsistencia de quienes construyeron a Milei y ahora pretenden despegarse cuando los resultados no acompa\u00f1an.<\/p>\n","protected":false},"excerpt":{"rendered":"<p>Viviana Canosa lanz\u00f3 todo su veneno contra Javier Milei. La conductora, ahora distanciada del presidente Javier Milei, cuestion\u00f3 con dureza al oficialismo tras el rev\u00e9s electoral en la provincia de Buenos Aires La derrota de La Libertad Avanza en la provincia de Buenos Aires sigue generando repercusiones, tanto en el oficialismo como en los medios &hellip;<\/p>\n","protected":false},"author":2,"featured_media":11106,"comment_status":"open","ping_status":"open","sticky":false,"template":"","format":"standard","meta":{"footnotes":""},"categories":[33,25],"tags":[200,962,2480],"class_list":["post-11104","post","type-post","status-publish","format-standard","has-post-thumbnail","hentry","category-nacionales","category-politica","tag-javier-milei","tag-libertad-avanza","tag-viviana-canosa"],"_links":{"self":[{"href":"https:\/\/cafeprensa.com.ar\/index.php\/wp-json\/wp\/v2\/posts\/11104","targetHints":{"allow":["GET"]}}],"collection":[{"href":"https:\/\/cafeprensa.com.ar\/index.php\/wp-json\/wp\/v2\/posts"}],"about":[{"href":"https:\/\/cafeprensa.com.ar\/index.php\/wp-json\/wp\/v2\/types\/post"}],"author":[{"embeddable":true,"href":"https:\/\/cafeprensa.com.ar\/index.php\/wp-json\/wp\/v2\/users\/2"}],"replies":[{"embeddable":true,"href":"https:\/\/cafeprensa.com.ar\/index.php\/wp-json\/wp\/v2\/comments?post=11104"}],"version-history":[{"count":1,"href":"https:\/\/cafeprensa.com.ar\/index.php\/wp-json\/wp\/v2\/posts\/11104\/revisions"}],"predecessor-version":[{"id":11107,"href":"https:\/\/cafeprensa.com.ar\/index.php\/wp-json\/wp\/v2\/posts\/11104\/revisions\/11107"}],"wp:featuredmedia":[{"embeddable":true,"href":"https:\/\/cafeprensa.com.ar\/index.php\/wp-json\/wp\/v2\/media\/11106"}],"wp:attachment":[{"href":"https:\/\/cafeprensa.com.ar\/index.php\/wp-json\/wp\/v2\/media?parent=11104"}],"wp:term":[{"taxonomy":"category","embeddable":true,"href":"https:\/\/cafeprensa.com.ar\/index.php\/wp-json\/wp\/v2\/categories?post=11104"},{"taxonomy":"post_tag","embeddable":true,"href":"https:\/\/cafeprensa.com.ar\/index.php\/wp-json\/wp\/v2\/tags?post=11104"}],"curies":[{"name":"wp","href":"https:\/\/api.w.org\/{rel}","templated":true}]}}