{"id":11185,"date":"2025-09-12T12:08:53","date_gmt":"2025-09-12T10:08:53","guid":{"rendered":"https:\/\/cafeprensa.com.ar\/?p=11185"},"modified":"2025-09-12T12:08:53","modified_gmt":"2025-09-12T10:08:53","slug":"la-libertad-avanza-lanzo-su-campana-en-tucuman","status":"publish","type":"post","link":"https:\/\/cafeprensa.com.ar\/index.php\/2025\/09\/12\/la-libertad-avanza-lanzo-su-campana-en-tucuman\/","title":{"rendered":"La Libertad Avanza lanz\u00f3 su campa\u00f1a en Tucum\u00e1n"},"content":{"rendered":"<header class=\"entry-header\">\n<div class=\"entry-meta\">El club Villa Luj\u00e1n fue escenario del acto libertario que oficializ\u00f3 la campa\u00f1a en Tucum\u00e1n. Karina Milei, Mart\u00edn Menem y, <strong>por primera vez en su nuevo cargo, el ministro del Interior Lisandro Catal\u00e1n, acompa\u00f1aron a los candidatos locales Federico Pelli y Soledad Molinuevo.<\/strong><\/div>\n<\/header>\n<div class=\"entry-content\">\n<p>La Libertad Avanza concret\u00f3 este 11 de septiembre su lanzamiento oficial de campa\u00f1a en Tucum\u00e1n con un acto que reuni\u00f3 a dirigentes nacionales y provinciales.<img loading=\"lazy\" decoding=\"async\" class=\"alignnone wp-image-11187 size-full\" src=\"https:\/\/cafeprensa.com.ar\/wp-content\/uploads\/2025\/09\/IMG_6438-1-1024x682-1.jpeg\" alt=\"\" width=\"1024\" height=\"682\" srcset=\"https:\/\/cafeprensa.com.ar\/wp-content\/uploads\/2025\/09\/IMG_6438-1-1024x682-1.jpeg 1024w, https:\/\/cafeprensa.com.ar\/wp-content\/uploads\/2025\/09\/IMG_6438-1-1024x682-1-300x200.jpeg 300w, https:\/\/cafeprensa.com.ar\/wp-content\/uploads\/2025\/09\/IMG_6438-1-1024x682-1-768x512.jpeg 768w\" sizes=\"auto, (max-width: 1024px) 100vw, 1024px\" \/><\/p>\n<p><strong>La presencia de Karina Milei, Mart\u00edn Menem y el flamante ministro del Interior Lisandro Catal\u00e1n le dio un marco de alto perfil al encuentro en Villa Luj\u00e1n<\/strong>, donde se presentaron a los candidatos a diputados nacionales por la provincia, encabezados por <strong>Federico Pelli y Soledad Molinuevo.<\/strong><\/p>\n<p><strong>En su discurso, Karina Milei pidi\u00f3 confianza a los tucumanos y destac\u00f3 el rol de Catal\u00e1n en la aprobaci\u00f3n de proyectos clave en el Congreso.<img loading=\"lazy\" decoding=\"async\" class=\"alignnone wp-image-11188 size-large\" src=\"https:\/\/cafeprensa.com.ar\/wp-content\/uploads\/2025\/09\/IMG_6441-1-1024x682.jpeg\" alt=\"\" width=\"1024\" height=\"682\" srcset=\"https:\/\/cafeprensa.com.ar\/wp-content\/uploads\/2025\/09\/IMG_6441-1-1024x682.jpeg 1024w, https:\/\/cafeprensa.com.ar\/wp-content\/uploads\/2025\/09\/IMG_6441-1-300x200.jpeg 300w, https:\/\/cafeprensa.com.ar\/wp-content\/uploads\/2025\/09\/IMG_6441-1-768x512.jpeg 768w, https:\/\/cafeprensa.com.ar\/wp-content\/uploads\/2025\/09\/IMG_6441-1.jpeg 1280w\" sizes=\"auto, (max-width: 1024px) 100vw, 1024px\" \/> <\/strong><\/p>\n<p>Mart\u00edn Menem, por su parte, llam\u00f3 a defender en las urnas el proyecto presidencial de Javier Milei y prometi\u00f3 que a mediados de 2026 la inflaci\u00f3n ser\u00e1 cero. Catal\u00e1n, en su primera visita a Tucum\u00e1n como ministro, agradeci\u00f3 el esfuerzo de la dirigencia local y resalt\u00f3 que el 26 de octubre<strong> \u201cser\u00e1 una elecci\u00f3n hist\u00f3rica que definir\u00e1 el futuro del pa\u00eds\u201d.<img loading=\"lazy\" decoding=\"async\" class=\"alignnone wp-image-11189 size-large\" src=\"https:\/\/cafeprensa.com.ar\/wp-content\/uploads\/2025\/09\/IMG_6442-1024x682.jpeg\" alt=\"\" width=\"1024\" height=\"682\" srcset=\"https:\/\/cafeprensa.com.ar\/wp-content\/uploads\/2025\/09\/IMG_6442-1024x682.jpeg 1024w, https:\/\/cafeprensa.com.ar\/wp-content\/uploads\/2025\/09\/IMG_6442-300x200.jpeg 300w, https:\/\/cafeprensa.com.ar\/wp-content\/uploads\/2025\/09\/IMG_6442-768x512.jpeg 768w, https:\/\/cafeprensa.com.ar\/wp-content\/uploads\/2025\/09\/IMG_6442.jpeg 1280w\" sizes=\"auto, (max-width: 1024px) 100vw, 1024px\" \/><\/strong><\/p>\n<p><strong>Tucum\u00e1n, epicentro libertario<\/strong><\/p>\n<p><strong>El candidato Federico Pelli cerr\u00f3 el acto con un mensaje contra \u201cdos d\u00e9cadas de kirchnerismo\u201d y sostuvo que La Libertad Avanza representa la alternativa para sacar a la provincia de la pobreza y la inseguridad.<\/strong> El lanzamiento en <strong>Villa Luj\u00e1n<\/strong> se suma a las convocatorias previas en <strong>Banda del R\u00edo Sal\u00ed y Yerba Buena,<\/strong> consolidando a Tucum\u00e1n como uno de los epicentros del crecimiento libertario en el interior del pa\u00eds.<img loading=\"lazy\" decoding=\"async\" class=\"alignnone wp-image-11190 size-large\" src=\"https:\/\/cafeprensa.com.ar\/wp-content\/uploads\/2025\/09\/IMG_6443-1-1024x682.jpeg\" alt=\"\" width=\"1024\" height=\"682\" srcset=\"https:\/\/cafeprensa.com.ar\/wp-content\/uploads\/2025\/09\/IMG_6443-1-1024x682.jpeg 1024w, https:\/\/cafeprensa.com.ar\/wp-content\/uploads\/2025\/09\/IMG_6443-1-300x200.jpeg 300w, https:\/\/cafeprensa.com.ar\/wp-content\/uploads\/2025\/09\/IMG_6443-1-768x512.jpeg 768w, https:\/\/cafeprensa.com.ar\/wp-content\/uploads\/2025\/09\/IMG_6443-1.jpeg 1280w\" sizes=\"auto, (max-width: 1024px) 100vw, 1024px\" \/><\/p>\n<\/div>\n","protected":false},"excerpt":{"rendered":"<p>El club Villa Luj\u00e1n fue escenario del acto libertario que oficializ\u00f3 la campa\u00f1a en Tucum\u00e1n. Karina Milei, Mart\u00edn Menem y, por primera vez en su nuevo cargo, el ministro del Interior Lisandro Catal\u00e1n, acompa\u00f1aron a los candidatos locales Federico Pelli y Soledad Molinuevo. La Libertad Avanza concret\u00f3 este 11 de septiembre su lanzamiento oficial de &hellip;<\/p>\n","protected":false},"author":2,"featured_media":11186,"comment_status":"open","ping_status":"open","sticky":false,"template":"","format":"standard","meta":{"footnotes":""},"categories":[34,25],"tags":[408],"class_list":["post-11185","post","type-post","status-publish","format-standard","has-post-thumbnail","hentry","category-locales","category-politica","tag-la-libertad-avanza"],"_links":{"self":[{"href":"https:\/\/cafeprensa.com.ar\/index.php\/wp-json\/wp\/v2\/posts\/11185","targetHints":{"allow":["GET"]}}],"collection":[{"href":"https:\/\/cafeprensa.com.ar\/index.php\/wp-json\/wp\/v2\/posts"}],"about":[{"href":"https:\/\/cafeprensa.com.ar\/index.php\/wp-json\/wp\/v2\/types\/post"}],"author":[{"embeddable":true,"href":"https:\/\/cafeprensa.com.ar\/index.php\/wp-json\/wp\/v2\/users\/2"}],"replies":[{"embeddable":true,"href":"https:\/\/cafeprensa.com.ar\/index.php\/wp-json\/wp\/v2\/comments?post=11185"}],"version-history":[{"count":1,"href":"https:\/\/cafeprensa.com.ar\/index.php\/wp-json\/wp\/v2\/posts\/11185\/revisions"}],"predecessor-version":[{"id":11191,"href":"https:\/\/cafeprensa.com.ar\/index.php\/wp-json\/wp\/v2\/posts\/11185\/revisions\/11191"}],"wp:featuredmedia":[{"embeddable":true,"href":"https:\/\/cafeprensa.com.ar\/index.php\/wp-json\/wp\/v2\/media\/11186"}],"wp:attachment":[{"href":"https:\/\/cafeprensa.com.ar\/index.php\/wp-json\/wp\/v2\/media?parent=11185"}],"wp:term":[{"taxonomy":"category","embeddable":true,"href":"https:\/\/cafeprensa.com.ar\/index.php\/wp-json\/wp\/v2\/categories?post=11185"},{"taxonomy":"post_tag","embeddable":true,"href":"https:\/\/cafeprensa.com.ar\/index.php\/wp-json\/wp\/v2\/tags?post=11185"}],"curies":[{"name":"wp","href":"https:\/\/api.w.org\/{rel}","templated":true}]}}