{"id":11192,"date":"2025-09-12T13:07:57","date_gmt":"2025-09-12T11:07:57","guid":{"rendered":"https:\/\/cafeprensa.com.ar\/?p=11192"},"modified":"2025-09-12T13:07:57","modified_gmt":"2025-09-12T11:07:57","slug":"venden-un-departamento-en-el-edificio-de-la-chica-del-ascensor","status":"publish","type":"post","link":"https:\/\/cafeprensa.com.ar\/index.php\/2025\/09\/12\/venden-un-departamento-en-el-edificio-de-la-chica-del-ascensor\/","title":{"rendered":"Venden un departamento en el edificio de la chica del ascensor"},"content":{"rendered":"<div class=\"content-article-title\">\n<div class=\"wrapper-layout center-content center_story max-width\">\n<div class=\"col-content\">\n<p class=\"article__title font__display\">Recoleta que sale menos de US$2 mil el metro.<\/p>\n<\/div>\n<\/div>\n<\/div>\n<div class=\"common-layout wrapper-layout center-content center_story max-width story article\">\n<div class=\"col-content\">\n<p>En una esquina ic\u00f3nica funcion\u00f3 la confiter\u00eda emblem\u00e1tica y en el inmueble tuvo su estudio el prestigioso arquitecto Clorindo Testa. Ahora se ofrece un departamento de 278 m2. Por qu\u00e9 es un lugar hist\u00f3rico.<\/p>\n<div class=\"default-article-color article__body article__article\">\n<p class=\"left paragraph font__body-regular\">Sali\u00f3 en venta\u00a0una joya de Recoleta en la esquina de Avenidas Callao y Santa Fe.\u00a0<b>Se trata de un departamento en el edificio conocido como \u201cdel \u00c1guila\u201d, una construcci\u00f3n emblem\u00e1tica de 1912 que supo albergar la Confiter\u00eda del \u00c1guila<\/b>, luego el estudio del arquitecto\u00a0<b>Clorindo Testa<\/b>\u00a0y que en los a\u00f1os 80 se volvi\u00f3 parte de la cultura popular por un recordado <em><strong>comercial de jeans filmado en su ascensor jaula.<\/strong><\/em> El inmueble que se ofrece en el mercado combina valor patrimonial, atributos arquitect\u00f3nicos y una ubicaci\u00f3n privilegiada en el coraz\u00f3n de la ciudad.<\/p>\n<p><iframe loading=\"lazy\" title=\"YouTube video player\" src=\"https:\/\/www.youtube.com\/embed\/Ii1dK6sb8v4?si=WT-Q76mthI30jsZn\" width=\"560\" height=\"315\" frameborder=\"0\" allowfullscreen=\"allowfullscreen\"><\/iframe><\/p>\n<p class=\"left paragraph font__body-regular\">El\u00a0<b>precio de la unidad es de US$500.000<\/b>. Cuenta con 278 m2 construidos, de los cuales 252 m2 son cubiertos, adem\u00e1s de 14 m2 descubiertos y 12 m2 semicubiertos. Tiene nueve ambientes, cuatro dormitorios, dos ba\u00f1os completos y un toilette. La antig\u00fcedad supera los 90 a\u00f1os y se ubica en el primer piso, con disposici\u00f3n al frente y orientaci\u00f3n noreste. Las\u00a0<b>expensas rondan los $529.000 mensuales<\/b>.<\/p>\n<p class=\"left paragraph font__body-regular\">La descripci\u00f3n oficial detalla un hall oval que organiza la planta y conecta las \u00e1reas sociales. El living, el comedor, la biblioteca y el estar se comunican entre s\u00ed por puertas de madera maciza.\u00a0<b>Desde los balcones se obtiene una vista directa hacia el edificio Rocatagliata, otro \u00edcono de Recoleta<\/b>. El piso conserva materiales originales como roble de Eslavonia, pinotea y cer\u00e1micos calc\u00e1reos. La doble altura de los techos refuerza la sensaci\u00f3n de amplitud y aporta luminosidad gracias a ventanales de \u00e9poca de piso a techo.<\/p>\n<figure class=\"\" data-testid=\"figure-testid\">\n<div class=\"aspect_ratio__container\"><picture class=\"responsive-image\"><source srcset=\"https:\/\/tn.com.ar\/resizer\/v2\/desde-la-unidad-se-observa-la-zona-y-la-cupula-del-palacio-roccatagliata-foto-bresson-brokers-FURIDW4WI5GBPH4O27UISN64XA.jpg?auth=02027fa6a512b064464cf53807c3bf15104c8608e1d62e12c89b0c9c6810ad71&amp;width=767\" type=\"image\/jpg\" media=\"(max-width: 728px)\" \/><source srcset=\"https:\/\/tn.com.ar\/resizer\/v2\/desde-la-unidad-se-observa-la-zona-y-la-cupula-del-palacio-roccatagliata-foto-bresson-brokers-FURIDW4WI5GBPH4O27UISN64XA.jpg?auth=02027fa6a512b064464cf53807c3bf15104c8608e1d62e12c89b0c9c6810ad71&amp;width=1023\" type=\"image\/jpg\" media=\"(max-width: 1023px)\" \/><source srcset=\"https:\/\/tn.com.ar\/resizer\/v2\/desde-la-unidad-se-observa-la-zona-y-la-cupula-del-palacio-roccatagliata-foto-bresson-brokers-FURIDW4WI5GBPH4O27UISN64XA.jpg?auth=02027fa6a512b064464cf53807c3bf15104c8608e1d62e12c89b0c9c6810ad71&amp;width=1440\" type=\"image\/jpg\" \/><img loading=\"lazy\" decoding=\"async\" class=\"image content-image image_placeholder\" src=\"https:\/\/tn.com.ar\/resizer\/v2\/desde-la-unidad-se-observa-la-zona-y-la-cupula-del-palacio-roccatagliata-foto-bresson-brokers-FURIDW4WI5GBPH4O27UISN64XA.jpg?auth=02027fa6a512b064464cf53807c3bf15104c8608e1d62e12c89b0c9c6810ad71&amp;width=767\" alt=\"Desde la unidad se observa la zona y la c\u00fapula del Palacio Roccatagliata (Foto: Bresson Brokers)\" width=\"767\" height=\"723\" data-testid=\"loading-testid\" \/><\/picture><\/div><figcaption class=\"caption_image\" data-testid=\"figcaption-testid\">\n<div class=\"image_caption \">Desde la unidad se observa la zona y la c\u00fapula del Palacio Roccatagliata (Foto: Bresson Brokers)<\/div>\n<\/figcaption><\/figure>\n<p class=\"left paragraph font__body-regular\">En la zona de servicios se distribuyen la cocina con comedor diario, el lavadero, las dependencias y la baulera. Sobre este \u00faltimo espacio,\u00a0<b>Laura Gonzalo<\/b>, de Bresson Brokers, precis\u00f3: \u201cEs una habitaci\u00f3n de generosas dimensiones, antiguamente destinada a choferes, que hoy puede adaptarse como escritorio u otro uso.\u00a0<b>Tiene ventana propia y se accede por el ascensor de servicio, que tambi\u00e9n mantiene el estilo original pero es m\u00e1s amplio y permite incluso subir bicicletas<\/b>, un medio de transporte cada vez m\u00e1s usado\u201d.<\/p>\n<figure class=\"\" data-testid=\"figure-testid\">\n<div class=\"aspect_ratio__container\"><picture class=\"responsive-image\"><source srcset=\"https:\/\/tn.com.ar\/resizer\/v2\/alli-funciono-la-confiteria-del-aguila-inolvidable-foto-estudio-infill-MBXRIY3R2JD33MWW2AWECYDZDI.jpeg?auth=b56ab6204a38e579a909d750e5b161815fd20909181f4d13e34d97b2141285e8&amp;width=767\" type=\"image\/jpg\" media=\"(max-width: 728px)\" \/><source srcset=\"https:\/\/tn.com.ar\/resizer\/v2\/alli-funciono-la-confiteria-del-aguila-inolvidable-foto-estudio-infill-MBXRIY3R2JD33MWW2AWECYDZDI.jpeg?auth=b56ab6204a38e579a909d750e5b161815fd20909181f4d13e34d97b2141285e8&amp;width=1023\" type=\"image\/jpg\" media=\"(max-width: 1023px)\" \/><source srcset=\"https:\/\/tn.com.ar\/resizer\/v2\/alli-funciono-la-confiteria-del-aguila-inolvidable-foto-estudio-infill-MBXRIY3R2JD33MWW2AWECYDZDI.jpeg?auth=b56ab6204a38e579a909d750e5b161815fd20909181f4d13e34d97b2141285e8&amp;width=1440\" type=\"image\/jpg\" \/><img loading=\"lazy\" decoding=\"async\" class=\"image content-image image_placeholder\" src=\"https:\/\/tn.com.ar\/resizer\/v2\/alli-funciono-la-confiteria-del-aguila-inolvidable-foto-estudio-infill-MBXRIY3R2JD33MWW2AWECYDZDI.jpeg?auth=b56ab6204a38e579a909d750e5b161815fd20909181f4d13e34d97b2141285e8&amp;width=767\" alt=\"All\u00ed funcion\u00f3 la Confiter\u00eda del \u00c1guila, inolvidable (Foto: Estudio INFILL)\" width=\"767\" height=\"545\" data-testid=\"loading-testid\" \/><\/picture><\/div><figcaption class=\"caption_image\" data-testid=\"figcaption-testid\">\n<div class=\"image_caption \">All\u00ed funcion\u00f3 la Confiter\u00eda del \u00c1guila, inolvidable (Foto: Estudio INFILL)<\/div>\n<\/figcaption><\/figure>\n<p class=\"left paragraph font__body-regular\">La doble altura es otro rasgo destacado. \u201cEs una caracter\u00edstica impactante, propia del estilo y calidad de la obra. Genera la sensaci\u00f3n de mayor amplitud,\u00a0<b>permite colocar luminarias que realcen la est\u00e9tica, organizar distintos sectores y a la vez se combina con aberturas amplias que aportan luz natural<\/b>\u201d, se\u00f1al\u00f3 Gonzalo.<\/p>\n<figure class=\"\" data-testid=\"figure-testid\">\n<div class=\"aspect_ratio__container\"><picture class=\"responsive-image\"><source srcset=\"https:\/\/tn.com.ar\/resizer\/v2\/patricia-saran-hoy-se-dedica-a-promover-la-vida-sana-y-la-alimentacion-saludable-pero-se-hizo-muy-conocida-por-la-publicidad-en-el-ascensor-jaula-del-edificio-ubicado-en-recoleta-foto-facebook-patricia-saran-HPKA6JSVLZAWDNP5PMQSA4GARY.jpg?auth=83c05d63ace486c9ba64b5796dab23bd89fbe000b7b2a072e455d9c4072daad9&amp;width=767\" type=\"image\/jpg\" media=\"(max-width: 728px)\" \/><source srcset=\"https:\/\/tn.com.ar\/resizer\/v2\/patricia-saran-hoy-se-dedica-a-promover-la-vida-sana-y-la-alimentacion-saludable-pero-se-hizo-muy-conocida-por-la-publicidad-en-el-ascensor-jaula-del-edificio-ubicado-en-recoleta-foto-facebook-patricia-saran-HPKA6JSVLZAWDNP5PMQSA4GARY.jpg?auth=83c05d63ace486c9ba64b5796dab23bd89fbe000b7b2a072e455d9c4072daad9&amp;width=1023\" type=\"image\/jpg\" media=\"(max-width: 1023px)\" \/><source srcset=\"https:\/\/tn.com.ar\/resizer\/v2\/patricia-saran-hoy-se-dedica-a-promover-la-vida-sana-y-la-alimentacion-saludable-pero-se-hizo-muy-conocida-por-la-publicidad-en-el-ascensor-jaula-del-edificio-ubicado-en-recoleta-foto-facebook-patricia-saran-HPKA6JSVLZAWDNP5PMQSA4GARY.jpg?auth=83c05d63ace486c9ba64b5796dab23bd89fbe000b7b2a072e455d9c4072daad9&amp;width=1440\" type=\"image\/jpg\" \/><img loading=\"lazy\" decoding=\"async\" class=\"image content-image image_placeholder\" src=\"https:\/\/tn.com.ar\/resizer\/v2\/patricia-saran-hoy-se-dedica-a-promover-la-vida-sana-y-la-alimentacion-saludable-pero-se-hizo-muy-conocida-por-la-publicidad-en-el-ascensor-jaula-del-edificio-ubicado-en-recoleta-foto-facebook-patricia-saran-HPKA6JSVLZAWDNP5PMQSA4GARY.jpg?auth=83c05d63ace486c9ba64b5796dab23bd89fbe000b7b2a072e455d9c4072daad9&amp;width=767\" alt=\"Patricia Sar\u00e1n, hoy se dedica a promover la vida sana y la alimentaci\u00f3n saludable. Pero se hizo muy conocida por la publicidad en el ascensor jaula del edificio ubicado en Recoleta. Foto: Facebook \/ Patricia Sar\u00e1n\" width=\"767\" height=\"431\" data-testid=\"loading-testid\" \/><\/picture><\/div><figcaption class=\"caption_image\" data-testid=\"figcaption-testid\">\n<div class=\"image_caption \">Patricia Sar\u00e1n, hoy se dedica a promover la vida sana y la alimentaci\u00f3n saludable. Pero se hizo muy conocida por la publicidad en el ascensor jaula del edificio ubicado en Recoleta. Foto: Facebook \/ Patricia Sar\u00e1n<\/div>\n<\/figcaption><\/figure>\n<p class=\"left paragraph font__body-regular\">La propiedad est\u00e1 desocupada y en buenas condiciones, con detalles de ba\u00f1os y radiadores de \u00e9poca. El toilette conserva accesorios originales esmaltados y la cocina mantiene cer\u00e1micas calc\u00e1reas cl\u00e1sicas. Gonzalo aclar\u00f3: \u201cEl\u00a0<b>estado general es bueno, lo que abre la posibilidad de refacciones que potencien el charme del edificio<\/b>\u201d.<\/p>\n<p class=\"font--primary font__display\"><strong>Simbolismo puro<\/strong><\/p>\n<p class=\"left paragraph font__body-regular\">El inmueble se destaca tambi\u00e9n por su valor simb\u00f3lico.\u00a0<b>Fernando Lorenzi<\/b>, arquitecto del Estudio INFILL y especialista en refacci\u00f3n de c\u00fapulas, record\u00f3 que la construcci\u00f3n fue proyectada por el franc\u00e9s\u00a0<b>Robert Tiphaine<\/b>\u00a0y<b>\u00a0tuvo modificaciones que marcaron su historia<\/b>. \u201cLa desaparici\u00f3n de la Confiter\u00eda \u00c1guila en 1972 y la mutilaci\u00f3n de la c\u00fapula para colocar un cartel en los a\u00f1os 60 da\u00f1aron parte de su esencia, pero a\u00fan hoy conserva un atractivo arquitect\u00f3nico que lo coloca en un lugar \u00fanico en la ciudad. Fue Monumento Hist\u00f3rico Nacional desde 1997 y tiene un valor intangible que trasciende la unidad que ahora se pone en venta\u201d, afirm\u00f3.<\/p>\n<figure class=\"\" data-testid=\"figure-testid\">\n<div class=\"aspect_ratio__container\"><picture class=\"responsive-image\"><source srcset=\"https:\/\/tn.com.ar\/resizer\/v2\/maestro-clorindo-testa-figura-clave-de-la-arquitectura-flickr-amaia-2BJFWLRQD4KJKB2DL5IJRQLWJQ.jpg?auth=e5069e5daf28530a5e5adba62100a63fa71f5d5b921852961be705996490dae0&amp;width=767\" type=\"image\/jpg\" media=\"(max-width: 728px)\" \/><source srcset=\"https:\/\/tn.com.ar\/resizer\/v2\/maestro-clorindo-testa-figura-clave-de-la-arquitectura-flickr-amaia-2BJFWLRQD4KJKB2DL5IJRQLWJQ.jpg?auth=e5069e5daf28530a5e5adba62100a63fa71f5d5b921852961be705996490dae0&amp;width=1023\" type=\"image\/jpg\" media=\"(max-width: 1023px)\" \/><source srcset=\"https:\/\/tn.com.ar\/resizer\/v2\/maestro-clorindo-testa-figura-clave-de-la-arquitectura-flickr-amaia-2BJFWLRQD4KJKB2DL5IJRQLWJQ.jpg?auth=e5069e5daf28530a5e5adba62100a63fa71f5d5b921852961be705996490dae0&amp;width=1440\" type=\"image\/jpg\" \/><img loading=\"lazy\" decoding=\"async\" class=\"image content-image image_placeholder\" src=\"https:\/\/tn.com.ar\/resizer\/v2\/maestro-clorindo-testa-figura-clave-de-la-arquitectura-flickr-amaia-2BJFWLRQD4KJKB2DL5IJRQLWJQ.jpg?auth=e5069e5daf28530a5e5adba62100a63fa71f5d5b921852961be705996490dae0&amp;width=767\" alt=\"MAESTRO. Clorindo Testa figura clave de la arquitectura. (Flickr: Amaia).\" width=\"767\" height=\"432\" data-testid=\"loading-testid\" \/><\/picture><\/div><figcaption class=\"caption_image\" data-testid=\"figcaption-testid\">\n<div class=\"image_caption \">MAESTRO. Clorindo Testa figura clave de la arquitectura. (Flickr: Amaia).<\/div>\n<\/figcaption><\/figure>\n<p class=\"left paragraph font__body-regular\">El edificio fue sede de la Compa\u00f1\u00eda de Seguros La Franco Argentina y con el tiempo aloj\u00f3 personalidades\u00a0<b>como el m\u00e9dico y antrop\u00f3logo Antonio Fiz Fern\u00e1ndez<\/b>.<\/p>\n<p class=\"left paragraph font__body-regular\">En el sexto piso sobre avenida Santa Fe se instal\u00f3 el estudio de\u00a0<b>Clorindo Testa<\/b>, donde permaneci\u00f3 hasta su muerte y que hoy es sede de la Fundaci\u00f3n Testa.<\/p>\n<figure class=\"\" data-testid=\"figure-testid\">\n<div class=\"aspect_ratio__container\"><picture class=\"responsive-image\"><source srcset=\"https:\/\/tn.com.ar\/resizer\/v2\/el-ascensor-jaula-que-inmortalizo-patricia-saran-y-que-aun-perdura-en-el-edificio-foto-buenos-aires-al-paso-ig-PIZB7J5JP5CEZOUM55G76WZBWY.jpeg?auth=3b1540b60da9a4984dc019dd6f896b1a84a7c99c495b6c343d04dadb338341c9&amp;width=767\" type=\"image\/jpg\" media=\"(max-width: 728px)\" \/><source srcset=\"https:\/\/tn.com.ar\/resizer\/v2\/el-ascensor-jaula-que-inmortalizo-patricia-saran-y-que-aun-perdura-en-el-edificio-foto-buenos-aires-al-paso-ig-PIZB7J5JP5CEZOUM55G76WZBWY.jpeg?auth=3b1540b60da9a4984dc019dd6f896b1a84a7c99c495b6c343d04dadb338341c9&amp;width=1023\" type=\"image\/jpg\" media=\"(max-width: 1023px)\" \/><source srcset=\"https:\/\/tn.com.ar\/resizer\/v2\/el-ascensor-jaula-que-inmortalizo-patricia-saran-y-que-aun-perdura-en-el-edificio-foto-buenos-aires-al-paso-ig-PIZB7J5JP5CEZOUM55G76WZBWY.jpeg?auth=3b1540b60da9a4984dc019dd6f896b1a84a7c99c495b6c343d04dadb338341c9&amp;width=1440\" type=\"image\/jpg\" \/><img loading=\"lazy\" decoding=\"async\" class=\"image content-image image_placeholder\" src=\"https:\/\/tn.com.ar\/resizer\/v2\/el-ascensor-jaula-que-inmortalizo-patricia-saran-y-que-aun-perdura-en-el-edificio-foto-buenos-aires-al-paso-ig-PIZB7J5JP5CEZOUM55G76WZBWY.jpeg?auth=3b1540b60da9a4984dc019dd6f896b1a84a7c99c495b6c343d04dadb338341c9&amp;width=767\" alt=\"El ascensor jaula que inmortaliz\u00f3 Patricia Sar\u00e1n y que a\u00fan perdura en el edificio (Foto: Buenos Aires al Paso IG)\" width=\"767\" height=\"631\" data-testid=\"loading-testid\" \/><\/picture><\/div><figcaption class=\"caption_image\" data-testid=\"figcaption-testid\">\n<div class=\"image_caption \"><span style=\"font-size: 10pt;\"><em><strong>El ascensor jaula que inmortaliz\u00f3 Patricia Sar\u00e1n y que a\u00fan perdura en el edificio\u00a0<\/strong><\/em><\/span><\/div>\n<\/figcaption><\/figure>\n<p class=\"left paragraph font__body-regular\">Clorindo Testa (1923\u20132013), arquitecto \u00edtalo-argentino y referente del brutalismo,\u00a0<b>dej\u00f3 obras ic\u00f3nicas como la Biblioteca Nacional, el Banco de Londres y el Centro Cultural Recoleta<\/b>. Tambi\u00e9n proyect\u00f3 hospitales, viviendas y edificios p\u00fablicos que marcaron la arquitectura moderna en Buenos Aires. Fue adem\u00e1s artista pl\u00e1stico, con obra exhibida en bienales y museos internacionales.<\/p>\n<p class=\"font--primary font__display\"><strong>Distinci\u00f3n patrimonial<\/strong><\/p>\n<p class=\"left paragraph font__body-regular\">El valor patrimonial<b>\u00a0incluye tambi\u00e9n el ascensor jaula, fabricado por la empresa neoyorquina Otis<\/b>. Conserva su estructura de hierro, madera y asiento plegable. En plena d\u00e9cada del 80, ese elevador fue escenario de la publicidad que lanz\u00f3 a la fama a\u00a0<b>Patricia Sar\u00e1n (en plena \u00e9poca del Destape en 1983, cuando la Dictadura daba sus \u00faltimos pasos)<\/b>, quien apareci\u00f3 cambi\u00e1ndose de ropa en el reducido espacio.<\/p>\n<figure class=\"\" data-testid=\"figure-testid\">\n<div class=\"aspect_ratio__container\"><picture class=\"responsive-image\"><source srcset=\"https:\/\/tn.com.ar\/resizer\/v2\/comedor-del-departamento-en-venta-foto-bresson-brokers-AIENGY6YAFFD5E2RLQR76WUHKM.jpg?auth=897299165e7c4cf8c62c0600ac68fbe205de78b0853d3d826a6d41f4d828ba7a&amp;width=767\" type=\"image\/jpg\" media=\"(max-width: 728px)\" \/><source srcset=\"https:\/\/tn.com.ar\/resizer\/v2\/comedor-del-departamento-en-venta-foto-bresson-brokers-AIENGY6YAFFD5E2RLQR76WUHKM.jpg?auth=897299165e7c4cf8c62c0600ac68fbe205de78b0853d3d826a6d41f4d828ba7a&amp;width=1023\" type=\"image\/jpg\" media=\"(max-width: 1023px)\" \/><source srcset=\"https:\/\/tn.com.ar\/resizer\/v2\/comedor-del-departamento-en-venta-foto-bresson-brokers-AIENGY6YAFFD5E2RLQR76WUHKM.jpg?auth=897299165e7c4cf8c62c0600ac68fbe205de78b0853d3d826a6d41f4d828ba7a&amp;width=1440\" type=\"image\/jpg\" \/><img loading=\"lazy\" decoding=\"async\" class=\"image content-image image_placeholder\" src=\"https:\/\/tn.com.ar\/resizer\/v2\/comedor-del-departamento-en-venta-foto-bresson-brokers-AIENGY6YAFFD5E2RLQR76WUHKM.jpg?auth=897299165e7c4cf8c62c0600ac68fbe205de78b0853d3d826a6d41f4d828ba7a&amp;width=767\" alt=\"Comedor del departamento en venta (Foto: Bresson Brokers)\" width=\"767\" height=\"512\" data-testid=\"loading-testid\" \/><\/picture><\/div><figcaption class=\"caption_image\" data-testid=\"figcaption-testid\">\n<div class=\"image_caption \"><span style=\"font-size: 10pt;\"><strong>Comedor del departamento en venta\u00a0<\/strong><\/span><\/div>\n<\/figcaption><\/figure>\n<p class=\"paragraph font__body-regular\">El spot, que gener\u00f3 pol\u00e9mica y gran repercusi\u00f3n, inmortaliz\u00f3 al ascensor y lo transform\u00f3 en parte de la memoria colectiva porte\u00f1a.<\/p>\n<p class=\"left paragraph font__body-regular\">Para\u00a0<b>Joaqu\u00edn Manuel Castro<\/b>, creador de la cuenta Buenos Aires al Paso en redes sociales, que retrata la arquitectura de la ciudad, este tipo de propiedades generan fascinaci\u00f3n en el p\u00fablico.\u00a0<b>\u201cLa categor\u00eda del edificio, la dimensi\u00f3n de los ambientes del departamento en venta y la calidad de los detalles, desde las molduras hasta las boiseries, lo convierten en objeto de estudio\u201d<\/b>.<\/p>\n<figure class=\"\" data-testid=\"figure-testid\">\n<div class=\"aspect_ratio__container\"><picture class=\"responsive-image\"><source srcset=\"https:\/\/tn.com.ar\/resizer\/v2\/recepcion-curva-y-de-buena-distribucion-foto-buenos-aires-al-paso-ig-NDJJYHIQRFDB3DPJAXZ72NFG7E.jpeg?auth=bf399c7cbb5c92bfb7fa484fafbba886e619f660eab96028f50194773262c57e&amp;width=767\" type=\"image\/jpg\" media=\"(max-width: 728px)\" \/><source srcset=\"https:\/\/tn.com.ar\/resizer\/v2\/recepcion-curva-y-de-buena-distribucion-foto-buenos-aires-al-paso-ig-NDJJYHIQRFDB3DPJAXZ72NFG7E.jpeg?auth=bf399c7cbb5c92bfb7fa484fafbba886e619f660eab96028f50194773262c57e&amp;width=1023\" type=\"image\/jpg\" media=\"(max-width: 1023px)\" \/><source srcset=\"https:\/\/tn.com.ar\/resizer\/v2\/recepcion-curva-y-de-buena-distribucion-foto-buenos-aires-al-paso-ig-NDJJYHIQRFDB3DPJAXZ72NFG7E.jpeg?auth=bf399c7cbb5c92bfb7fa484fafbba886e619f660eab96028f50194773262c57e&amp;width=1440\" type=\"image\/jpg\" \/><img loading=\"lazy\" decoding=\"async\" class=\"image content-image image_placeholder\" src=\"https:\/\/tn.com.ar\/resizer\/v2\/recepcion-curva-y-de-buena-distribucion-foto-buenos-aires-al-paso-ig-NDJJYHIQRFDB3DPJAXZ72NFG7E.jpeg?auth=bf399c7cbb5c92bfb7fa484fafbba886e619f660eab96028f50194773262c57e&amp;width=767\" alt=\"Recepci\u00f3n curva y de buena distribuci\u00f3n (Foto: Buenos Aires al Paso IG)\" width=\"767\" height=\"613\" data-testid=\"loading-testid\" \/><\/picture><\/div><figcaption class=\"caption_image\" data-testid=\"figcaption-testid\">\n<div class=\"image_caption \"><span style=\"font-size: 10pt;\"><strong>Recepci\u00f3n curva y de buena distribuci\u00f3n\u00a0<\/strong><\/span><\/div>\n<\/figcaption><\/figure>\n<p class=\"left paragraph font__body-regular\">La\u00a0<b>recepci\u00f3n curva y los pisos originales son alucinantes<\/b>. Un edificio no deja de ser una construcci\u00f3n, pero sus habitantes y las historias que lo rodean le dan car\u00e1cter e identidad. Que Clorindo Testa eligiera tener all\u00ed su estudio refuerza su simbolismo\u201d, explic\u00f3 Castro.<\/p>\n<h2 class=\"font--primary font__display\">La c\u00fapula no existe<\/h2>\n<p class=\"left paragraph font__body-regular\">Castro destac\u00f3 adem\u00e1s el impacto de la p\u00e9rdida de la c\u00fapula: \u201c<b>Lamentablemente se perdi\u00f3 hace muchos a\u00f1os, no est\u00e1 claro si fue por incendio o por desmontaje para poner publicidad<\/b>, pero es un ejemplo de c\u00f3mo se diluyen elementos que defin\u00edan a estos edificios. Con la fotograf\u00eda se puede documentar esa ausencia, generar conciencia y a la vez inter\u00e9s para que, de forma privada o p\u00fablica, se recuperen estas piezas\u201d.<\/p>\n<figure class=\"\" data-testid=\"figure-testid\">\n<div class=\"aspect_ratio__container\"><picture class=\"responsive-image\"><source srcset=\"https:\/\/tn.com.ar\/resizer\/v2\/sin-cupula-solo-se-conservan-los-bordes-y-el-esqueleto-se-desconoce-que-sucedio-foto-buenos-aires-al-paso-ig-LK4Z6HM75VEBNGE4ZSPL3WK7G4.jpeg?auth=1c899852bf2aa0b8e26ce80af274f9a2da9272beb6350fc8122532f8868dd868&amp;width=767\" type=\"image\/jpg\" media=\"(max-width: 728px)\" \/><source srcset=\"https:\/\/tn.com.ar\/resizer\/v2\/sin-cupula-solo-se-conservan-los-bordes-y-el-esqueleto-se-desconoce-que-sucedio-foto-buenos-aires-al-paso-ig-LK4Z6HM75VEBNGE4ZSPL3WK7G4.jpeg?auth=1c899852bf2aa0b8e26ce80af274f9a2da9272beb6350fc8122532f8868dd868&amp;width=1023\" type=\"image\/jpg\" media=\"(max-width: 1023px)\" \/><source srcset=\"https:\/\/tn.com.ar\/resizer\/v2\/sin-cupula-solo-se-conservan-los-bordes-y-el-esqueleto-se-desconoce-que-sucedio-foto-buenos-aires-al-paso-ig-LK4Z6HM75VEBNGE4ZSPL3WK7G4.jpeg?auth=1c899852bf2aa0b8e26ce80af274f9a2da9272beb6350fc8122532f8868dd868&amp;width=1440\" type=\"image\/jpg\" \/><img loading=\"lazy\" decoding=\"async\" class=\"image content-image image_placeholder\" src=\"https:\/\/tn.com.ar\/resizer\/v2\/sin-cupula-solo-se-conservan-los-bordes-y-el-esqueleto-se-desconoce-que-sucedio-foto-buenos-aires-al-paso-ig-LK4Z6HM75VEBNGE4ZSPL3WK7G4.jpeg?auth=1c899852bf2aa0b8e26ce80af274f9a2da9272beb6350fc8122532f8868dd868&amp;width=767\" alt=\"Sin c\u00fapula, solo se conservan los bordes y el &quot;esqueleto&quot;, se desconoce que sucedi\u00f3 (Foto: Buenos Aires al Paso IG)\" width=\"767\" height=\"653\" data-testid=\"loading-testid\" \/><\/picture><\/div><figcaption class=\"caption_image\" data-testid=\"figcaption-testid\">\n<div class=\"image_caption \"><span style=\"font-size: 10pt;\"><strong>Sin c\u00fapula, solo se conservan los bordes y el \u00abesqueleto\u00bb, se desconoce que sucedi\u00f3\u00a0<\/strong><\/span><\/div>\n<\/figcaption><\/figure>\n<p class=\"left paragraph font__body-regular\">La unidad que sali\u00f3 al mercado\u00a0<b>mantiene la esencia de los departamentos franceses de principios del siglo XX<\/b>: ambientes amplios, techos altos, circulaci\u00f3n doble que diferencia \u00e1reas sociales, privadas y de servicio, y materiales nobles. Al mismo tiempo, se ofrece en un barrio con alta demanda residencial y profesional, ya que el edificio admite usos mixtos. Hubo consultorios m\u00e9dicos, estudios de arquitectura y oficinas, adem\u00e1s de viviendas familiares.<\/p>\n<p class=\"left paragraph font__body-regular\">Por su localizaci\u00f3n en la intersecci\u00f3n de dos avenidas centrales,\u00a0<b>su cercan\u00eda a medios de transporte, universidades y centros culturales, la propiedad despierta inter\u00e9s de familias, profesionales y tambi\u00e9n de inversores extranjeros que valoran la historia arquitect\u00f3nica<\/b>\u00a0de Buenos Aires. Gonzalo acot\u00f3: \u201cHay clientes que buscan vivir rodeados de arte e identidad urbana. Este edificio tiene ambos atributos\u201d, resumi\u00f3 Gonzalo.<\/p>\n<figure class=\"\" data-testid=\"figure-testid\">\n<div class=\"aspect_ratio__container\"><picture class=\"responsive-image\"><source srcset=\"https:\/\/tn.com.ar\/resizer\/v2\/con-boiseries-buena-altura-de-piso-a-techo-y-roble-de-eslavonia-en-la-terminacion-foto-bresson-brokers-VV6ZB3IRLJCX7G4F762SUZSLAE.jpg?auth=eb5f2a4522831373b9f724d565148aca039b72befdd81caa441ee6dcc4f6ed92&amp;width=767\" type=\"image\/jpg\" media=\"(max-width: 728px)\" \/><source srcset=\"https:\/\/tn.com.ar\/resizer\/v2\/con-boiseries-buena-altura-de-piso-a-techo-y-roble-de-eslavonia-en-la-terminacion-foto-bresson-brokers-VV6ZB3IRLJCX7G4F762SUZSLAE.jpg?auth=eb5f2a4522831373b9f724d565148aca039b72befdd81caa441ee6dcc4f6ed92&amp;width=1023\" type=\"image\/jpg\" media=\"(max-width: 1023px)\" \/><source srcset=\"https:\/\/tn.com.ar\/resizer\/v2\/con-boiseries-buena-altura-de-piso-a-techo-y-roble-de-eslavonia-en-la-terminacion-foto-bresson-brokers-VV6ZB3IRLJCX7G4F762SUZSLAE.jpg?auth=eb5f2a4522831373b9f724d565148aca039b72befdd81caa441ee6dcc4f6ed92&amp;width=1440\" type=\"image\/jpg\" \/><img loading=\"lazy\" decoding=\"async\" class=\"image content-image image_placeholder\" src=\"https:\/\/tn.com.ar\/resizer\/v2\/con-boiseries-buena-altura-de-piso-a-techo-y-roble-de-eslavonia-en-la-terminacion-foto-bresson-brokers-VV6ZB3IRLJCX7G4F762SUZSLAE.jpg?auth=eb5f2a4522831373b9f724d565148aca039b72befdd81caa441ee6dcc4f6ed92&amp;width=767\" alt=\"Con boiseries, buena altura de piso a techo y Roble de Eslavonia en la terminaci\u00f3n (Foto: Bresson Brokers)\" width=\"767\" height=\"511\" data-testid=\"loading-testid\" \/><\/picture><\/div><figcaption class=\"caption_image\" data-testid=\"figcaption-testid\">\n<div class=\"image_caption \"><strong>Con boiseries, buena altura de piso a techo y Roble de Eslavonia en la terminaci\u00f3n\u00a0<\/strong><\/div>\n<\/figcaption><\/figure>\n<p class=\"left paragraph font__body-regular\">La esquina de Callao y Santa Fe condensa m\u00e1s de un siglo de vida porte\u00f1a.\u00a0<b>Desde las reuniones de presidentes y figuras de la aristocracia en la Confiter\u00eda del \u00c1guila<\/b>, pasando por la creatividad de Clorindo Testa, hasta el recuerdo popular de un spot publicitario, el edificio se transform\u00f3 en testigo de la ciudad. Lorenzi concluy\u00f3: \u201cLa venta de esta unidad reabre esa memoria y muestra que, aun con el paso del tiempo,<b>\u00a0la arquitectura patrimonial sigue siendo un valor buscado en el mercado inmobiliario<\/b>\u201d.<\/p>\n<\/div>\n<p>&nbsp;<\/p>\n<\/div>\n<\/div>\n","protected":false},"excerpt":{"rendered":"<p>Recoleta que sale menos de US$2 mil el metro. En una esquina ic\u00f3nica funcion\u00f3 la confiter\u00eda emblem\u00e1tica y en el inmueble tuvo su estudio el prestigioso arquitecto Clorindo Testa. Ahora se ofrece un departamento de 278 m2. Por qu\u00e9 es un lugar hist\u00f3rico. Sali\u00f3 en venta\u00a0una joya de Recoleta en la esquina de Avenidas Callao &hellip;<\/p>\n","protected":false},"author":2,"featured_media":11193,"comment_status":"open","ping_status":"open","sticky":false,"template":"","format":"standard","meta":{"footnotes":""},"categories":[28,33],"tags":[2490],"class_list":["post-11192","post","type-post","status-publish","format-standard","has-post-thumbnail","hentry","category-economia","category-nacionales","tag-la-chica-del-ascensor"],"_links":{"self":[{"href":"https:\/\/cafeprensa.com.ar\/index.php\/wp-json\/wp\/v2\/posts\/11192","targetHints":{"allow":["GET"]}}],"collection":[{"href":"https:\/\/cafeprensa.com.ar\/index.php\/wp-json\/wp\/v2\/posts"}],"about":[{"href":"https:\/\/cafeprensa.com.ar\/index.php\/wp-json\/wp\/v2\/types\/post"}],"author":[{"embeddable":true,"href":"https:\/\/cafeprensa.com.ar\/index.php\/wp-json\/wp\/v2\/users\/2"}],"replies":[{"embeddable":true,"href":"https:\/\/cafeprensa.com.ar\/index.php\/wp-json\/wp\/v2\/comments?post=11192"}],"version-history":[{"count":1,"href":"https:\/\/cafeprensa.com.ar\/index.php\/wp-json\/wp\/v2\/posts\/11192\/revisions"}],"predecessor-version":[{"id":11194,"href":"https:\/\/cafeprensa.com.ar\/index.php\/wp-json\/wp\/v2\/posts\/11192\/revisions\/11194"}],"wp:featuredmedia":[{"embeddable":true,"href":"https:\/\/cafeprensa.com.ar\/index.php\/wp-json\/wp\/v2\/media\/11193"}],"wp:attachment":[{"href":"https:\/\/cafeprensa.com.ar\/index.php\/wp-json\/wp\/v2\/media?parent=11192"}],"wp:term":[{"taxonomy":"category","embeddable":true,"href":"https:\/\/cafeprensa.com.ar\/index.php\/wp-json\/wp\/v2\/categories?post=11192"},{"taxonomy":"post_tag","embeddable":true,"href":"https:\/\/cafeprensa.com.ar\/index.php\/wp-json\/wp\/v2\/tags?post=11192"}],"curies":[{"name":"wp","href":"https:\/\/api.w.org\/{rel}","templated":true}]}}