{"id":11236,"date":"2025-09-15T13:45:18","date_gmt":"2025-09-15T11:45:18","guid":{"rendered":"https:\/\/cafeprensa.com.ar\/?p=11236"},"modified":"2025-09-15T13:45:18","modified_gmt":"2025-09-15T11:45:18","slug":"un-taficeno-representara-a-argentina-en-el-mundial-de-taekwondo","status":"publish","type":"post","link":"https:\/\/cafeprensa.com.ar\/index.php\/2025\/09\/15\/un-taficeno-representara-a-argentina-en-el-mundial-de-taekwondo\/","title":{"rendered":"Un tafice\u00f1o representar\u00e1 a Argentina en el Mundial de Taekwondo"},"content":{"rendered":"<div class=\"post-header-area\">\n<p class=\"sumario\">La intendenta <strong>Alejandra Rodr\u00edguez<\/strong>\u00a0recibi\u00f3 en su despacho a<strong>\u00a0Ren\u00e9 Bustos<\/strong>, destacado taekwondista de Taf\u00ed Viejo que representar\u00e1 a la ciudad en el pr\u00f3ximo <strong>Mundial de Taekwondo<\/strong> a realizarse en Italia durante el mes de octubre. <strong>El encuentro reafirm\u00f3 el compromiso del municipio con el deporte local y con los atletas que llevan en alto la bandera de la ciudad.<img loading=\"lazy\" decoding=\"async\" class=\"alignnone wp-image-11237 size-full\" src=\"https:\/\/cafeprensa.com.ar\/wp-content\/uploads\/2025\/09\/830x465_250911152721_68653.jpg\" alt=\"\" width=\"830\" height=\"465\" srcset=\"https:\/\/cafeprensa.com.ar\/wp-content\/uploads\/2025\/09\/830x465_250911152721_68653.jpg 830w, https:\/\/cafeprensa.com.ar\/wp-content\/uploads\/2025\/09\/830x465_250911152721_68653-300x168.jpg 300w, https:\/\/cafeprensa.com.ar\/wp-content\/uploads\/2025\/09\/830x465_250911152721_68653-768x430.jpg 768w\" sizes=\"auto, (max-width: 830px) 100vw, 830px\" \/><\/strong><\/p>\n<\/div>\n<div class=\"post-content-area\">\n<p>En la reuni\u00f3n tambi\u00e9n estuvieron presentes el secretario de Desarrollo Social,\u00a0<strong>Maximiliano Bevacqua<\/strong>, y el director de Deportes,<strong>\u00a0Eduardo<\/strong>\u00a0&#8216;<strong>Ichy&#8217; Romano<\/strong>, quienes acompa\u00f1aron la iniciativa.\u00a0 <strong>El apoyo brindado busca garantizar que Bustos pueda concretar el sue\u00f1o de competir en su quinto mundial, una meta alcanzada gracias a su esfuerzo y trayectoria en esta disciplina.<img loading=\"lazy\" decoding=\"async\" class=\"alignnone wp-image-11239 size-large\" src=\"https:\/\/cafeprensa.com.ar\/wp-content\/uploads\/2025\/09\/250911152747_81716-1024x682.jpg\" alt=\"\" width=\"1024\" height=\"682\" srcset=\"https:\/\/cafeprensa.com.ar\/wp-content\/uploads\/2025\/09\/250911152747_81716-1024x682.jpg 1024w, https:\/\/cafeprensa.com.ar\/wp-content\/uploads\/2025\/09\/250911152747_81716-300x200.jpg 300w, https:\/\/cafeprensa.com.ar\/wp-content\/uploads\/2025\/09\/250911152747_81716-768x512.jpg 768w, https:\/\/cafeprensa.com.ar\/wp-content\/uploads\/2025\/09\/250911152747_81716-1536x1023.jpg 1536w, https:\/\/cafeprensa.com.ar\/wp-content\/uploads\/2025\/09\/250911152747_81716.jpg 1600w\" sizes=\"auto, (max-width: 1024px) 100vw, 1024px\" \/><\/strong><\/p>\n<p><strong>\u201cPor medio del director de Deportes y del secretario de Desarrollo Social mantuve una reuni\u00f3n con la Intendenta. Yo fui seleccionado para participar en un campeonato mundial de taekwondo en Italia ahora en octubre. Se comprometi\u00f3 a apoyarnos para este evento, as\u00ed que muy contento de ser tafice\u00f1o y poder representarnos\u201d, expres\u00f3 Bustos con orgullo.<\/strong><\/p>\n<p>E<strong>l Mundial de Taekwondo se disputar\u00e1 del 3 al 10 de octubre en Italia<\/strong> y reunir\u00e1 a competidores de distintos pa\u00edses. Para Taf\u00ed Viejo, la participaci\u00f3n de Ren\u00e9 Bustos significa un logro deportivo y un motivo de orgullo colectivo que fortalece la identidad de la ciudad en el plano internacional.<\/p>\n<\/div>\n","protected":false},"excerpt":{"rendered":"<p>La intendenta Alejandra Rodr\u00edguez\u00a0recibi\u00f3 en su despacho a\u00a0Ren\u00e9 Bustos, destacado taekwondista de Taf\u00ed Viejo que representar\u00e1 a la ciudad en el pr\u00f3ximo Mundial de Taekwondo a realizarse en Italia durante el mes de octubre. El encuentro reafirm\u00f3 el compromiso del municipio con el deporte local y con los atletas que llevan en alto la bandera &hellip;<\/p>\n","protected":false},"author":2,"featured_media":11238,"comment_status":"open","ping_status":"open","sticky":false,"template":"","format":"standard","meta":{"footnotes":""},"categories":[29,34],"tags":[2497,2496,1086],"class_list":["post-11236","post","type-post","status-publish","format-standard","has-post-thumbnail","hentry","category-deportes","category-locales","tag-intendenta-alejandra-rodriguez","tag-mundial-de-taekwondo","tag-tafi-viejo"],"_links":{"self":[{"href":"https:\/\/cafeprensa.com.ar\/index.php\/wp-json\/wp\/v2\/posts\/11236","targetHints":{"allow":["GET"]}}],"collection":[{"href":"https:\/\/cafeprensa.com.ar\/index.php\/wp-json\/wp\/v2\/posts"}],"about":[{"href":"https:\/\/cafeprensa.com.ar\/index.php\/wp-json\/wp\/v2\/types\/post"}],"author":[{"embeddable":true,"href":"https:\/\/cafeprensa.com.ar\/index.php\/wp-json\/wp\/v2\/users\/2"}],"replies":[{"embeddable":true,"href":"https:\/\/cafeprensa.com.ar\/index.php\/wp-json\/wp\/v2\/comments?post=11236"}],"version-history":[{"count":1,"href":"https:\/\/cafeprensa.com.ar\/index.php\/wp-json\/wp\/v2\/posts\/11236\/revisions"}],"predecessor-version":[{"id":11240,"href":"https:\/\/cafeprensa.com.ar\/index.php\/wp-json\/wp\/v2\/posts\/11236\/revisions\/11240"}],"wp:featuredmedia":[{"embeddable":true,"href":"https:\/\/cafeprensa.com.ar\/index.php\/wp-json\/wp\/v2\/media\/11238"}],"wp:attachment":[{"href":"https:\/\/cafeprensa.com.ar\/index.php\/wp-json\/wp\/v2\/media?parent=11236"}],"wp:term":[{"taxonomy":"category","embeddable":true,"href":"https:\/\/cafeprensa.com.ar\/index.php\/wp-json\/wp\/v2\/categories?post=11236"},{"taxonomy":"post_tag","embeddable":true,"href":"https:\/\/cafeprensa.com.ar\/index.php\/wp-json\/wp\/v2\/tags?post=11236"}],"curies":[{"name":"wp","href":"https:\/\/api.w.org\/{rel}","templated":true}]}}