{"id":11283,"date":"2025-09-17T17:32:20","date_gmt":"2025-09-17T15:32:20","guid":{"rendered":"https:\/\/cafeprensa.com.ar\/?p=11283"},"modified":"2025-09-17T17:32:45","modified_gmt":"2025-09-17T15:32:45","slug":"carlos-ale-reafirmo-su-compromiso-con-jaldo-y-con-el-futuro-de-tucuman","status":"publish","type":"post","link":"https:\/\/cafeprensa.com.ar\/index.php\/2025\/09\/17\/carlos-ale-reafirmo-su-compromiso-con-jaldo-y-con-el-futuro-de-tucuman\/","title":{"rendered":"Carlos Ale reafirm\u00f3 su compromiso con Jaldo y con el futuro de Tucum\u00e1n"},"content":{"rendered":"<div dir=\"auto\">En un importante encuentro pol\u00edtico encabezado por el<strong> gobernador Osvaldo Jaldo, y con la presencia de legisladores, concejales y referentes del Partido de la Justicia Social (PJS)<\/strong> de toda la provincia, se abordaron diversos proyectos que tienen como eje fundamental mejorar la calidad de vida de los tucumanos.<\/div>\n<div dir=\"auto\">Durante la reuni\u00f3n, se puso en primer plano la necesidad de seguir fortaleciendo la salud, la educaci\u00f3n y el trabajo, pilares esenciales para el desarrollo de Tucum\u00e1n y el bienestar de cada familia.<\/div>\n<div dir=\"auto\"><strong>El concejal Carlos Ale particip\u00f3 del encuentro y expres\u00f3 su firme compromiso con la conducci\u00f3n de Osvaldo Jaldo, destacando la importancia de trabajar unidos para consolidar el proyecto pol\u00edtico que hoy garantiza estabilidad, crecimiento y oportunidades en la provincia.<\/strong><\/div>\n<div dir=\"auto\"><img loading=\"lazy\" decoding=\"async\" class=\"alignnone wp-image-11284 size-large\" src=\"https:\/\/cafeprensa.com.ar\/wp-content\/uploads\/2025\/09\/1000276797-691x1024.jpg\" alt=\"\" width=\"691\" height=\"1024\" srcset=\"https:\/\/cafeprensa.com.ar\/wp-content\/uploads\/2025\/09\/1000276797-691x1024.jpg 691w, https:\/\/cafeprensa.com.ar\/wp-content\/uploads\/2025\/09\/1000276797-202x300.jpg 202w, https:\/\/cafeprensa.com.ar\/wp-content\/uploads\/2025\/09\/1000276797-768x1139.jpg 768w, https:\/\/cafeprensa.com.ar\/wp-content\/uploads\/2025\/09\/1000276797-1036x1536.jpg 1036w, https:\/\/cafeprensa.com.ar\/wp-content\/uploads\/2025\/09\/1000276797.jpg 1079w\" sizes=\"auto, (max-width: 691px) 100vw, 691px\" \/><\/div>\n<div dir=\"auto\">De cara a las elecciones del pr\u00f3ximo 26 de octubre, <strong>Ale remarc\u00f3 su responsabilidad de aportar toda su experiencia, vocaci\u00f3n y esfuerzo para que el Frente Tucum\u00e1n Primero obtenga un contundente triunfo en la Capital, consolidando as\u00ed el liderazgo de Jaldo en toda la provincia.<\/strong><\/div>\n<div dir=\"auto\"><strong>\u201cEste es un momento clave para nuestra provincia. Con el gobernador Osvaldo Jaldo tenemos un conductor que supo ordenar, garantizar gobernabilidad y poner siempre en el centro al pueblo tucumano. Nuestro compromiso es claro: ganar la Capital el pr\u00f3ximo 26 de octubre y asegurar un futuro con m\u00e1s salud, m\u00e1s educaci\u00f3n y m\u00e1s trabajo para todos\u201d,<\/strong> afirm\u00f3 Ale.<\/div>\n<div dir=\"auto\">El Frente Tucum\u00e1n Primero, con la conducci\u00f3n de Jaldo y el compromiso de sus dirigentes, avanza hacia una nueva etapa donde la unidad pol\u00edtica ser\u00e1 la clave para enfrentar los desaf\u00edos que vienen y seguir construyendo un Tucum\u00e1n con m\u00e1s oportunidades.<\/div>\n","protected":false},"excerpt":{"rendered":"<p>En un importante encuentro pol\u00edtico encabezado por el gobernador Osvaldo Jaldo, y con la presencia de legisladores, concejales y referentes del Partido de la Justicia Social (PJS) de toda la provincia, se abordaron diversos proyectos que tienen como eje fundamental mejorar la calidad de vida de los tucumanos. Durante la reuni\u00f3n, se puso en primer &hellip;<\/p>\n","protected":false},"author":2,"featured_media":11285,"comment_status":"open","ping_status":"open","sticky":false,"template":"","format":"standard","meta":{"footnotes":""},"categories":[34,25],"tags":[1205,502,94],"class_list":["post-11283","post","type-post","status-publish","format-standard","has-post-thumbnail","hentry","category-locales","category-politica","tag-ale","tag-concejal-ana-gonzalez","tag-jaldo"],"_links":{"self":[{"href":"https:\/\/cafeprensa.com.ar\/index.php\/wp-json\/wp\/v2\/posts\/11283","targetHints":{"allow":["GET"]}}],"collection":[{"href":"https:\/\/cafeprensa.com.ar\/index.php\/wp-json\/wp\/v2\/posts"}],"about":[{"href":"https:\/\/cafeprensa.com.ar\/index.php\/wp-json\/wp\/v2\/types\/post"}],"author":[{"embeddable":true,"href":"https:\/\/cafeprensa.com.ar\/index.php\/wp-json\/wp\/v2\/users\/2"}],"replies":[{"embeddable":true,"href":"https:\/\/cafeprensa.com.ar\/index.php\/wp-json\/wp\/v2\/comments?post=11283"}],"version-history":[{"count":2,"href":"https:\/\/cafeprensa.com.ar\/index.php\/wp-json\/wp\/v2\/posts\/11283\/revisions"}],"predecessor-version":[{"id":11287,"href":"https:\/\/cafeprensa.com.ar\/index.php\/wp-json\/wp\/v2\/posts\/11283\/revisions\/11287"}],"wp:featuredmedia":[{"embeddable":true,"href":"https:\/\/cafeprensa.com.ar\/index.php\/wp-json\/wp\/v2\/media\/11285"}],"wp:attachment":[{"href":"https:\/\/cafeprensa.com.ar\/index.php\/wp-json\/wp\/v2\/media?parent=11283"}],"wp:term":[{"taxonomy":"category","embeddable":true,"href":"https:\/\/cafeprensa.com.ar\/index.php\/wp-json\/wp\/v2\/categories?post=11283"},{"taxonomy":"post_tag","embeddable":true,"href":"https:\/\/cafeprensa.com.ar\/index.php\/wp-json\/wp\/v2\/tags?post=11283"}],"curies":[{"name":"wp","href":"https:\/\/api.w.org\/{rel}","templated":true}]}}