{"id":11370,"date":"2025-09-23T12:32:55","date_gmt":"2025-09-23T10:32:55","guid":{"rendered":"https:\/\/cafeprensa.com.ar\/?p=11370"},"modified":"2025-09-23T12:33:14","modified_gmt":"2025-09-23T10:33:14","slug":"pelli-le-contesto-a-jaldo-ser-conocido-no-es-una-virtud","status":"publish","type":"post","link":"https:\/\/cafeprensa.com.ar\/index.php\/2025\/09\/23\/pelli-le-contesto-a-jaldo-ser-conocido-no-es-una-virtud\/","title":{"rendered":"Pelli le contest\u00f3 a Jaldo: \u201cSer conocido no es una virtud\u00bb"},"content":{"rendered":"<header class=\"entry-header\">\n<div class=\"entry-meta\">El cruce entre el gobernador Osvaldo Jaldo y el candidato libertario Federico Pelli subi\u00f3 de tono tras un comentario ir\u00f3nico del mandatario en rueda de prensa.<\/div>\n<div class=\"entry-meta\">El jefe provincial hab\u00eda desestimado a su rival preguntando: <strong>\u201c\u00bfQui\u00e9n es Pelli? No lo conozco\u201d<\/strong>.<\/div>\n<\/header>\n<div class=\"entry-content\">\n<p>La respuesta del postulante de <strong>La Libertad Avanza no tard\u00f3 en llegar<\/strong>.<\/p>\n<p><strong>Record\u00f3 su trayectoria en seguridad y su paso por el Ej\u00e9rcito Argentino en misiones internacionales de paz, destacando que decidi\u00f3 entrar en pol\u00edtica para representar las ideas de Javier Milei en el Congreso.<\/strong><\/p>\n<p>Pelli cuestion\u00f3 el valor de la \u201cfama pol\u00edtica\u201d en Tucum\u00e1n y apunt\u00f3 contra la dirigencia tradicional. <strong>\u201cLos pol\u00edticos que en Tucum\u00e1n vienen siendo los mismos hace 40 a\u00f1os como usted, son muy conocidos y a la vez altamente rechazados por la sociedad\u201d,<\/strong> remarc\u00f3.<\/p>\n<p>El libertario cerr\u00f3 el cruce con una definici\u00f3n tajante: <strong>\u201cEl 26 de octubre va a quedar claro si el pueblo elige entre los malos conocidos de siempre o personas honestas y con valores\u201d.<\/strong><\/p>\n<\/div>\n","protected":false},"excerpt":{"rendered":"<p>El cruce entre el gobernador Osvaldo Jaldo y el candidato libertario Federico Pelli subi\u00f3 de tono tras un comentario ir\u00f3nico del mandatario en rueda de prensa. El jefe provincial hab\u00eda desestimado a su rival preguntando: \u201c\u00bfQui\u00e9n es Pelli? No lo conozco\u201d. La respuesta del postulante de La Libertad Avanza no tard\u00f3 en llegar. Record\u00f3 su &hellip;<\/p>\n","protected":false},"author":2,"featured_media":11371,"comment_status":"open","ping_status":"open","sticky":false,"template":"","format":"standard","meta":{"footnotes":""},"categories":[34,25],"tags":[2236,94],"class_list":["post-11370","post","type-post","status-publish","format-standard","has-post-thumbnail","hentry","category-locales","category-politica","tag-federico-pelli","tag-jaldo"],"_links":{"self":[{"href":"https:\/\/cafeprensa.com.ar\/index.php\/wp-json\/wp\/v2\/posts\/11370","targetHints":{"allow":["GET"]}}],"collection":[{"href":"https:\/\/cafeprensa.com.ar\/index.php\/wp-json\/wp\/v2\/posts"}],"about":[{"href":"https:\/\/cafeprensa.com.ar\/index.php\/wp-json\/wp\/v2\/types\/post"}],"author":[{"embeddable":true,"href":"https:\/\/cafeprensa.com.ar\/index.php\/wp-json\/wp\/v2\/users\/2"}],"replies":[{"embeddable":true,"href":"https:\/\/cafeprensa.com.ar\/index.php\/wp-json\/wp\/v2\/comments?post=11370"}],"version-history":[{"count":1,"href":"https:\/\/cafeprensa.com.ar\/index.php\/wp-json\/wp\/v2\/posts\/11370\/revisions"}],"predecessor-version":[{"id":11372,"href":"https:\/\/cafeprensa.com.ar\/index.php\/wp-json\/wp\/v2\/posts\/11370\/revisions\/11372"}],"wp:featuredmedia":[{"embeddable":true,"href":"https:\/\/cafeprensa.com.ar\/index.php\/wp-json\/wp\/v2\/media\/11371"}],"wp:attachment":[{"href":"https:\/\/cafeprensa.com.ar\/index.php\/wp-json\/wp\/v2\/media?parent=11370"}],"wp:term":[{"taxonomy":"category","embeddable":true,"href":"https:\/\/cafeprensa.com.ar\/index.php\/wp-json\/wp\/v2\/categories?post=11370"},{"taxonomy":"post_tag","embeddable":true,"href":"https:\/\/cafeprensa.com.ar\/index.php\/wp-json\/wp\/v2\/tags?post=11370"}],"curies":[{"name":"wp","href":"https:\/\/api.w.org\/{rel}","templated":true}]}}