{"id":11373,"date":"2025-09-23T12:48:36","date_gmt":"2025-09-23T10:48:36","guid":{"rendered":"https:\/\/cafeprensa.com.ar\/?p=11373"},"modified":"2025-09-23T12:53:15","modified_gmt":"2025-09-23T10:53:15","slug":"la-ofelia-fernandez-reconocio-que-el-ministerio-de-la-mujer-fue-un-fracaso-y-una-mentira-total","status":"publish","type":"post","link":"https:\/\/cafeprensa.com.ar\/index.php\/2025\/09\/23\/la-ofelia-fernandez-reconocio-que-el-ministerio-de-la-mujer-fue-un-fracaso-y-una-mentira-total\/","title":{"rendered":"La Ofelia Fern\u00e1ndez reconoci\u00f3 que el Ministerio de la Mujer fue un fracaso y una \u00abmentira total\u00bb"},"content":{"rendered":"<div class=\"the-post-header s-head-modern s-head-modern-a has-share-meta-right\">\n<div class=\"post-meta post-meta-a post-meta-left post-meta-single has-below\"><em>La ex-legisladora porte\u00f1a habl\u00f3 sobre el fracaso del ministerio creado por el kirchnerismo.<\/em><\/div>\n<\/div>\n<div class=\"the-post s-post-modern\">\n<article id=\"post-78958\" class=\"post-78958 post type-post status-publish format-standard has-post-thumbnail category-buenos-aires category-destacada-2 tag-frente-de-todos tag-ministerio-de-la-mujer tag-ministerio-de-las-mujeres-generos-y-diversidad tag-ofelia-fernandez\">\n<div class=\"post-content-wrap has-share-float\">\n<div class=\"post-content cf entry-content content-spacious\">\n<p>El viernes pasado la ex-legisladora kirchnerista,\u00a0<strong>Ofelia Fern\u00e1ndez<\/strong>, expres\u00f3 en una entrevista realizada en el canal de streaming\u00a0<strong>Gelatina<\/strong>, que el\u00a0ex-Ministerio de las Mujeres, G\u00e9neros y Diversidad, no cumplia sus funciones: fue un \u201cfraude\u201d y una \u201cmentira total\u201d.<img loading=\"lazy\" decoding=\"async\" class=\"alignnone wp-image-11378 size-large\" src=\"https:\/\/cafeprensa.com.ar\/wp-content\/uploads\/2025\/09\/ofelia-votando-797294-1024x576.jpg\" alt=\"\" width=\"1024\" height=\"576\" srcset=\"https:\/\/cafeprensa.com.ar\/wp-content\/uploads\/2025\/09\/ofelia-votando-797294-1024x576.jpg 1024w, https:\/\/cafeprensa.com.ar\/wp-content\/uploads\/2025\/09\/ofelia-votando-797294-300x169.jpg 300w, https:\/\/cafeprensa.com.ar\/wp-content\/uploads\/2025\/09\/ofelia-votando-797294-768x432.jpg 768w, https:\/\/cafeprensa.com.ar\/wp-content\/uploads\/2025\/09\/ofelia-votando-797294-390x220.jpg 390w, https:\/\/cafeprensa.com.ar\/wp-content\/uploads\/2025\/09\/ofelia-votando-797294.jpg 1300w\" sizes=\"auto, (max-width: 1024px) 100vw, 1024px\" \/><\/p>\n<p><strong>La declaraci\u00f3n \u00abcay\u00f3 como un balde de agua fr\u00eda\u00bb para muchos de sus seguidores en las redes sociales. La mayor\u00eda cre\u00eda en su postura \u00abprogre\u00bb, producto de su militancia y apoyo incondicional al kirchnerismo y al feminismo.<img loading=\"lazy\" decoding=\"async\" class=\"alignnone wp-image-11374 size-full\" src=\"https:\/\/cafeprensa.com.ar\/wp-content\/uploads\/2025\/09\/20190806164643_1.jpg\" alt=\"\" width=\"880\" height=\"495\" srcset=\"https:\/\/cafeprensa.com.ar\/wp-content\/uploads\/2025\/09\/20190806164643_1.jpg 880w, https:\/\/cafeprensa.com.ar\/wp-content\/uploads\/2025\/09\/20190806164643_1-300x169.jpg 300w, https:\/\/cafeprensa.com.ar\/wp-content\/uploads\/2025\/09\/20190806164643_1-768x432.jpg 768w, https:\/\/cafeprensa.com.ar\/wp-content\/uploads\/2025\/09\/20190806164643_1-390x220.jpg 390w\" sizes=\"auto, (max-width: 880px) 100vw, 880px\" \/><\/strong><\/p>\n<p>Fern\u00e1ndez expres\u00f3 que durante su gesti\u00f3n como funcionaria legislativa recib\u00eda mensajes de mujeres denunciando irregularidades internas y pr\u00e1cticas que afectaban la efectividad del organismo:<strong>\u00a0\u201cNo paraba de recibir mensajes de minas que rebotaban en el Ministerio de la Mujer. Era una instituci\u00f3n de mentira, no serv\u00eda para nada\u201d<\/strong>, expres\u00f3.<img loading=\"lazy\" decoding=\"async\" class=\"alignnone wp-image-11375 size-large\" src=\"https:\/\/cafeprensa.com.ar\/wp-content\/uploads\/2025\/09\/alberto-fernandez-ofelia-fernandez-939892-164455-1024x768.jpg\" alt=\"\" width=\"1024\" height=\"768\" srcset=\"https:\/\/cafeprensa.com.ar\/wp-content\/uploads\/2025\/09\/alberto-fernandez-ofelia-fernandez-939892-164455-1024x768.jpg 1024w, https:\/\/cafeprensa.com.ar\/wp-content\/uploads\/2025\/09\/alberto-fernandez-ofelia-fernandez-939892-164455-300x225.jpg 300w, https:\/\/cafeprensa.com.ar\/wp-content\/uploads\/2025\/09\/alberto-fernandez-ofelia-fernandez-939892-164455-768x576.jpg 768w, https:\/\/cafeprensa.com.ar\/wp-content\/uploads\/2025\/09\/alberto-fernandez-ofelia-fernandez-939892-164455.jpg 1040w\" sizes=\"auto, (max-width: 1024px) 100vw, 1024px\" \/><\/p>\n<p>Destac\u00f3 que, pese a la creaci\u00f3n del Ministerio, muchas de sus acciones estaban desconectadas de las demandas reales del movimiento feminista.\u00a0<strong>\u201cA veces el feminismo institucional celebra cosas que est\u00e1n bien, pero no son suficientes\u201d<\/strong>, sostuvo al criticar el funcionamiento de la ex-cartera estatal.<img loading=\"lazy\" decoding=\"async\" class=\"alignnone wp-image-11376 size-large\" src=\"https:\/\/cafeprensa.com.ar\/wp-content\/uploads\/2025\/09\/c59f4af0-9652-40b6-8a6b-a25fdd666e1f_16-9-discover-aspect-ratio_default_0-1024x576.jpg\" alt=\"\" width=\"1024\" height=\"576\" srcset=\"https:\/\/cafeprensa.com.ar\/wp-content\/uploads\/2025\/09\/c59f4af0-9652-40b6-8a6b-a25fdd666e1f_16-9-discover-aspect-ratio_default_0-1024x576.jpg 1024w, https:\/\/cafeprensa.com.ar\/wp-content\/uploads\/2025\/09\/c59f4af0-9652-40b6-8a6b-a25fdd666e1f_16-9-discover-aspect-ratio_default_0-300x169.jpg 300w, https:\/\/cafeprensa.com.ar\/wp-content\/uploads\/2025\/09\/c59f4af0-9652-40b6-8a6b-a25fdd666e1f_16-9-discover-aspect-ratio_default_0-768x432.jpg 768w, https:\/\/cafeprensa.com.ar\/wp-content\/uploads\/2025\/09\/c59f4af0-9652-40b6-8a6b-a25fdd666e1f_16-9-discover-aspect-ratio_default_0-390x220.jpg 390w, https:\/\/cafeprensa.com.ar\/wp-content\/uploads\/2025\/09\/c59f4af0-9652-40b6-8a6b-a25fdd666e1f_16-9-discover-aspect-ratio_default_0.jpg 1200w\" sizes=\"auto, (max-width: 1024px) 100vw, 1024px\" \/><\/p>\n<p>Remarc\u00f3 la limitada visi\u00f3n del Ministerio respecto a pol\u00edticas de cuidado, trabajo comunitario y profesionalizaci\u00f3n de sectores feminizados como la enfermer\u00eda. En sus palabras,\u00a0<strong>\u201cson las mujeres las que arman comedores, ollas populares y le ponen el cuerpo a las crisis; pero esas tareas no est\u00e1n reconocidas ni profesionalizadas\u201d<\/strong>.<\/p>\n<div class=\"wp-block-image\">\n<figure class=\"aligncenter size-large\"><a href=\"https:\/\/elfederalnoticias.com.ar\/wp-content\/uploads\/2025\/09\/image-191.png\"><img loading=\"lazy\" decoding=\"async\" class=\"wp-image-78960\" src=\"https:\/\/elfederalnoticias.com.ar\/wp-content\/uploads\/2025\/09\/image-191-819x1024.png\" sizes=\"auto, (max-width: 819px) 100vw, 819px\" srcset=\"https:\/\/elfederalnoticias.com.ar\/wp-content\/uploads\/2025\/09\/image-191-819x1024.png 819w, https:\/\/elfederalnoticias.com.ar\/wp-content\/uploads\/2025\/09\/image-191-240x300.png 240w, https:\/\/elfederalnoticias.com.ar\/wp-content\/uploads\/2025\/09\/image-191-768x960.png 768w, https:\/\/elfederalnoticias.com.ar\/wp-content\/uploads\/2025\/09\/image-191-150x188.png 150w, https:\/\/elfederalnoticias.com.ar\/wp-content\/uploads\/2025\/09\/image-191-450x563.png 450w, https:\/\/elfederalnoticias.com.ar\/wp-content\/uploads\/2025\/09\/image-191.png 960w\" alt=\"\" width=\"819\" height=\"1024\" \/><\/a><\/figure>\n<\/div>\n<p>&nbsp;<\/p>\n<figure class=\"wp-block-image size-large\"><a href=\"https:\/\/elfederalnoticias.com.ar\/wp-content\/uploads\/2025\/09\/image-192.png\"><img loading=\"lazy\" decoding=\"async\" class=\"wp-image-78961\" src=\"https:\/\/elfederalnoticias.com.ar\/wp-content\/uploads\/2025\/09\/image-192-1024x684.png\" sizes=\"auto, (max-width: 1024px) 100vw, 1024px\" srcset=\"https:\/\/elfederalnoticias.com.ar\/wp-content\/uploads\/2025\/09\/image-192-1024x684.png 1024w, https:\/\/elfederalnoticias.com.ar\/wp-content\/uploads\/2025\/09\/image-192-300x200.png 300w, https:\/\/elfederalnoticias.com.ar\/wp-content\/uploads\/2025\/09\/image-192-768x513.png 768w, https:\/\/elfederalnoticias.com.ar\/wp-content\/uploads\/2025\/09\/image-192-150x100.png 150w, https:\/\/elfederalnoticias.com.ar\/wp-content\/uploads\/2025\/09\/image-192-450x300.png 450w, https:\/\/elfederalnoticias.com.ar\/wp-content\/uploads\/2025\/09\/image-192.png 1170w\" alt=\"\" width=\"1024\" height=\"684\" \/><\/a><\/figure>\n<\/div>\n<\/div>\n<\/article>\n<\/div>\n","protected":false},"excerpt":{"rendered":"<p>La ex-legisladora porte\u00f1a habl\u00f3 sobre el fracaso del ministerio creado por el kirchnerismo. El viernes pasado la ex-legisladora kirchnerista,\u00a0Ofelia Fern\u00e1ndez, expres\u00f3 en una entrevista realizada en el canal de streaming\u00a0Gelatina, que el\u00a0ex-Ministerio de las Mujeres, G\u00e9neros y Diversidad, no cumplia sus funciones: fue un \u201cfraude\u201d y una \u201cmentira total\u201d. La declaraci\u00f3n \u00abcay\u00f3 como un balde &hellip;<\/p>\n","protected":false},"author":2,"featured_media":11377,"comment_status":"open","ping_status":"open","sticky":false,"template":"","format":"standard","meta":{"footnotes":""},"categories":[33,25],"tags":[122,1030,2521,121],"class_list":["post-11373","post","type-post","status-publish","format-standard","has-post-thumbnail","hentry","category-nacionales","category-politica","tag-cristina","tag-maximo","tag-ofelia-fernandez","tag-pj"],"_links":{"self":[{"href":"https:\/\/cafeprensa.com.ar\/index.php\/wp-json\/wp\/v2\/posts\/11373","targetHints":{"allow":["GET"]}}],"collection":[{"href":"https:\/\/cafeprensa.com.ar\/index.php\/wp-json\/wp\/v2\/posts"}],"about":[{"href":"https:\/\/cafeprensa.com.ar\/index.php\/wp-json\/wp\/v2\/types\/post"}],"author":[{"embeddable":true,"href":"https:\/\/cafeprensa.com.ar\/index.php\/wp-json\/wp\/v2\/users\/2"}],"replies":[{"embeddable":true,"href":"https:\/\/cafeprensa.com.ar\/index.php\/wp-json\/wp\/v2\/comments?post=11373"}],"version-history":[{"count":3,"href":"https:\/\/cafeprensa.com.ar\/index.php\/wp-json\/wp\/v2\/posts\/11373\/revisions"}],"predecessor-version":[{"id":11381,"href":"https:\/\/cafeprensa.com.ar\/index.php\/wp-json\/wp\/v2\/posts\/11373\/revisions\/11381"}],"wp:featuredmedia":[{"embeddable":true,"href":"https:\/\/cafeprensa.com.ar\/index.php\/wp-json\/wp\/v2\/media\/11377"}],"wp:attachment":[{"href":"https:\/\/cafeprensa.com.ar\/index.php\/wp-json\/wp\/v2\/media?parent=11373"}],"wp:term":[{"taxonomy":"category","embeddable":true,"href":"https:\/\/cafeprensa.com.ar\/index.php\/wp-json\/wp\/v2\/categories?post=11373"},{"taxonomy":"post_tag","embeddable":true,"href":"https:\/\/cafeprensa.com.ar\/index.php\/wp-json\/wp\/v2\/tags?post=11373"}],"curies":[{"name":"wp","href":"https:\/\/api.w.org\/{rel}","templated":true}]}}