{"id":11389,"date":"2025-09-23T14:58:18","date_gmt":"2025-09-23T12:58:18","guid":{"rendered":"https:\/\/cafeprensa.com.ar\/?p=11389"},"modified":"2025-09-23T14:58:18","modified_gmt":"2025-09-23T12:58:18","slug":"del-kirchnerismo-a-jefa-de-la-campana-de-milei-para-las-elecciones","status":"publish","type":"post","link":"https:\/\/cafeprensa.com.ar\/index.php\/2025\/09\/23\/del-kirchnerismo-a-jefa-de-la-campana-de-milei-para-las-elecciones\/","title":{"rendered":"Del kirchnerismo a jefa de la campa\u00f1a de Milei para las elecciones"},"content":{"rendered":"<div><span style=\"font-family: arial;\"><b>La actual presidenta del bloque en la Ciudad de Buenos Aires, Pilar Ram\u00edrez, est\u00e1 casada con Dar\u00edo Wasserman, vicepresidente del Banco Naci\u00f3n, y su v\u00ednculo con la secretaria General de la Presidencia, Karina Milei, se consolid\u00f3 antes de la campa\u00f1a presidencial de 2023 durante una cena a la que asistieron los hermanos Milei. <img loading=\"lazy\" decoding=\"async\" class=\"alignnone wp-image-11391 size-full\" src=\"https:\/\/cafeprensa.com.ar\/wp-content\/uploads\/2025\/09\/pilar-ramirez-2102165.webp\" alt=\"\" width=\"900\" height=\"943\" srcset=\"https:\/\/cafeprensa.com.ar\/wp-content\/uploads\/2025\/09\/pilar-ramirez-2102165.webp 900w, https:\/\/cafeprensa.com.ar\/wp-content\/uploads\/2025\/09\/pilar-ramirez-2102165-286x300.webp 286w, https:\/\/cafeprensa.com.ar\/wp-content\/uploads\/2025\/09\/pilar-ramirez-2102165-768x805.webp 768w\" sizes=\"auto, (max-width: 900px) 100vw, 900px\" \/><\/b><\/span><\/div>\n<div><span style=\"font-family: arial;\"><b>A partir de esa reuni\u00f3n, busc\u00f3 ganarse su confianza para integrarse plenamente al espacio pol\u00edtico.<\/b><\/span><\/div>\n<div><span style=\"font-family: arial;\"><b>Ahora es jefa de la campa\u00f1a nacional de La Libertad Avanza para las elecciones del 26 de octubre.<\/b><\/span><\/div>\n<p><span style=\"font-family: arial;\">All\u00ed, conocida por quienes la relatan, <strong>\u00abEl Jefe\u00bb<\/strong> Milei qued\u00f3 especialmente impresionado con Ram\u00edrez, lo que marc\u00f3 un punto de partida importante para su influencia dentro del movimiento. Desde entonces, consolid\u00f3 su rol clave en la organizaci\u00f3n, actuando como un puente entre distintas facciones y contribuyendo a la estructuraci\u00f3n pol\u00edtica.<br \/>\n<\/span><strong><span style=\"font-family: arial;\">La decisi\u00f3n de ubicar a Pilar Ram\u00edrez en el tercer lugar de la lista para la Legislatura porte\u00f1a coincidi\u00f3 con el ascenso de su relaci\u00f3n pol\u00edtica. <img loading=\"lazy\" decoding=\"async\" class=\"alignnone wp-image-11392 size-full\" src=\"https:\/\/cafeprensa.com.ar\/wp-content\/uploads\/2025\/09\/pilar-ramirez-fue-nombrada-jefa-de-la-campana-nacional-de-la-libertad-avanza-lla-2102160.webp\" alt=\"\" width=\"987\" height=\"555\" srcset=\"https:\/\/cafeprensa.com.ar\/wp-content\/uploads\/2025\/09\/pilar-ramirez-fue-nombrada-jefa-de-la-campana-nacional-de-la-libertad-avanza-lla-2102160.webp 987w, https:\/\/cafeprensa.com.ar\/wp-content\/uploads\/2025\/09\/pilar-ramirez-fue-nombrada-jefa-de-la-campana-nacional-de-la-libertad-avanza-lla-2102160-300x169.webp 300w, https:\/\/cafeprensa.com.ar\/wp-content\/uploads\/2025\/09\/pilar-ramirez-fue-nombrada-jefa-de-la-campana-nacional-de-la-libertad-avanza-lla-2102160-768x432.webp 768w, https:\/\/cafeprensa.com.ar\/wp-content\/uploads\/2025\/09\/pilar-ramirez-fue-nombrada-jefa-de-la-campana-nacional-de-la-libertad-avanza-lla-2102160-390x220.webp 390w\" sizes=\"auto, (max-width: 987px) 100vw, 987px\" \/><\/span><\/strong><\/p>\n<div><span style=\"font-family: arial;\">Ante este escenario, consolid\u00f3 su carrera pol\u00edtica despu\u00e9s de una trayectoria que incluy\u00f3 militancia en el peronismo porte\u00f1o, cargos como jefa de asesores de la senadora Mar\u00eda Laura Leguizam\u00f3n (PJ) entre 2004 y 2006, y trabaj\u00f3 en el Banco Provincia durante la gesti\u00f3n de Daniel Scioli, lo que le permiti\u00f3 ampliar su experiencia.<\/span><\/div>\n<div><strong><span style=\"font-family: arial;\">A partir de 2008, su salto m\u00e1s importante se produjo luego de la estatizaci\u00f3n de Aerol\u00edneas Argentinas, cuando fue nombrada gerenta de Publicidad y Marketing bajo la gesti\u00f3n de Mariano Recalde, manejando un presupuesto anual de 16 millones de d\u00f3lares destinado a acciones de comunicaci\u00f3n de la empresa estatal.\u00a0<\/span><\/strong><strong><span style=\"font-family: arial;\">Durante la administraci\u00f3n de Mauricio Macri en 2016, fue despedida en medio de sospechas de manejos irregulares, aunque nunca se presentaron denuncias formales, y llev\u00f3 el caso a juicio, recibiendo finalmente una compensaci\u00f3n econ\u00f3mica e indemnizaci\u00f3n.<\/span><\/strong><\/div>\n<div><span style=\"font-family: arial;\">Despu\u00e9s de esta etapa, Ram\u00edrez replante\u00f3 su actividad pol\u00edtica y se acerc\u00f3 al espacio de Karina, donde hoy ocupa un rol destacado. <img loading=\"lazy\" decoding=\"async\" class=\"alignnone wp-image-11390 size-full\" src=\"https:\/\/cafeprensa.com.ar\/wp-content\/uploads\/2025\/09\/46644_karina_milei_y_maria_del_pilar_ramirez_en_lla_2.webp\" alt=\"\" width=\"880\" height=\"494\" srcset=\"https:\/\/cafeprensa.com.ar\/wp-content\/uploads\/2025\/09\/46644_karina_milei_y_maria_del_pilar_ramirez_en_lla_2.webp 880w, https:\/\/cafeprensa.com.ar\/wp-content\/uploads\/2025\/09\/46644_karina_milei_y_maria_del_pilar_ramirez_en_lla_2-300x168.webp 300w, https:\/\/cafeprensa.com.ar\/wp-content\/uploads\/2025\/09\/46644_karina_milei_y_maria_del_pilar_ramirez_en_lla_2-768x431.webp 768w, https:\/\/cafeprensa.com.ar\/wp-content\/uploads\/2025\/09\/46644_karina_milei_y_maria_del_pilar_ramirez_en_lla_2-390x220.webp 390w\" sizes=\"auto, (max-width: 880px) 100vw, 880px\" \/><\/span><\/div>\n<div><span style=\"font-family: arial;\">Posteriormente, se convirti\u00f3 en presidenta del bloque en la Ciudad de Buenos Aires, con control estrat\u00e9gico del espacio en la Ciudad y manteniendo influencia en la Provincia sobre miembros de origen peronista; adem\u00e1s, fue se\u00f1alada por expulsar a Ramiro Marra luego de acusarlo de alinearse con el PRO de Jorge Macri.\u00a0<a href=\"https:\/\/www.perfil.com\/noticias\/politica\/maria-del-pilar-ramirez-del-kirchnerismo-a-la-mesa-nacional-de-lla.phtml\">\u00a0\/Perfil\u00a0 \u00a0\u00a0<\/a><\/span><\/div>\n<div><span style=\"font-family: arial;\"><b><u>Jefa de la campa\u00f1a nacional de LLA<\/u><\/b><\/span><\/div>\n<div><span style=\"font-family: arial;\">En medio de una compleja jornada para el Gobierno, marcada por la intervenci\u00f3n del Banco Central para calmar al d\u00f3lar y el rechazo a los vetos presidenciales en el Congreso, Javier Milei convoc\u00f3 a una reuni\u00f3n en la Quinta de Olivos con los candidatos nacionales de La Libertad Avanza (LLA) para transmitir los lineamientos claves de la campa\u00f1a y nombr\u00f3 a Pilar Ram\u00edrez como jefa de la campa\u00f1a nacional.<img loading=\"lazy\" decoding=\"async\" class=\"alignnone wp-image-11393 size-full\" src=\"https:\/\/cafeprensa.com.ar\/wp-content\/uploads\/2025\/09\/pilar-ramirez-javier-milei-manuel-adorni-y-karina-milei-2020259.webp\" alt=\"\" width=\"900\" height=\"505\" srcset=\"https:\/\/cafeprensa.com.ar\/wp-content\/uploads\/2025\/09\/pilar-ramirez-javier-milei-manuel-adorni-y-karina-milei-2020259.webp 900w, https:\/\/cafeprensa.com.ar\/wp-content\/uploads\/2025\/09\/pilar-ramirez-javier-milei-manuel-adorni-y-karina-milei-2020259-300x168.webp 300w, https:\/\/cafeprensa.com.ar\/wp-content\/uploads\/2025\/09\/pilar-ramirez-javier-milei-manuel-adorni-y-karina-milei-2020259-768x431.webp 768w, https:\/\/cafeprensa.com.ar\/wp-content\/uploads\/2025\/09\/pilar-ramirez-javier-milei-manuel-adorni-y-karina-milei-2020259-390x220.webp 390w\" sizes=\"auto, (max-width: 900px) 100vw, 900px\" \/><\/span><\/div>\n<div><span style=\"font-family: arial;\"><br \/>\nLa decisi\u00f3n de correr a Eduardo \u201cLule\u201d Menem de su rol como coordinador pol\u00edtico-electoral fue comunicada por el Presidente en una reuni\u00f3n con la mesa chica del Gobierno en Olivos.<br \/>\nLa medida llega luego de la derrota en la provincia de Buenos Aires y su vinculaci\u00f3n a un presunto esquema de coimas en la Agencia Nacional de Discapacidad (ANDIS). Adem\u00e1s, busca aliviar la feroz interna entre los Menem y el asesor presidencial Santiago Caputo.<br \/>\n<strong>A partir de ahora, Ram\u00edrez, jefa del partido libertario en la Ciudad de Buenos Aires y mano derecha de Karina Milei en el territorio porte\u00f1o, enviar\u00e1 las directivas electorales a todos los jefes de campa\u00f1a provinciales. <\/strong><strong>La legisladora porte\u00f1a tambi\u00e9n es cercana a Caputo, con quien trabaj\u00f3 como jefa de campa\u00f1a durante las elecciones en la Ciudad que llevaron a Manuel Adorni como candidato y le dieron al oficialismo su \u00fanico triunfo del a\u00f1o. Por eso, en el oficialismo creen que su empoderamiento podr\u00eda reducir tensiones en la c\u00fapula libertaria y reordenar la estrategia electoral.<\/strong><br \/>\nTras la confirmaci\u00f3n de Ram\u00edrez al mando de la campa\u00f1a nacional, distintos actores pol\u00edticos reaccionaron y apuntaron contra la legisladora por sus supuestas vinculaciones con La C\u00e1mpora. La jefa del bloque libertario en la Legislatura asumi\u00f3 como gerente de Publicidad y Marketing de Aerol\u00edneas Argentinas en 2008, donde forj\u00f3 un v\u00ednculo con el camporista Mariano Recalde, con quien trabaj\u00f3 hasta 2015.<br \/>\nMar\u00eda Eugenia Talerico, candidata a diputada nacional por Potencia, comparti\u00f3 una foto que circula y que muestra a la flamante coordinadora pol\u00edtica del oficialismo con una remera de la agrupaci\u00f3n kirchnerista. Sin embargo, Ram\u00edrez desminti\u00f3 la acusaci\u00f3n:<strong> \u201cEsa no soy yo\u201d,<\/strong> escribi\u00f3 en redes.<\/span><\/div>\n<div><span style=\"font-family: arial;\"><br \/>\nQuien tambi\u00e9n cuestion\u00f3 a Ram\u00edrez fue Ramiro Marra, que expres\u00f3: \u201c\u00bfEST\u00c1N SEGUROS? Miren que yo la conozco muy bien\u201d. El legislador hab\u00eda disputado con ella la presidencia del bloque libertario y, en el intento, termin\u00f3 expulsado de La Libertad Avanza por orden de Karina Milei.\u00a0 <a href=\"https:\/\/www.perfil.com\/noticias\/politica\/movimientos-en-la-campana-javier-milei-desplazo-a-lule-menem-y-empodero-pilar-ramirez-como-coordinadora.phtml\">\/Perfil\u00a0 \u00a0\u00a0<\/a><\/span><\/div>\n","protected":false},"excerpt":{"rendered":"<p>La actual presidenta del bloque en la Ciudad de Buenos Aires, Pilar Ram\u00edrez, est\u00e1 casada con Dar\u00edo Wasserman, vicepresidente del Banco Naci\u00f3n, y su v\u00ednculo con la secretaria General de la Presidencia, Karina Milei, se consolid\u00f3 antes de la campa\u00f1a presidencial de 2023 durante una cena a la que asistieron los hermanos Milei. A partir &hellip;<\/p>\n","protected":false},"author":2,"featured_media":11392,"comment_status":"open","ping_status":"open","sticky":false,"template":"","format":"standard","meta":{"footnotes":""},"categories":[33,25],"tags":[2525,2524],"class_list":["post-11389","post","type-post","status-publish","format-standard","has-post-thumbnail","hentry","category-nacionales","category-politica","tag-dario-wasserman","tag-pilar-ramirez"],"_links":{"self":[{"href":"https:\/\/cafeprensa.com.ar\/index.php\/wp-json\/wp\/v2\/posts\/11389","targetHints":{"allow":["GET"]}}],"collection":[{"href":"https:\/\/cafeprensa.com.ar\/index.php\/wp-json\/wp\/v2\/posts"}],"about":[{"href":"https:\/\/cafeprensa.com.ar\/index.php\/wp-json\/wp\/v2\/types\/post"}],"author":[{"embeddable":true,"href":"https:\/\/cafeprensa.com.ar\/index.php\/wp-json\/wp\/v2\/users\/2"}],"replies":[{"embeddable":true,"href":"https:\/\/cafeprensa.com.ar\/index.php\/wp-json\/wp\/v2\/comments?post=11389"}],"version-history":[{"count":1,"href":"https:\/\/cafeprensa.com.ar\/index.php\/wp-json\/wp\/v2\/posts\/11389\/revisions"}],"predecessor-version":[{"id":11394,"href":"https:\/\/cafeprensa.com.ar\/index.php\/wp-json\/wp\/v2\/posts\/11389\/revisions\/11394"}],"wp:featuredmedia":[{"embeddable":true,"href":"https:\/\/cafeprensa.com.ar\/index.php\/wp-json\/wp\/v2\/media\/11392"}],"wp:attachment":[{"href":"https:\/\/cafeprensa.com.ar\/index.php\/wp-json\/wp\/v2\/media?parent=11389"}],"wp:term":[{"taxonomy":"category","embeddable":true,"href":"https:\/\/cafeprensa.com.ar\/index.php\/wp-json\/wp\/v2\/categories?post=11389"},{"taxonomy":"post_tag","embeddable":true,"href":"https:\/\/cafeprensa.com.ar\/index.php\/wp-json\/wp\/v2\/tags?post=11389"}],"curies":[{"name":"wp","href":"https:\/\/api.w.org\/{rel}","templated":true}]}}