{"id":11480,"date":"2025-09-26T15:59:26","date_gmt":"2025-09-26T13:59:26","guid":{"rendered":"https:\/\/cafeprensa.com.ar\/?p=11480"},"modified":"2025-09-26T15:59:26","modified_gmt":"2025-09-26T13:59:26","slug":"primeras-imagenes-de-los-poderosos-cazas-f-16-que-compro-argentina-cuando-llegan-al-pais","status":"publish","type":"post","link":"https:\/\/cafeprensa.com.ar\/index.php\/2025\/09\/26\/primeras-imagenes-de-los-poderosos-cazas-f-16-que-compro-argentina-cuando-llegan-al-pais\/","title":{"rendered":"Primeras im\u00e1genes de los poderosos cazas F-16 que compr\u00f3 Argentina: \u00bfCu\u00e1ndo llegan al pa\u00eds?"},"content":{"rendered":"<div class=\"article__header max-width-md\">\n<p class=\"article__headline\">Una vez en suelo argentino, comenzar\u00e1 el proceso de transici\u00f3n operativa, incluyendo entrenamiento de pilotos e instructores con simuladores avanzados como el GBTS y sistema Entrenador de Preparaci\u00f3n Avanzada Desplegable (DART). El primer lote de seis<a href=\"https:\/\/www.perfil.com\/noticias\/politica\/la-fuerza-aerea-argentina-capacito-mecanicos-en-eeuu-para-operar-los-aviones-f-16.phtml\" target=\"_blank\" rel=\"noopener\"><strong>\u00a0aviones<\/strong>\u00a0de caza<strong>\u00a0F-16<\/strong><\/a>\u00a0ya se encuentran pintados y cuentan con la insignia de la<a href=\"https:\/\/www.perfil.com\/noticias\/politica\/la-fuerza-aerea-argentina-inaugura-su-nuevo-centro-de-simulacion-de-simulacion-tactica-para-el-avion-f-16.phtml\" target=\"_blank\" rel=\"noopener\"><strong>\u00a0Fuerza A\u00e9rea Argentina<\/strong><\/a>.<\/p>\n<p class=\"article__headline\">Se trata de cuatro unidades biplazas y dos monoplazas, que fueron preparados en la base a\u00e9rea de la localidad danesa de Aalborg y su arribo al territorio nacional est\u00e1 previsto para principios de<strong>\u00a0diciembre del 2025<\/strong>. Su primer destino ser\u00e1 el \u00c1rea Material de R\u00edo Cuarto en la provincia de C\u00f3rdoba. A trav\u00e9s de esta adquisici\u00f3n las <strong>Fuerzas Armadas<\/strong>\u00a0recuperar\u00e1n la capacidad de intercepci\u00f3n supers\u00f3nica, tras la baja de la unidades Mirage en el a\u00f1o 2015, en el marco del proyecto \u201cPeace Condor\u201d, que comprende la adquisici\u00f3n e incorporaci\u00f3n de 24 aeronaves<strong>\u00a0F-16A\/B MLU Block<\/strong>.<img loading=\"lazy\" decoding=\"async\" class=\"alignnone wp-image-11482 size-large\" src=\"https:\/\/cafeprensa.com.ar\/wp-content\/uploads\/2025\/09\/DEF_F-16_-16-1-1024x585.jpeg\" alt=\"\" width=\"1024\" height=\"585\" srcset=\"https:\/\/cafeprensa.com.ar\/wp-content\/uploads\/2025\/09\/DEF_F-16_-16-1-1024x585.jpeg 1024w, https:\/\/cafeprensa.com.ar\/wp-content\/uploads\/2025\/09\/DEF_F-16_-16-1-300x171.jpeg 300w, https:\/\/cafeprensa.com.ar\/wp-content\/uploads\/2025\/09\/DEF_F-16_-16-1-768x439.jpeg 768w, https:\/\/cafeprensa.com.ar\/wp-content\/uploads\/2025\/09\/DEF_F-16_-16-1.jpeg 1500w\" sizes=\"auto, (max-width: 1024px) 100vw, 1024px\" \/><\/p>\n<\/div>\n<div class=\"col-fluid col-fluid-max col-fluid--clip\">\n<div class=\"article__main max-width-md\">\n<div class=\"article__wrapper\">\n<div id=\"article-content\" class=\"article__content standard\">\n<p class=\"destacadoNota\"><a href=\"https:\/\/www.perfil.com\/noticias\/politica\/ascensos-militares-el-gobierno-reclama-al-senado-que-acelere-su-aprobacion.phtml\" target=\"_blank\" rel=\"noopener\">Ascensos militares: el Gobierno reclama al Senado que acelere su aprobaci\u00f3n<\/a><\/p>\n<p>Una vez en suelo argentino, comenzar\u00e1 el proceso de transici\u00f3n operativa, incluyendo entrenamiento de pilotos e instructores con simuladores avanzados como el GBTS y sistema Entrenador de Preparaci\u00f3n Avanzada Desplegable (DART).<\/p>\n<p>El traslado ser\u00e1 realizado por v\u00eda a\u00e9rea, acompa\u00f1ado por aviones cisterna KC-135R y un C-130 H\u00e9rcules de apoyo log\u00edstico. La operaci\u00f3n para trasladar estos aviones desde Dinamarca a la Argentina est\u00e1 en planificaci\u00f3n avanzada. El vuelo de ferry planificado se realizar\u00e1 con acompa\u00f1amiento a\u00e9reo de reabastecedores KC-135R y soporte log\u00edstico con un C-130 H\u00e9rcules de la FAA, con la llegada prevista a la base \u00c1rea Material R\u00edo IV.<\/p>\n<p>Por primera vez, se incorporar\u00e1 armamento guiado de precisi\u00f3n, incluyendo misiles 120 AIM AMRAAM y bombas Paveway II.<\/p>\n<p><strong>Equipamiento del avi\u00f3n de caza F-16<\/strong><\/p>\n<p>Equipado con un ca\u00f1o rotativo M61 Vulcan de 20 mm y la capacidad de transportar una amplia variedad de armamento, que incluye misiles aire-aire, misiles aire-superficie, bombas guiadas y cohetes, el\u00a0<strong>avi\u00f3n F-16<\/strong>\u00a0es una plataforma vers\u00e1til para una diversidad de misiones de combate.<\/p>\n<div>\n<figure class=\"image pointer\" data-order=\"2\"><picture><source srcset=\"https:\/\/fotos.perfil.com\/\/2025\/09\/25\/440\/0\/avion-f-16-argentina-25092025-2105824.jpg?webp\" media=\"(max-width: 440px)\" \/><source srcset=\"https:\/\/fotos.perfil.com\/\/2025\/09\/25\/712\/0\/avion-f-16-argentina-25092025-2105824.jpg?webp\" media=\"(max-width: 1019px)\" \/><img loading=\"lazy\" decoding=\"async\" src=\"https:\/\/fotos.perfil.com\/\/2025\/09\/25\/900\/0\/avion-f-16-argentina-25092025-2105824.jpg?webp\" alt=\"Avi\u00f3n F-16 Argentina 25092025\" width=\"1300\" height=\"730\" \/><\/picture><figcaption><strong>Avi\u00f3n de caza F-16<\/strong><\/figcaption><\/figure>\n<\/div>\n<p><strong><span style=\"font-size: 8pt;\">Dentro de su capacidad armament\u00edstica cuenta con un sistema TER-9\/A, que permite almacenar un proyectil de hasta 453 kilogramos, en cada una de sus estaciones.<\/span><\/strong><\/p>\n<p>Dicho mecanismo, les permite a los pilotos contar con diversidad de acciones a la hora de la ejecuci\u00f3n operacional: pueden elegir disparar los tres de forma simult\u00e1nea, de forma sincronizada o incluso, uno solo de ellos.<\/p>\n<\/div>\n<\/div>\n<\/div>\n<\/div>\n","protected":false},"excerpt":{"rendered":"<p>Una vez en suelo argentino, comenzar\u00e1 el proceso de transici\u00f3n operativa, incluyendo entrenamiento de pilotos e instructores con simuladores avanzados como el GBTS y sistema Entrenador de Preparaci\u00f3n Avanzada Desplegable (DART). El primer lote de seis\u00a0aviones\u00a0de caza\u00a0F-16\u00a0ya se encuentran pintados y cuentan con la insignia de la\u00a0Fuerza A\u00e9rea Argentina. Se trata de cuatro unidades biplazas &hellip;<\/p>\n","protected":false},"author":2,"featured_media":11483,"comment_status":"open","ping_status":"open","sticky":false,"template":"","format":"standard","meta":{"footnotes":""},"categories":[54,33],"tags":[2539],"class_list":["post-11480","post","type-post","status-publish","format-standard","has-post-thumbnail","hentry","category-interes-ganeral","category-nacionales","tag-cazas-f-16"],"_links":{"self":[{"href":"https:\/\/cafeprensa.com.ar\/index.php\/wp-json\/wp\/v2\/posts\/11480","targetHints":{"allow":["GET"]}}],"collection":[{"href":"https:\/\/cafeprensa.com.ar\/index.php\/wp-json\/wp\/v2\/posts"}],"about":[{"href":"https:\/\/cafeprensa.com.ar\/index.php\/wp-json\/wp\/v2\/types\/post"}],"author":[{"embeddable":true,"href":"https:\/\/cafeprensa.com.ar\/index.php\/wp-json\/wp\/v2\/users\/2"}],"replies":[{"embeddable":true,"href":"https:\/\/cafeprensa.com.ar\/index.php\/wp-json\/wp\/v2\/comments?post=11480"}],"version-history":[{"count":1,"href":"https:\/\/cafeprensa.com.ar\/index.php\/wp-json\/wp\/v2\/posts\/11480\/revisions"}],"predecessor-version":[{"id":11484,"href":"https:\/\/cafeprensa.com.ar\/index.php\/wp-json\/wp\/v2\/posts\/11480\/revisions\/11484"}],"wp:featuredmedia":[{"embeddable":true,"href":"https:\/\/cafeprensa.com.ar\/index.php\/wp-json\/wp\/v2\/media\/11483"}],"wp:attachment":[{"href":"https:\/\/cafeprensa.com.ar\/index.php\/wp-json\/wp\/v2\/media?parent=11480"}],"wp:term":[{"taxonomy":"category","embeddable":true,"href":"https:\/\/cafeprensa.com.ar\/index.php\/wp-json\/wp\/v2\/categories?post=11480"},{"taxonomy":"post_tag","embeddable":true,"href":"https:\/\/cafeprensa.com.ar\/index.php\/wp-json\/wp\/v2\/tags?post=11480"}],"curies":[{"name":"wp","href":"https:\/\/api.w.org\/{rel}","templated":true}]}}