{"id":11503,"date":"2025-09-29T14:01:09","date_gmt":"2025-09-29T12:01:09","guid":{"rendered":"https:\/\/cafeprensa.com.ar\/?p=11503"},"modified":"2025-09-29T14:01:09","modified_gmt":"2025-09-29T12:01:09","slug":"jorge-mukdise-a-scioli-sos-una-verguenza-la-peor-gestion-turistica-de-la-historia","status":"publish","type":"post","link":"https:\/\/cafeprensa.com.ar\/index.php\/2025\/09\/29\/jorge-mukdise-a-scioli-sos-una-verguenza-la-peor-gestion-turistica-de-la-historia\/","title":{"rendered":"Jorge Mukdise a Scioli: \u00abSos una verg\u00fcenza, la peor gesti\u00f3n tur\u00edstica de la historia\u00bb"},"content":{"rendered":"<p>El intendente municipal de Termas de Rio Hondo , Jorge Mukdise mantuvo un momento de tensi\u00f3n con el secretario de Turismo de la Naci\u00f3n, Daniel Scioli, cuando este visit\u00f3 el stand de Santiago del Estero en la Feria Internacional de Turismo de Latinoamericana 2025 (FIT) que se desarrolla en el predio Ferial de Palermo en la Ciudad Aut\u00f3noma de Buenos Aires.<\/p>\n<p><img loading=\"lazy\" decoding=\"async\" class=\"alignnone wp-image-11506\" src=\"https:\/\/cafeprensa.com.ar\/wp-content\/uploads\/2025\/09\/SDFS.jpeg\" alt=\"\" width=\"700\" height=\"466\" \/><\/p>\n<p>El jefe comunal expres\u00f3: <strong>\u00abLa verdad que no deseaba estar en el stand cuando pasara el secretario de Turismo de la Naci\u00f3n, y cuando vi que se acercaba no quer\u00eda que se saque una foto con Las Termas porque como destino nunca nos ayud\u00f3 desde que est\u00e1 en la cartera de Turismo de la Naci\u00f3n\u00bb.<\/strong><\/p>\n<p>ALUMNOS DE TRES CRUCES Y CASHICO VISITARON LA SEDE MUNICIPAL TERMENSE.<\/p>\n<p>Pudieron recorrer la ciudad termal, donde visitaron sus diferentes atractivos tur\u00edsticos y lugares emblem\u00e1ticos.<br \/>\nMUKDISE: <strong>\u00abCUANDO NOS UNIMOS, NUESTRA CIUDAD BRILLA M\u00c1S FUERTE\u00bb<\/strong><\/p>\n<p>Las propuestas siguen con las Olimpiadas Estudiantiles, el Marat\u00f3n Cultural y los proyectos Baile y Tem\u00e1tica libre.<br \/>\nLuego ampli\u00f3: <strong>\u00abY cuando se acerc\u00f3 al stand reaccion\u00e9 dici\u00e9ndole no ten\u00e9s derecho a estar aqu\u00ed, es una verg\u00fcenza, sos la peor gesti\u00f3n tur\u00edstica de la historia. Reconozco que me exacerb\u00e9, lo vi muy suelto me puso muy mal su presencia porque desde que est\u00e1 al frente de la cartera de Turismo no hizo nada por nuestro destino tur\u00edstico termal y le dije que visite otras provincias\u00bb.<img loading=\"lazy\" decoding=\"async\" class=\"alignnone wp-image-11504 size-large\" src=\"https:\/\/cafeprensa.com.ar\/wp-content\/uploads\/2025\/09\/G19oqUGWUAA6kz3-576x1024.jpeg\" alt=\"\" width=\"576\" height=\"1024\" srcset=\"https:\/\/cafeprensa.com.ar\/wp-content\/uploads\/2025\/09\/G19oqUGWUAA6kz3-576x1024.jpeg 576w, https:\/\/cafeprensa.com.ar\/wp-content\/uploads\/2025\/09\/G19oqUGWUAA6kz3-169x300.jpeg 169w, https:\/\/cafeprensa.com.ar\/wp-content\/uploads\/2025\/09\/G19oqUGWUAA6kz3-768x1365.jpeg 768w, https:\/\/cafeprensa.com.ar\/wp-content\/uploads\/2025\/09\/G19oqUGWUAA6kz3-864x1536.jpeg 864w, https:\/\/cafeprensa.com.ar\/wp-content\/uploads\/2025\/09\/G19oqUGWUAA6kz3.jpeg 900w\" sizes=\"auto, (max-width: 576px) 100vw, 576px\" \/><\/strong><\/p>\n<p>Cabe destacar que Las Termas se encuentra promocionando sus bondades y atractivos en la FIT 2025 que se inici\u00f3 el s\u00e1bado 27 del corriente mes y finalizar\u00e1 ma\u00f1ana.<\/p>\n<p>La Feria Internacional de Turismo es el punto de encuentro para los operadores y actores del sector tur\u00edsticos siendo un espacio donde se construyen oportunidades de negocio, se crean alianzas estrat\u00e9gicas y se proyecta el futuro del sector.<\/p>\n<p>Gestiones<\/p>\n<p><strong>Como secretario de Deportes y Turismo de la Naci\u00f3n del gobierno de Javier Milei, Daniel Scioli realiz\u00f3 gestiones para llevar el MotoGP y la F\u00f3rmula 1 a la Ciudad de Buenos Aires.<\/strong><\/p>\n<p><strong>Meses atr\u00e1s, se confirm\u00f3 que la fecha del MotoGP de la Rep\u00fablica Argentina se trasladar\u00e1 finalmente a Caba y que se disputar\u00e1 a partir 2027 en el circuito Oscar y Juan G\u00e1lvez.<\/strong> De esta manera, la categor\u00eda mundial dej\u00f3 la ciudad de Las Termas a la que arrib\u00f3 en el a\u00f1o 2014, cuando se disput\u00f3 la primera edici\u00f3n de esta competencia en el circuito internacional de R\u00edo Hondo.<\/p>\n<p><span style=\"font-size: 8pt;\"><strong>Fuente: El Liberal<\/strong><\/span><br \/>\n<span style=\"font-size: 8pt;\"><strong>https:\/\/www.elliberal.com.ar\/nota\/59901\/2025\/09\/jorge-mukdise-a-scioli&#8211;sos-una-verguenza-la-peor-gestion-turistica-de-la-historia<\/strong><\/span><\/p>\n","protected":false},"excerpt":{"rendered":"<p>El intendente municipal de Termas de Rio Hondo , Jorge Mukdise mantuvo un momento de tensi\u00f3n con el secretario de Turismo de la Naci\u00f3n, Daniel Scioli, cuando este visit\u00f3 el stand de Santiago del Estero en la Feria Internacional de Turismo de Latinoamericana 2025 (FIT) que se desarrolla en el predio Ferial de Palermo en &hellip;<\/p>\n","protected":false},"author":2,"featured_media":11507,"comment_status":"open","ping_status":"open","sticky":false,"template":"","format":"standard","meta":{"footnotes":""},"categories":[34,170],"tags":[2547,529],"class_list":["post-11503","post","type-post","status-publish","format-standard","has-post-thumbnail","hentry","category-locales","category-turismo","tag-jorge-mukdise","tag-scioli"],"_links":{"self":[{"href":"https:\/\/cafeprensa.com.ar\/index.php\/wp-json\/wp\/v2\/posts\/11503","targetHints":{"allow":["GET"]}}],"collection":[{"href":"https:\/\/cafeprensa.com.ar\/index.php\/wp-json\/wp\/v2\/posts"}],"about":[{"href":"https:\/\/cafeprensa.com.ar\/index.php\/wp-json\/wp\/v2\/types\/post"}],"author":[{"embeddable":true,"href":"https:\/\/cafeprensa.com.ar\/index.php\/wp-json\/wp\/v2\/users\/2"}],"replies":[{"embeddable":true,"href":"https:\/\/cafeprensa.com.ar\/index.php\/wp-json\/wp\/v2\/comments?post=11503"}],"version-history":[{"count":1,"href":"https:\/\/cafeprensa.com.ar\/index.php\/wp-json\/wp\/v2\/posts\/11503\/revisions"}],"predecessor-version":[{"id":11508,"href":"https:\/\/cafeprensa.com.ar\/index.php\/wp-json\/wp\/v2\/posts\/11503\/revisions\/11508"}],"wp:featuredmedia":[{"embeddable":true,"href":"https:\/\/cafeprensa.com.ar\/index.php\/wp-json\/wp\/v2\/media\/11507"}],"wp:attachment":[{"href":"https:\/\/cafeprensa.com.ar\/index.php\/wp-json\/wp\/v2\/media?parent=11503"}],"wp:term":[{"taxonomy":"category","embeddable":true,"href":"https:\/\/cafeprensa.com.ar\/index.php\/wp-json\/wp\/v2\/categories?post=11503"},{"taxonomy":"post_tag","embeddable":true,"href":"https:\/\/cafeprensa.com.ar\/index.php\/wp-json\/wp\/v2\/tags?post=11503"}],"curies":[{"name":"wp","href":"https:\/\/api.w.org\/{rel}","templated":true}]}}